{"id":4728,"date":"2014-03-25T14:20:31","date_gmt":"2014-03-25T19:20:31","guid":{"rendered":"http:\/\/209.133.219.102\/~newunicas\/blog\/2014\/03\/25\/rescate-animal-perro-abandonado-transformacion\/"},"modified":"2019-01-10T21:34:21","modified_gmt":"2019-01-11T02:34:21","slug":"rescate-animal-perro-abandonado-transformacion","status":"publish","type":"post","link":"https:\/\/www.unicas.pe\/blog\/rescate-animal-perro-abandonado-transformacion\/","title":{"rendered":"Rescate animal: Conoce la incre\u00edble transformaci\u00f3n de un perro vagabundo"},"content":{"rendered":"<p>Rasta es un perrito de 8 kilos. En realidad su peso original es de 4 kilos. El abandono de sus due\u00f1os hizo que el pelo de esta mascota crezca hasta cubrirlo por completo.<\/p>\n<p>  <!--more-->  <\/p>\n<p>\u00a0<\/p>\n<p>Aunque su apariencia dice todo lo contrario, <strong>Rasta<\/strong> es una mascota de tan solo 4 kilos de peso. <strong>La Sociedad Protectora de Animales de Quebec<\/strong>, lo encontr\u00f3 abandonado en un bosque en esta lamentable situaci\u00f3n. Ahora veamos c\u00f3mo qued\u00f3 luego de ser rescatado.<\/p>\n<p><img class=\" size-full wp-image-4718\" style=\"display: block; margin-left: auto; margin-right: auto;\" src=\"http:\/\/209.133.219.102\/~newunicas\/blog\/wp-content\/uploads\/2014\/03\/foto1rasta.jpg\" alt=\"\" width=\"600\" srcset=\"https:\/\/www.unicas.pe\/blog\/wp-content\/uploads\/2014\/03\/foto1rasta.jpg 650w, https:\/\/www.unicas.pe\/blog\/wp-content\/uploads\/2014\/03\/foto1rasta-300x172.jpg 300w, https:\/\/www.unicas.pe\/blog\/wp-content\/uploads\/2014\/03\/foto1rasta-648x373.jpg 648w\" sizes=\"(max-width: 650px) 100vw, 650px\" \/><\/p>\n<p>Este es un peque\u00f1o perrito, de tan solo cuatro kilos. Aunque su apariencia dice todo lo contrario, el perro fue rescatado por la Sociedad Protectora de Animales de Quebec y le pusieron de nombre <strong>Rasta<\/strong>.\u00a0<\/p>\n<p><img class=\" size-full wp-image-4719\" style=\"display: block; margin-left: auto; margin-right: auto;\" src=\"http:\/\/209.133.219.102\/~newunicas\/blog\/wp-content\/uploads\/2014\/03\/foto2rasta.jpg\" alt=\"\" width=\"600\" srcset=\"https:\/\/www.unicas.pe\/blog\/wp-content\/uploads\/2014\/03\/foto2rasta.jpg 650w, https:\/\/www.unicas.pe\/blog\/wp-content\/uploads\/2014\/03\/foto2rasta-300x172.jpg 300w, https:\/\/www.unicas.pe\/blog\/wp-content\/uploads\/2014\/03\/foto2rasta-648x373.jpg 648w\" sizes=\"(max-width: 650px) 100vw, 650px\" \/><\/p>\n<p>El can fue hallado en un \u00e1rea boscosa de Canad\u00e1.Ten\u00eda varios kilos de pelo enmara\u00f1ado en todo su cuerpo.<\/p>\n<p><img class=\" size-full wp-image-4720\" style=\"display: block; margin-left: auto; margin-right: auto;\" src=\"http:\/\/209.133.219.102\/~newunicas\/blog\/wp-content\/uploads\/2014\/03\/foto3rasta.jpg\" alt=\"\" width=\"600\" srcset=\"https:\/\/www.unicas.pe\/blog\/wp-content\/uploads\/2014\/03\/foto3rasta.jpg 650w, https:\/\/www.unicas.pe\/blog\/wp-content\/uploads\/2014\/03\/foto3rasta-300x172.jpg 300w, https:\/\/www.unicas.pe\/blog\/wp-content\/uploads\/2014\/03\/foto3rasta-648x373.jpg 648w\" sizes=\"(max-width: 650px) 100vw, 650px\" \/><\/p>\n<p>Denys Pelletier, director general sociedad protectora, dijo que este perro ten\u00eda cerca de\u00a010 a\u00f1os de edad.<\/p>\n<p><img class=\" size-full wp-image-4721\" style=\"display: block; margin-left: auto; margin-right: auto;\" src=\"http:\/\/209.133.219.102\/~newunicas\/blog\/wp-content\/uploads\/2014\/03\/foto4rasta.jpg\" alt=\"\" width=\"600\" srcset=\"https:\/\/www.unicas.pe\/blog\/wp-content\/uploads\/2014\/03\/foto4rasta.jpg 650w, https:\/\/www.unicas.pe\/blog\/wp-content\/uploads\/2014\/03\/foto4rasta-300x172.jpg 300w, https:\/\/www.unicas.pe\/blog\/wp-content\/uploads\/2014\/03\/foto4rasta-648x373.jpg 648w\" sizes=\"(max-width: 650px) 100vw, 650px\" \/><\/p>\n<p>La Sociedad Protectora de Animales de Quebec, sostuvo que <strong>Rasta<\/strong> hab\u00eda sido <strong>abandonado<\/strong> por varios meses.<\/p>\n<p><img class=\" size-full wp-image-4722\" style=\"display: block; margin-left: auto; margin-right: auto;\" src=\"http:\/\/209.133.219.102\/~newunicas\/blog\/wp-content\/uploads\/2014\/03\/foto5rasta.jpg\" alt=\"\" width=\"600\" srcset=\"https:\/\/www.unicas.pe\/blog\/wp-content\/uploads\/2014\/03\/foto5rasta.jpg 650w, https:\/\/www.unicas.pe\/blog\/wp-content\/uploads\/2014\/03\/foto5rasta-226x300.jpg 226w, https:\/\/www.unicas.pe\/blog\/wp-content\/uploads\/2014\/03\/foto5rasta-317x420.jpg 317w, https:\/\/www.unicas.pe\/blog\/wp-content\/uploads\/2014\/03\/foto5rasta-634x840.jpg 634w\" sizes=\"(max-width: 650px) 100vw, 650px\" \/><\/p>\n<p>Estaba completamente cubierto en pelo enmara\u00f1ado y barro.<\/p>\n<p><img class=\" size-full wp-image-4723\" style=\"display: block; margin-left: auto; margin-right: auto;\" src=\"http:\/\/209.133.219.102\/~newunicas\/blog\/wp-content\/uploads\/2014\/03\/foto6rasta.jpg\" alt=\"\" width=\"600\" srcset=\"https:\/\/www.unicas.pe\/blog\/wp-content\/uploads\/2014\/03\/foto6rasta.jpg 650w, https:\/\/www.unicas.pe\/blog\/wp-content\/uploads\/2014\/03\/foto6rasta-225x300.jpg 225w, https:\/\/www.unicas.pe\/blog\/wp-content\/uploads\/2014\/03\/foto6rasta-315x420.jpg 315w, https:\/\/www.unicas.pe\/blog\/wp-content\/uploads\/2014\/03\/foto6rasta-630x840.jpg 630w\" sizes=\"(max-width: 650px) 100vw, 650px\" \/><\/p>\n<p>La Sociedad Protectora de Animales se\u00f1al\u00f3 que tuvo que trabajar con el can durante tres horas para quitarle todo el pelo.<\/p>\n<p><img class=\" size-full wp-image-4724\" style=\"display: block; margin-left: auto; margin-right: auto;\" src=\"http:\/\/209.133.219.102\/~newunicas\/blog\/wp-content\/uploads\/2014\/03\/foto7rasta.jpg\" alt=\"\" width=\"600\" srcset=\"https:\/\/www.unicas.pe\/blog\/wp-content\/uploads\/2014\/03\/foto7rasta.jpg 650w, https:\/\/www.unicas.pe\/blog\/wp-content\/uploads\/2014\/03\/foto7rasta-300x172.jpg 300w, https:\/\/www.unicas.pe\/blog\/wp-content\/uploads\/2014\/03\/foto7rasta-648x373.jpg 648w\" sizes=\"(max-width: 650px) 100vw, 650px\" \/><\/p>\n<p>Vemos como personal de la Sociedad Protectora hace los \u00faltimos cortes a <strong>Rasta<\/strong>, que se libr\u00f3 de varios kilos de pelo.<\/p>\n<p><img class=\" size-full wp-image-4725\" style=\"display: block; margin-left: auto; margin-right: auto;\" src=\"http:\/\/209.133.219.102\/~newunicas\/blog\/wp-content\/uploads\/2014\/03\/foto8rasta.jpg\" alt=\"\" width=\"600\" srcset=\"https:\/\/www.unicas.pe\/blog\/wp-content\/uploads\/2014\/03\/foto8rasta.jpg 650w, https:\/\/www.unicas.pe\/blog\/wp-content\/uploads\/2014\/03\/foto8rasta-225x300.jpg 225w, https:\/\/www.unicas.pe\/blog\/wp-content\/uploads\/2014\/03\/foto8rasta-316x420.jpg 316w, https:\/\/www.unicas.pe\/blog\/wp-content\/uploads\/2014\/03\/foto8rasta-631x840.jpg 631w\" sizes=\"(max-width: 650px) 100vw, 650px\" \/><\/p>\n<p><strong>Rasta<\/strong> antes de ser intervenido con las tijeras pesaba 8 kilos.<\/p>\n<p><img class=\" size-full wp-image-4726\" style=\"display: block; margin-left: auto; margin-right: auto;\" src=\"http:\/\/209.133.219.102\/~newunicas\/blog\/wp-content\/uploads\/2014\/03\/foto9rasta.jpg\" alt=\"\" width=\"600\" srcset=\"https:\/\/www.unicas.pe\/blog\/wp-content\/uploads\/2014\/03\/foto9rasta.jpg 650w, https:\/\/www.unicas.pe\/blog\/wp-content\/uploads\/2014\/03\/foto9rasta-300x172.jpg 300w, https:\/\/www.unicas.pe\/blog\/wp-content\/uploads\/2014\/03\/foto9rasta-648x373.jpg 648w\" sizes=\"(max-width: 650px) 100vw, 650px\" \/><\/p>\n<p>Despu\u00e9s del cambio extremos solo pesaba 4 kilos. Una gran transformaci\u00f3n.<\/p>\n<p><img class=\" size-full wp-image-4727\" style=\"display: block; margin-left: auto; margin-right: auto;\" src=\"http:\/\/209.133.219.102\/~newunicas\/blog\/wp-content\/uploads\/2014\/03\/foto10rasta.jpg\" alt=\"\" width=\"600\" srcset=\"https:\/\/www.unicas.pe\/blog\/wp-content\/uploads\/2014\/03\/foto10rasta.jpg 650w, https:\/\/www.unicas.pe\/blog\/wp-content\/uploads\/2014\/03\/foto10rasta-300x172.jpg 300w, https:\/\/www.unicas.pe\/blog\/wp-content\/uploads\/2014\/03\/foto10rasta-648x373.jpg 648w\" sizes=\"(max-width: 650px) 100vw, 650px\" \/><\/p>\n<p>La Sociedad Protectora de Quebec, Canad\u00e1, siempre recordar\u00e1 a este peculiar perrito, adi\u00f3s Rasta.<\/p>\n","protected":false},"excerpt":{"rendered":"<p>Rasta es un perrito de 8 kilos. En realidad su peso original es de 4 kilos. El abandono de sus due\u00f1os hizo que el pelo de esta mascota crezca hasta cubrirlo por completo.<\/p>\n","protected":false},"author":1,"featured_media":4718,"comment_status":"closed","ping_status":"open","sticky":false,"template":"","format":"standard","meta":[],"categories":[44],"tags":[5848,3256,5849,3564,71,5843,3443,1706,69,5845,2459,5847,5842,5844,5852,5850,5851],"yoast_head":"<!-- This site is optimized with the Yoast SEO plugin v16.0.2 - https:\/\/yoast.com\/wordpress\/plugins\/seo\/ -->\n<link rel=\"canonical\" href=\"https:\/\/www.unicas.pe\/blog\/rescate-animal-perro-abandonado-transformacion\/\" \/>\n<meta property=\"og:locale\" content=\"es_ES\" \/>\n<meta property=\"og:type\" content=\"article\" \/>\n<meta property=\"og:title\" content=\"Rescate animal: Conoce la incre\u00edble transformaci\u00f3n de un perro vagabundo - Unicas\" \/>\n<meta property=\"og:description\" content=\"Rasta es un perrito de 8 kilos. En realidad su peso original es de 4 kilos. El abandono de sus due\u00f1os hizo que el pelo de esta mascota crezca hasta cubrirlo por completo.\" \/>\n<meta property=\"og:url\" content=\"https:\/\/www.unicas.pe\/blog\/rescate-animal-perro-abandonado-transformacion\/\" \/>\n<meta property=\"og:site_name\" content=\"Unicas\" \/>\n<meta property=\"article:published_time\" content=\"2014-03-25T19:20:31+00:00\" \/>\n<meta property=\"article:modified_time\" content=\"2019-01-11T02:34:21+00:00\" \/>\n<meta property=\"og:image\" content=\"https:\/\/www.unicas.pe\/blog\/wp-content\/uploads\/2014\/03\/foto1rasta.jpg\" \/>\n\t<meta property=\"og:image:width\" content=\"650\" \/>\n\t<meta property=\"og:image:height\" content=\"373\" \/>\n<meta name=\"twitter:card\" content=\"summary_large_image\" \/>\n<meta name=\"twitter:label1\" content=\"Tiempo de lectura\">\n\t<meta name=\"twitter:data1\" content=\"1 minuto\">\n<script type=\"application\/ld+json\" class=\"yoast-schema-graph\">{\"@context\":\"https:\/\/schema.org\",\"@graph\":[{\"@type\":\"WebSite\",\"@id\":\"https:\/\/www.unicas.pe\/blog\/#website\",\"url\":\"https:\/\/www.unicas.pe\/blog\/\",\"name\":\"Unicas\",\"description\":\"Blog sobre belleza, maquillaje, moda, y mucho m\\u00e1s.\",\"potentialAction\":[{\"@type\":\"SearchAction\",\"target\":\"https:\/\/www.unicas.pe\/blog\/?s={search_term_string}\",\"query-input\":\"required name=search_term_string\"}],\"inLanguage\":\"es\"},{\"@type\":\"ImageObject\",\"@id\":\"https:\/\/www.unicas.pe\/blog\/rescate-animal-perro-abandonado-transformacion\/#primaryimage\",\"inLanguage\":\"es\",\"url\":\"https:\/\/www.unicas.pe\/blog\/wp-content\/uploads\/2014\/03\/foto1rasta.jpg\",\"width\":650,\"height\":373},{\"@type\":\"WebPage\",\"@id\":\"https:\/\/www.unicas.pe\/blog\/rescate-animal-perro-abandonado-transformacion\/#webpage\",\"url\":\"https:\/\/www.unicas.pe\/blog\/rescate-animal-perro-abandonado-transformacion\/\",\"name\":\"Rescate animal: Conoce la incre\\u00edble transformaci\\u00f3n de un perro vagabundo - Unicas\",\"isPartOf\":{\"@id\":\"https:\/\/www.unicas.pe\/blog\/#website\"},\"primaryImageOfPage\":{\"@id\":\"https:\/\/www.unicas.pe\/blog\/rescate-animal-perro-abandonado-transformacion\/#primaryimage\"},\"datePublished\":\"2014-03-25T19:20:31+00:00\",\"dateModified\":\"2019-01-11T02:34:21+00:00\",\"author\":{\"@id\":\"https:\/\/www.unicas.pe\/blog\/#\/schema\/person\/60053f595c6d0f3f11ed52a01c961cdb\"},\"breadcrumb\":{\"@id\":\"https:\/\/www.unicas.pe\/blog\/rescate-animal-perro-abandonado-transformacion\/#breadcrumb\"},\"inLanguage\":\"es\",\"potentialAction\":[{\"@type\":\"ReadAction\",\"target\":[\"https:\/\/www.unicas.pe\/blog\/rescate-animal-perro-abandonado-transformacion\/\"]}]},{\"@type\":\"BreadcrumbList\",\"@id\":\"https:\/\/www.unicas.pe\/blog\/rescate-animal-perro-abandonado-transformacion\/#breadcrumb\",\"itemListElement\":[{\"@type\":\"ListItem\",\"position\":1,\"item\":{\"@type\":\"WebPage\",\"@id\":\"https:\/\/www.unicas.pe\/blog\/\",\"url\":\"https:\/\/www.unicas.pe\/blog\/\",\"name\":\"Portada\"}},{\"@type\":\"ListItem\",\"position\":2,\"item\":{\"@type\":\"WebPage\",\"@id\":\"https:\/\/www.unicas.pe\/blog\/rescate-animal-perro-abandonado-transformacion\/\",\"url\":\"https:\/\/www.unicas.pe\/blog\/rescate-animal-perro-abandonado-transformacion\/\",\"name\":\"Rescate animal: Conoce la incre\\u00edble transformaci\\u00f3n de un perro vagabundo\"}}]},{\"@type\":\"Person\",\"@id\":\"https:\/\/www.unicas.pe\/blog\/#\/schema\/person\/60053f595c6d0f3f11ed52a01c961cdb\",\"name\":\"Katty Gora\",\"image\":{\"@type\":\"ImageObject\",\"@id\":\"https:\/\/www.unicas.pe\/blog\/#personlogo\",\"inLanguage\":\"es\",\"url\":\"https:\/\/www.unicas.pe\/blog\/wp-content\/uploads\/2019\/01\/168392_1786370415133_366102_n-150x150.jpg\",\"caption\":\"Katty Gora\"},\"description\":\"Katty is a passionate blogger, diving into different subjects like fashion, trends, styles and news and more. Discover the great insight of a true quality blogger!\"}]}<\/script>\n<!-- \/ Yoast SEO plugin. -->","_links":{"self":[{"href":"https:\/\/www.unicas.pe\/blog\/wp-json\/wp\/v2\/posts\/4728"}],"collection":[{"href":"https:\/\/www.unicas.pe\/blog\/wp-json\/wp\/v2\/posts"}],"about":[{"href":"https:\/\/www.unicas.pe\/blog\/wp-json\/wp\/v2\/types\/post"}],"author":[{"embeddable":true,"href":"https:\/\/www.unicas.pe\/blog\/wp-json\/wp\/v2\/users\/1"}],"replies":[{"embeddable":true,"href":"https:\/\/www.unicas.pe\/blog\/wp-json\/wp\/v2\/comments?post=4728"}],"version-history":[{"count":1,"href":"https:\/\/www.unicas.pe\/blog\/wp-json\/wp\/v2\/posts\/4728\/revisions"}],"predecessor-version":[{"id":10507,"href":"https:\/\/www.unicas.pe\/blog\/wp-json\/wp\/v2\/posts\/4728\/revisions\/10507"}],"wp:featuredmedia":[{"embeddable":true,"href":"https:\/\/www.unicas.pe\/blog\/wp-json\/wp\/v2\/media\/4718"}],"wp:attachment":[{"href":"https:\/\/www.unicas.pe\/blog\/wp-json\/wp\/v2\/media?parent=4728"}],"wp:term":[{"taxonomy":"category","embeddable":true,"href":"https:\/\/www.unicas.pe\/blog\/wp-json\/wp\/v2\/categories?post=4728"},{"taxonomy":"post_tag","embeddable":true,"href":"https:\/\/www.unicas.pe\/blog\/wp-json\/wp\/v2\/tags?post=4728"}],"curies":[{"name":"wp","href":"https:\/\/api.w.org\/{rel}","templated":true}]}}