{"id":4851,"date":"2014-03-31T15:10:56","date_gmt":"2014-03-31T20:10:56","guid":{"rendered":"http:\/\/209.133.219.102\/~newunicas\/blog\/2014\/03\/31\/jorge-luis-salinas-fitting-lif-week-2014\/"},"modified":"2019-01-10T21:34:19","modified_gmt":"2019-01-11T02:34:19","slug":"jorge-luis-salinas-fitting-lif-week-2014","status":"publish","type":"post","link":"https:\/\/www.unicas.pe\/blog\/jorge-luis-salinas-fitting-lif-week-2014\/","title":{"rendered":"Jorge Luis Salinas present\u00f3 su fitting previo al LIF Week 2014"},"content":{"rendered":"<p>El reconocido dise\u00f1ador Jorge Luis Salinas regresa a las pasarelas de <strong>LIF WEEK 2014<\/strong>, para presentar dos interesantes colecciones en moda y dise\u00f1o.<\/p>\n<p>  <!--more-->  <\/p>\n<p>El reconocido dise\u00f1ador de modas, Jorge Luis Salinas, present\u00f3 el martes pasado su b\u00e1sico fitting, de su nueva <strong>colecci\u00f3n Oto\u00f1o-Invierno 2014<\/strong>. Como se sabe, Jorge viene trabajando con su marca <strong>EMPORIUM<\/strong>, que es el sello distintivo de su talento y creatividad.<\/p>\n<p><img class=\" size-full wp-image-4842\" style=\"display: block; margin-left: auto; margin-right: auto;\" src=\"http:\/\/209.133.219.102\/~newunicas\/blog\/wp-content\/uploads\/2014\/03\/foto1salinas.jpg\" alt=\"\" width=\"600\" srcset=\"https:\/\/www.unicas.pe\/blog\/wp-content\/uploads\/2014\/03\/foto1salinas.jpg 650w, https:\/\/www.unicas.pe\/blog\/wp-content\/uploads\/2014\/03\/foto1salinas-200x300.jpg 200w, https:\/\/www.unicas.pe\/blog\/wp-content\/uploads\/2014\/03\/foto1salinas-280x420.jpg 280w, https:\/\/www.unicas.pe\/blog\/wp-content\/uploads\/2014\/03\/foto1salinas-560x840.jpg 560w\" sizes=\"(max-width: 650px) 100vw, 650px\" \/><\/p>\n<p><strong>Oto\u00f1o-Invierno 2014<\/strong>, ser\u00e1 una de las colecciones que participar\u00e1n en la semana de la moda que se realizar\u00e1 en nuestro pa\u00eds. <strong>Unicas.pe<\/strong> estuvo presente en este adelanto, gracias a <strong>Cyzone<\/strong>, que es \u00a0el auspiciador oficial de Jorge Luis Salinas para la semana de la moda con su marca <strong>EMPORIUM<\/strong>.\u00a0<\/p>\n<p><img class=\" size-full wp-image-4843\" style=\"display: block; margin-left: auto; margin-right: auto;\" src=\"http:\/\/209.133.219.102\/~newunicas\/blog\/wp-content\/uploads\/2014\/03\/foto2salinas.jpg\" alt=\"\" width=\"600\" srcset=\"https:\/\/www.unicas.pe\/blog\/wp-content\/uploads\/2014\/03\/foto2salinas.jpg 650w, https:\/\/www.unicas.pe\/blog\/wp-content\/uploads\/2014\/03\/foto2salinas-300x190.jpg 300w, https:\/\/www.unicas.pe\/blog\/wp-content\/uploads\/2014\/03\/foto2salinas-648x411.jpg 648w\" sizes=\"(max-width: 650px) 100vw, 650px\" \/><\/p>\n<p>Para aquellas que no saben a\u00fan en qu\u00e9 consiste un fifting, se trata del proceso que se realiza antes de un <strong>desfile<\/strong>. En este, las modelos se prueban los dise\u00f1os con el fin de que se ajusten algunos detalles para que queden perfectos a la hora de lucilos en la pasarela. Todos los vestidos deben quedar adecuadamente entallados.<\/p>\n<p><img class=\" size-full wp-image-4844\" style=\"display: block; margin-left: auto; margin-right: auto;\" src=\"http:\/\/209.133.219.102\/~newunicas\/blog\/wp-content\/uploads\/2014\/03\/foto3salinas.jpg\" alt=\"\" width=\"600\" srcset=\"https:\/\/www.unicas.pe\/blog\/wp-content\/uploads\/2014\/03\/foto3salinas.jpg 650w, https:\/\/www.unicas.pe\/blog\/wp-content\/uploads\/2014\/03\/foto3salinas-207x300.jpg 207w, https:\/\/www.unicas.pe\/blog\/wp-content\/uploads\/2014\/03\/foto3salinas-290x420.jpg 290w, https:\/\/www.unicas.pe\/blog\/wp-content\/uploads\/2014\/03\/foto3salinas-580x840.jpg 580w\" sizes=\"(max-width: 650px) 100vw, 650px\" \/><\/p>\n<p><img class=\" size-full wp-image-4845\" style=\"display: block; margin-left: auto; margin-right: auto;\" src=\"http:\/\/209.133.219.102\/~newunicas\/blog\/wp-content\/uploads\/2014\/03\/foto4salinas.jpg\" alt=\"\" width=\"600\" srcset=\"https:\/\/www.unicas.pe\/blog\/wp-content\/uploads\/2014\/03\/foto4salinas.jpg 650w, https:\/\/www.unicas.pe\/blog\/wp-content\/uploads\/2014\/03\/foto4salinas-225x300.jpg 225w, https:\/\/www.unicas.pe\/blog\/wp-content\/uploads\/2014\/03\/foto4salinas-315x420.jpg 315w, https:\/\/www.unicas.pe\/blog\/wp-content\/uploads\/2014\/03\/foto4salinas-630x840.jpg 630w\" sizes=\"(max-width: 650px) 100vw, 650px\" \/><\/p>\n<p>Como se recuerda, Jorge estuvo ausente en las dos ediciones anteriores de la semana de la moda , pero este a\u00f1o su regreso parece ser prometedor en la pasarela de la s\u00e9ptima edici\u00f3n del <strong>LIF WEEK 2014<\/strong>. El dise\u00f1ador presentar\u00e1 dos diferentes propuestas. La primera \u00a0siendo su marca juvenil, desenfadada e irreverente como es <strong>EMPORIUM by Jorge \u00a0Luis Salinas<\/strong>, y su segunda propuesta est\u00e1 relacionado a <strong>su l\u00ednea de alta costura Jorge Luis Salinas Avant Garde<\/strong><\/p>\n<p><img class=\" size-full wp-image-4846\" style=\"display: block; margin-left: auto; margin-right: auto;\" src=\"http:\/\/209.133.219.102\/~newunicas\/blog\/wp-content\/uploads\/2014\/03\/foto5salinas.jpg\" alt=\"\" width=\"600\" srcset=\"https:\/\/www.unicas.pe\/blog\/wp-content\/uploads\/2014\/03\/foto5salinas.jpg 650w, https:\/\/www.unicas.pe\/blog\/wp-content\/uploads\/2014\/03\/foto5salinas-208x300.jpg 208w, https:\/\/www.unicas.pe\/blog\/wp-content\/uploads\/2014\/03\/foto5salinas-291x420.jpg 291w, https:\/\/www.unicas.pe\/blog\/wp-content\/uploads\/2014\/03\/foto5salinas-581x840.jpg 581w\" sizes=\"(max-width: 650px) 100vw, 650px\" \/><\/p>\n<p><img class=\" size-full wp-image-4847\" style=\"display: block; margin-left: auto; margin-right: auto;\" src=\"http:\/\/209.133.219.102\/~newunicas\/blog\/wp-content\/uploads\/2014\/03\/foto6salinas.jpg\" alt=\"\" width=\"600\" srcset=\"https:\/\/www.unicas.pe\/blog\/wp-content\/uploads\/2014\/03\/foto6salinas.jpg 650w, https:\/\/www.unicas.pe\/blog\/wp-content\/uploads\/2014\/03\/foto6salinas-189x300.jpg 189w, https:\/\/www.unicas.pe\/blog\/wp-content\/uploads\/2014\/03\/foto6salinas-646x1024.jpg 646w, https:\/\/www.unicas.pe\/blog\/wp-content\/uploads\/2014\/03\/foto6salinas-265x420.jpg 265w, https:\/\/www.unicas.pe\/blog\/wp-content\/uploads\/2014\/03\/foto6salinas-530x840.jpg 530w\" sizes=\"(max-width: 650px) 100vw, 650px\" \/><\/p>\n<p><img class=\" size-full wp-image-4848\" style=\"display: block; margin-left: auto; margin-right: auto;\" src=\"http:\/\/209.133.219.102\/~newunicas\/blog\/wp-content\/uploads\/2014\/03\/foto7salinas.jpg\" alt=\"\" width=\"600\" srcset=\"https:\/\/www.unicas.pe\/blog\/wp-content\/uploads\/2014\/03\/foto7salinas.jpg 650w, https:\/\/www.unicas.pe\/blog\/wp-content\/uploads\/2014\/03\/foto7salinas-200x300.jpg 200w, https:\/\/www.unicas.pe\/blog\/wp-content\/uploads\/2014\/03\/foto7salinas-280x420.jpg 280w, https:\/\/www.unicas.pe\/blog\/wp-content\/uploads\/2014\/03\/foto7salinas-560x840.jpg 560w\" sizes=\"(max-width: 650px) 100vw, 650px\" \/><\/p>\n<p>Estaremos pendientes para este gran evento \u201c<strong>LIF WEEK 2014<\/strong>\u201d, que es muy esperado dentro de la semana de la moda en Lima. El desfile de <strong>EMPORIUM<\/strong> by Jorge Luis Salinas, ser\u00e1 el 31 de marzo a las 7 pm y el desfile de Jorge Luis Salinas Avant Garde, se realizar\u00e1 el viernes 4 de abril a las 8pm.<\/p>\n<p><img class=\" size-full wp-image-4849\" style=\"display: block; margin-left: auto; margin-right: auto;\" src=\"http:\/\/209.133.219.102\/~newunicas\/blog\/wp-content\/uploads\/2014\/03\/foto8salinas.jpg\" alt=\"\" width=\"600\" srcset=\"https:\/\/www.unicas.pe\/blog\/wp-content\/uploads\/2014\/03\/foto8salinas.jpg 650w, https:\/\/www.unicas.pe\/blog\/wp-content\/uploads\/2014\/03\/foto8salinas-200x300.jpg 200w, https:\/\/www.unicas.pe\/blog\/wp-content\/uploads\/2014\/03\/foto8salinas-280x420.jpg 280w, https:\/\/www.unicas.pe\/blog\/wp-content\/uploads\/2014\/03\/foto8salinas-560x840.jpg 560w\" sizes=\"(max-width: 650px) 100vw, 650px\" \/><\/p>\n<p><img class=\" size-full wp-image-4850\" style=\"display: block; margin-left: auto; margin-right: auto;\" src=\"http:\/\/209.133.219.102\/~newunicas\/blog\/wp-content\/uploads\/2014\/03\/foto9salinas.jpg\" alt=\"\" width=\"600\" srcset=\"https:\/\/www.unicas.pe\/blog\/wp-content\/uploads\/2014\/03\/foto9salinas.jpg 650w, https:\/\/www.unicas.pe\/blog\/wp-content\/uploads\/2014\/03\/foto9salinas-200x300.jpg 200w, https:\/\/www.unicas.pe\/blog\/wp-content\/uploads\/2014\/03\/foto9salinas-280x420.jpg 280w, https:\/\/www.unicas.pe\/blog\/wp-content\/uploads\/2014\/03\/foto9salinas-560x840.jpg 560w\" sizes=\"(max-width: 650px) 100vw, 650px\" \/><\/p>\n","protected":false},"excerpt":{"rendered":"<p>El reconocido dise\u00f1ador Jorge Luis Salinas regresa a las pasarelas de LIF WEEK 2014, para presentar dos interesantes colecciones en moda y dise\u00f1o.<\/p>\n","protected":false},"author":1,"featured_media":4842,"comment_status":"closed","ping_status":"open","sticky":false,"template":"","format":"standard","meta":[],"categories":[26],"tags":[2659,5941,5982,5984,2152,5992,5988,5987,5981,5983,5990,2000,5986,5993,82,5991,2056,1742,5989],"yoast_head":"<!-- This site is optimized with the Yoast SEO plugin v16.0.2 - https:\/\/yoast.com\/wordpress\/plugins\/seo\/ -->\n<link rel=\"canonical\" href=\"https:\/\/www.unicas.pe\/blog\/jorge-luis-salinas-fitting-lif-week-2014\/\" \/>\n<meta property=\"og:locale\" content=\"es_ES\" \/>\n<meta property=\"og:type\" content=\"article\" \/>\n<meta property=\"og:title\" content=\"Jorge Luis Salinas present\u00f3 su fitting previo al LIF Week 2014 - Unicas\" \/>\n<meta property=\"og:description\" content=\"El reconocido dise\u00f1ador Jorge Luis Salinas regresa a las pasarelas de LIF WEEK 2014, para presentar dos interesantes colecciones en moda y dise\u00f1o.\" \/>\n<meta property=\"og:url\" content=\"https:\/\/www.unicas.pe\/blog\/jorge-luis-salinas-fitting-lif-week-2014\/\" \/>\n<meta property=\"og:site_name\" content=\"Unicas\" \/>\n<meta property=\"article:published_time\" content=\"2014-03-31T20:10:56+00:00\" \/>\n<meta property=\"article:modified_time\" content=\"2019-01-11T02:34:19+00:00\" \/>\n<meta property=\"og:image\" content=\"https:\/\/www.unicas.pe\/blog\/wp-content\/uploads\/2014\/03\/foto1salinas.jpg\" \/>\n\t<meta property=\"og:image:width\" content=\"650\" \/>\n\t<meta property=\"og:image:height\" content=\"975\" \/>\n<meta name=\"twitter:card\" content=\"summary_large_image\" \/>\n<meta name=\"twitter:label1\" content=\"Tiempo de lectura\">\n\t<meta name=\"twitter:data1\" content=\"2 minutos\">\n<script type=\"application\/ld+json\" class=\"yoast-schema-graph\">{\"@context\":\"https:\/\/schema.org\",\"@graph\":[{\"@type\":\"WebSite\",\"@id\":\"https:\/\/www.unicas.pe\/blog\/#website\",\"url\":\"https:\/\/www.unicas.pe\/blog\/\",\"name\":\"Unicas\",\"description\":\"Blog sobre belleza, maquillaje, moda, y mucho m\\u00e1s.\",\"potentialAction\":[{\"@type\":\"SearchAction\",\"target\":\"https:\/\/www.unicas.pe\/blog\/?s={search_term_string}\",\"query-input\":\"required name=search_term_string\"}],\"inLanguage\":\"es\"},{\"@type\":\"ImageObject\",\"@id\":\"https:\/\/www.unicas.pe\/blog\/jorge-luis-salinas-fitting-lif-week-2014\/#primaryimage\",\"inLanguage\":\"es\",\"url\":\"https:\/\/www.unicas.pe\/blog\/wp-content\/uploads\/2014\/03\/foto1salinas.jpg\",\"width\":650,\"height\":975},{\"@type\":\"WebPage\",\"@id\":\"https:\/\/www.unicas.pe\/blog\/jorge-luis-salinas-fitting-lif-week-2014\/#webpage\",\"url\":\"https:\/\/www.unicas.pe\/blog\/jorge-luis-salinas-fitting-lif-week-2014\/\",\"name\":\"Jorge Luis Salinas present\\u00f3 su fitting previo al LIF Week 2014 - Unicas\",\"isPartOf\":{\"@id\":\"https:\/\/www.unicas.pe\/blog\/#website\"},\"primaryImageOfPage\":{\"@id\":\"https:\/\/www.unicas.pe\/blog\/jorge-luis-salinas-fitting-lif-week-2014\/#primaryimage\"},\"datePublished\":\"2014-03-31T20:10:56+00:00\",\"dateModified\":\"2019-01-11T02:34:19+00:00\",\"author\":{\"@id\":\"https:\/\/www.unicas.pe\/blog\/#\/schema\/person\/60053f595c6d0f3f11ed52a01c961cdb\"},\"breadcrumb\":{\"@id\":\"https:\/\/www.unicas.pe\/blog\/jorge-luis-salinas-fitting-lif-week-2014\/#breadcrumb\"},\"inLanguage\":\"es\",\"potentialAction\":[{\"@type\":\"ReadAction\",\"target\":[\"https:\/\/www.unicas.pe\/blog\/jorge-luis-salinas-fitting-lif-week-2014\/\"]}]},{\"@type\":\"BreadcrumbList\",\"@id\":\"https:\/\/www.unicas.pe\/blog\/jorge-luis-salinas-fitting-lif-week-2014\/#breadcrumb\",\"itemListElement\":[{\"@type\":\"ListItem\",\"position\":1,\"item\":{\"@type\":\"WebPage\",\"@id\":\"https:\/\/www.unicas.pe\/blog\/\",\"url\":\"https:\/\/www.unicas.pe\/blog\/\",\"name\":\"Portada\"}},{\"@type\":\"ListItem\",\"position\":2,\"item\":{\"@type\":\"WebPage\",\"@id\":\"https:\/\/www.unicas.pe\/blog\/jorge-luis-salinas-fitting-lif-week-2014\/\",\"url\":\"https:\/\/www.unicas.pe\/blog\/jorge-luis-salinas-fitting-lif-week-2014\/\",\"name\":\"Jorge Luis Salinas present\\u00f3 su fitting previo al LIF Week 2014\"}}]},{\"@type\":\"Person\",\"@id\":\"https:\/\/www.unicas.pe\/blog\/#\/schema\/person\/60053f595c6d0f3f11ed52a01c961cdb\",\"name\":\"Katty Gora\",\"image\":{\"@type\":\"ImageObject\",\"@id\":\"https:\/\/www.unicas.pe\/blog\/#personlogo\",\"inLanguage\":\"es\",\"url\":\"https:\/\/www.unicas.pe\/blog\/wp-content\/uploads\/2019\/01\/168392_1786370415133_366102_n-150x150.jpg\",\"caption\":\"Katty Gora\"},\"description\":\"Katty is a passionate blogger, diving into different subjects like fashion, trends, styles and news and more. Discover the great insight of a true quality blogger!\"}]}<\/script>\n<!-- \/ Yoast SEO plugin. -->","_links":{"self":[{"href":"https:\/\/www.unicas.pe\/blog\/wp-json\/wp\/v2\/posts\/4851"}],"collection":[{"href":"https:\/\/www.unicas.pe\/blog\/wp-json\/wp\/v2\/posts"}],"about":[{"href":"https:\/\/www.unicas.pe\/blog\/wp-json\/wp\/v2\/types\/post"}],"author":[{"embeddable":true,"href":"https:\/\/www.unicas.pe\/blog\/wp-json\/wp\/v2\/users\/1"}],"replies":[{"embeddable":true,"href":"https:\/\/www.unicas.pe\/blog\/wp-json\/wp\/v2\/comments?post=4851"}],"version-history":[{"count":1,"href":"https:\/\/www.unicas.pe\/blog\/wp-json\/wp\/v2\/posts\/4851\/revisions"}],"predecessor-version":[{"id":10486,"href":"https:\/\/www.unicas.pe\/blog\/wp-json\/wp\/v2\/posts\/4851\/revisions\/10486"}],"wp:featuredmedia":[{"embeddable":true,"href":"https:\/\/www.unicas.pe\/blog\/wp-json\/wp\/v2\/media\/4842"}],"wp:attachment":[{"href":"https:\/\/www.unicas.pe\/blog\/wp-json\/wp\/v2\/media?parent=4851"}],"wp:term":[{"taxonomy":"category","embeddable":true,"href":"https:\/\/www.unicas.pe\/blog\/wp-json\/wp\/v2\/categories?post=4851"},{"taxonomy":"post_tag","embeddable":true,"href":"https:\/\/www.unicas.pe\/blog\/wp-json\/wp\/v2\/tags?post=4851"}],"curies":[{"name":"wp","href":"https:\/\/api.w.org\/{rel}","templated":true}]}}