{"id":4866,"date":"2014-03-31T16:38:27","date_gmt":"2014-03-31T21:38:27","guid":{"rendered":"http:\/\/209.133.219.102\/~newunicas\/blog\/2014\/03\/31\/claudia-jimenez-fitting-lif-week-otono-invierno-2014\/"},"modified":"2019-01-10T21:34:19","modified_gmt":"2019-01-11T02:34:19","slug":"claudia-jimenez-fitting-lif-week-otono-invierno-2014","status":"publish","type":"post","link":"https:\/\/www.unicas.pe\/blog\/claudia-jimenez-fitting-lif-week-otono-invierno-2014\/","title":{"rendered":"Claudia Jimenez en el fitting previo al LIF Week Oto\u00f1o-Invierno 2014"},"content":{"rendered":"<p>La reconocida dise\u00f1adora Claudia Jim\u00e9nez descubri\u00f3 algunos detalles que marcar\u00e1n tendencia con su nueva colecci\u00f3n para el <strong>LIF Week Oto\u00f1o-Invierno 2014.<\/strong><\/p>\n<p>  <!--more-->  <\/p>\n<p>La reconocida <strong>dise\u00f1adora de modas Claudia Jim\u00e9nez<\/strong> estuvo el jueves pasado realizando el b\u00e1sico <strong>fitting<\/strong> antes de exhibir sus dise\u00f1os en una de las pasarelas m\u00e1s importantes de Lima:\u00a0<strong>LIF Week Oto\u00f1o-Invierno 2014<\/strong>. Unicas.pe tuvo acceso a la prueba gracias a la invitaci\u00f3n de Esika, la marca de cosm\u00e9ticos elegida por la dise\u00f1adora para maquillar a las modelos.<\/p>\n<p><img class=\" size-full wp-image-4864\" style=\"display: block; margin-left: auto; margin-right: auto;\" src=\"http:\/\/209.133.219.102\/~newunicas\/blog\/wp-content\/uploads\/2014\/03\/foto1jimenez.jpg\" alt=\"\" width=\"600\" srcset=\"https:\/\/www.unicas.pe\/blog\/wp-content\/uploads\/2014\/03\/foto1jimenez.jpg 433w, https:\/\/www.unicas.pe\/blog\/wp-content\/uploads\/2014\/03\/foto1jimenez-200x300.jpg 200w, https:\/\/www.unicas.pe\/blog\/wp-content\/uploads\/2014\/03\/foto1jimenez-280x420.jpg 280w\" sizes=\"(max-width: 433px) 100vw, 433px\" \/><\/p>\n<p>Para aquellas que no saben a\u00fan en qu\u00e9 consiste un fifting, se trata del proceso que se realiza antes de un <strong>desfile<\/strong>. En este, las modelos se prueban los dise\u00f1os con el fin de que se ajusten algunos detalles para que queden perfectos a la hora de lucirlos en la pasarela. Todos los vestidos deben quedar adecuadamente entallados.<\/p>\n<p>As\u00ed como el desfile de la temporada pasada, <strong>LIF Week Primavera-Verano 2014<\/strong>, la dise\u00f1adora participar\u00e1 nuevamente con lo nuevo que nos trae en dise\u00f1os de alta costura. Debemos recordar que tiene un estilo muy femenino, rom\u00e1ntico y detallista. Adem\u00e1s sus fuertes son sus <strong>dise\u00f1os para novias, el dise\u00f1o de alta costura y el estilo pret a porter<\/strong> que se refiere a las prendas de moda producidas en serie seg\u00fan la demanda, es decir ropa que se ve en la calle a diario.\u00a0<\/p>\n<p><img class=\" size-full wp-image-4865\" style=\"display: block; margin-left: auto; margin-right: auto;\" src=\"http:\/\/209.133.219.102\/~newunicas\/blog\/wp-content\/uploads\/2014\/03\/foto2jimenez.jpg\" alt=\"\" width=\"600\" srcset=\"https:\/\/www.unicas.pe\/blog\/wp-content\/uploads\/2014\/03\/foto2jimenez.jpg 1000w, https:\/\/www.unicas.pe\/blog\/wp-content\/uploads\/2014\/03\/foto2jimenez-300x200.jpg 300w, https:\/\/www.unicas.pe\/blog\/wp-content\/uploads\/2014\/03\/foto2jimenez-768x512.jpg 768w, https:\/\/www.unicas.pe\/blog\/wp-content\/uploads\/2014\/03\/foto2jimenez-696x464.jpg 696w, https:\/\/www.unicas.pe\/blog\/wp-content\/uploads\/2014\/03\/foto2jimenez-630x420.jpg 630w\" sizes=\"(max-width: 1000px) 100vw, 1000px\" \/><\/p>\n<p>Algo que podemos adelantar de lo que ser\u00e1 la nueva colecci\u00f3n de Claudia Jim\u00e9nez son las <strong>aplicaciones en pedrer\u00eda, encajes y las plumas<\/strong> en dise\u00f1os realmente sorprendentes. No te pierdas los modelos completos en el \u00a0<strong>Lima Fashion Week Oto\u00f1o-Invierno 2014<\/strong> que empieza el 31 de marzo y culmina el 2 de abril.\u00a0<\/p>\n<p>Mira nuestra galer\u00eda de fotos con los mejores detalles de la nueva colecci\u00f3n de Claudia Jim\u00e9nez para el <strong>LIF Week Oto\u00f1o-Invierno 2014.<\/strong><\/p>\n<p><strong>{oziogallery 992}<\/strong><\/p>\n","protected":false},"excerpt":{"rendered":"<p>La reconocida dise\u00f1adora Claudia Jim\u00e9nez descubri\u00f3 algunos detalles que marcar\u00e1n tendencia con su nueva colecci\u00f3n para el LIF Week Oto\u00f1o-Invierno 2014.<\/p>\n","protected":false},"author":1,"featured_media":4864,"comment_status":"closed","ping_status":"open","sticky":false,"template":"","format":"standard","meta":[],"categories":[26],"tags":[2198,1866,6003,6007,6006,2152,5988,5986,6005,6011,6004,1428,2083,6008],"yoast_head":"<!-- This site is optimized with the Yoast SEO plugin v16.0.2 - https:\/\/yoast.com\/wordpress\/plugins\/seo\/ -->\n<link rel=\"canonical\" href=\"https:\/\/www.unicas.pe\/blog\/claudia-jimenez-fitting-lif-week-otono-invierno-2014\/\" \/>\n<meta property=\"og:locale\" content=\"es_ES\" \/>\n<meta property=\"og:type\" content=\"article\" \/>\n<meta property=\"og:title\" content=\"Claudia Jimenez en el fitting previo al LIF Week Oto\u00f1o-Invierno 2014 - Unicas\" \/>\n<meta property=\"og:description\" content=\"La reconocida dise\u00f1adora Claudia Jim\u00e9nez descubri\u00f3 algunos detalles que marcar\u00e1n tendencia con su nueva colecci\u00f3n para el LIF Week Oto\u00f1o-Invierno 2014.\" \/>\n<meta property=\"og:url\" content=\"https:\/\/www.unicas.pe\/blog\/claudia-jimenez-fitting-lif-week-otono-invierno-2014\/\" \/>\n<meta property=\"og:site_name\" content=\"Unicas\" \/>\n<meta property=\"article:published_time\" content=\"2014-03-31T21:38:27+00:00\" \/>\n<meta property=\"article:modified_time\" content=\"2019-01-11T02:34:19+00:00\" \/>\n<meta property=\"og:image\" content=\"https:\/\/www.unicas.pe\/blog\/wp-content\/uploads\/2014\/03\/foto1jimenez.jpg\" \/>\n\t<meta property=\"og:image:width\" content=\"433\" \/>\n\t<meta property=\"og:image:height\" content=\"650\" \/>\n<meta name=\"twitter:card\" content=\"summary_large_image\" \/>\n<meta name=\"twitter:label1\" content=\"Tiempo de lectura\">\n\t<meta name=\"twitter:data1\" content=\"2 minutos\">\n<script type=\"application\/ld+json\" class=\"yoast-schema-graph\">{\"@context\":\"https:\/\/schema.org\",\"@graph\":[{\"@type\":\"WebSite\",\"@id\":\"https:\/\/www.unicas.pe\/blog\/#website\",\"url\":\"https:\/\/www.unicas.pe\/blog\/\",\"name\":\"Unicas\",\"description\":\"Blog sobre belleza, maquillaje, moda, y mucho m\\u00e1s.\",\"potentialAction\":[{\"@type\":\"SearchAction\",\"target\":\"https:\/\/www.unicas.pe\/blog\/?s={search_term_string}\",\"query-input\":\"required name=search_term_string\"}],\"inLanguage\":\"es\"},{\"@type\":\"ImageObject\",\"@id\":\"https:\/\/www.unicas.pe\/blog\/claudia-jimenez-fitting-lif-week-otono-invierno-2014\/#primaryimage\",\"inLanguage\":\"es\",\"url\":\"https:\/\/www.unicas.pe\/blog\/wp-content\/uploads\/2014\/03\/foto1jimenez.jpg\",\"width\":433,\"height\":650},{\"@type\":\"WebPage\",\"@id\":\"https:\/\/www.unicas.pe\/blog\/claudia-jimenez-fitting-lif-week-otono-invierno-2014\/#webpage\",\"url\":\"https:\/\/www.unicas.pe\/blog\/claudia-jimenez-fitting-lif-week-otono-invierno-2014\/\",\"name\":\"Claudia Jimenez en el fitting previo al LIF Week Oto\\u00f1o-Invierno 2014 - Unicas\",\"isPartOf\":{\"@id\":\"https:\/\/www.unicas.pe\/blog\/#website\"},\"primaryImageOfPage\":{\"@id\":\"https:\/\/www.unicas.pe\/blog\/claudia-jimenez-fitting-lif-week-otono-invierno-2014\/#primaryimage\"},\"datePublished\":\"2014-03-31T21:38:27+00:00\",\"dateModified\":\"2019-01-11T02:34:19+00:00\",\"author\":{\"@id\":\"https:\/\/www.unicas.pe\/blog\/#\/schema\/person\/60053f595c6d0f3f11ed52a01c961cdb\"},\"breadcrumb\":{\"@id\":\"https:\/\/www.unicas.pe\/blog\/claudia-jimenez-fitting-lif-week-otono-invierno-2014\/#breadcrumb\"},\"inLanguage\":\"es\",\"potentialAction\":[{\"@type\":\"ReadAction\",\"target\":[\"https:\/\/www.unicas.pe\/blog\/claudia-jimenez-fitting-lif-week-otono-invierno-2014\/\"]}]},{\"@type\":\"BreadcrumbList\",\"@id\":\"https:\/\/www.unicas.pe\/blog\/claudia-jimenez-fitting-lif-week-otono-invierno-2014\/#breadcrumb\",\"itemListElement\":[{\"@type\":\"ListItem\",\"position\":1,\"item\":{\"@type\":\"WebPage\",\"@id\":\"https:\/\/www.unicas.pe\/blog\/\",\"url\":\"https:\/\/www.unicas.pe\/blog\/\",\"name\":\"Portada\"}},{\"@type\":\"ListItem\",\"position\":2,\"item\":{\"@type\":\"WebPage\",\"@id\":\"https:\/\/www.unicas.pe\/blog\/claudia-jimenez-fitting-lif-week-otono-invierno-2014\/\",\"url\":\"https:\/\/www.unicas.pe\/blog\/claudia-jimenez-fitting-lif-week-otono-invierno-2014\/\",\"name\":\"Claudia Jimenez en el fitting previo al LIF Week Oto\\u00f1o-Invierno 2014\"}}]},{\"@type\":\"Person\",\"@id\":\"https:\/\/www.unicas.pe\/blog\/#\/schema\/person\/60053f595c6d0f3f11ed52a01c961cdb\",\"name\":\"Katty Gora\",\"image\":{\"@type\":\"ImageObject\",\"@id\":\"https:\/\/www.unicas.pe\/blog\/#personlogo\",\"inLanguage\":\"es\",\"url\":\"https:\/\/www.unicas.pe\/blog\/wp-content\/uploads\/2019\/01\/168392_1786370415133_366102_n-150x150.jpg\",\"caption\":\"Katty Gora\"},\"description\":\"Katty is a passionate blogger, diving into different subjects like fashion, trends, styles and news and more. Discover the great insight of a true quality blogger!\"}]}<\/script>\n<!-- \/ Yoast SEO plugin. -->","_links":{"self":[{"href":"https:\/\/www.unicas.pe\/blog\/wp-json\/wp\/v2\/posts\/4866"}],"collection":[{"href":"https:\/\/www.unicas.pe\/blog\/wp-json\/wp\/v2\/posts"}],"about":[{"href":"https:\/\/www.unicas.pe\/blog\/wp-json\/wp\/v2\/types\/post"}],"author":[{"embeddable":true,"href":"https:\/\/www.unicas.pe\/blog\/wp-json\/wp\/v2\/users\/1"}],"replies":[{"embeddable":true,"href":"https:\/\/www.unicas.pe\/blog\/wp-json\/wp\/v2\/comments?post=4866"}],"version-history":[{"count":1,"href":"https:\/\/www.unicas.pe\/blog\/wp-json\/wp\/v2\/posts\/4866\/revisions"}],"predecessor-version":[{"id":10484,"href":"https:\/\/www.unicas.pe\/blog\/wp-json\/wp\/v2\/posts\/4866\/revisions\/10484"}],"wp:featuredmedia":[{"embeddable":true,"href":"https:\/\/www.unicas.pe\/blog\/wp-json\/wp\/v2\/media\/4864"}],"wp:attachment":[{"href":"https:\/\/www.unicas.pe\/blog\/wp-json\/wp\/v2\/media?parent=4866"}],"wp:term":[{"taxonomy":"category","embeddable":true,"href":"https:\/\/www.unicas.pe\/blog\/wp-json\/wp\/v2\/categories?post=4866"},{"taxonomy":"post_tag","embeddable":true,"href":"https:\/\/www.unicas.pe\/blog\/wp-json\/wp\/v2\/tags?post=4866"}],"curies":[{"name":"wp","href":"https:\/\/api.w.org\/{rel}","templated":true}]}}