{"id":4874,"date":"2014-03-31T20:52:15","date_gmt":"2014-04-01T01:52:15","guid":{"rendered":"http:\/\/209.133.219.102\/~newunicas\/blog\/2014\/03\/31\/jorge-luis-salinas-lifweek-2014\/"},"modified":"2019-01-10T21:34:19","modified_gmt":"2019-01-11T02:34:19","slug":"jorge-luis-salinas-lifweek-2014","status":"publish","type":"post","link":"https:\/\/www.unicas.pe\/blog\/jorge-luis-salinas-lifweek-2014\/","title":{"rendered":"Jorge Luis Salinas abrir\u00e1 la pasarela LIF Week 2014"},"content":{"rendered":"<p>El dise\u00f1ador peruano, Jorge Luis Salinas, ser\u00e1 quien abrir\u00e1 la pasarela del LIF Week 2014. El presentar\u00e1 su colecci\u00f3n Oto\u00f1o-Invierno de su marca <strong>Emporium<\/strong>.<\/p>\n<p>  <!--more-->  <\/p>\n<p>La semana de la moda en Lima empieza hoy y los ojos del mundo estar\u00e1n \u00a0puestos en el Per\u00fa. En su nueva edici\u00f3n del <strong>LIF Week 2014<\/strong>, prestigiosas marcas desfilar\u00e1n en la pasarela de este importante evento. <strong>Jorge Luis Salinas<\/strong> ser\u00e1 el encargado de abrir con su marca de ropa la pasarela LIF Week \u00a0Oto\u00f1o-Invierno.<\/p>\n<p><img class=\" size-full wp-image-4867\" style=\"display: block; margin-left: auto; margin-right: auto;\" title=\"Jorge Luis Salinas abrir\u00e1 la pasarela LIF Week 2014\" src=\"http:\/\/209.133.219.102\/~newunicas\/blog\/wp-content\/uploads\/2014\/03\/jorge-luis-salinas1.jpg\" alt=\"Jorge Luis Salinas abrir\u00e1 la pasarela LIF Week 2014\" width=\"600\" srcset=\"https:\/\/www.unicas.pe\/blog\/wp-content\/uploads\/2014\/03\/jorge-luis-salinas1.jpg 650w, https:\/\/www.unicas.pe\/blog\/wp-content\/uploads\/2014\/03\/jorge-luis-salinas1-300x168.jpg 300w, https:\/\/www.unicas.pe\/blog\/wp-content\/uploads\/2014\/03\/jorge-luis-salinas1-648x365.jpg 648w\" sizes=\"(max-width: 650px) 100vw, 650px\" \/><\/p>\n<p>El talentoso dise\u00f1ador peruano nuevamente regresa a la semana de la moda, tras haber estado ausente en las dos ediciones anteriores del LIF Week. En esta edici\u00f3n, el destacado dise\u00f1ador, <strong>Jorge Luis Salinas, traer\u00e1 novedades con lo mejor de su nueva colecci\u00f3n para la<\/strong> temporada oton?o-invierno.<\/p>\n<p><img class=\" size-full wp-image-4868\" style=\"display: block; margin-left: auto; margin-right: auto;\" title=\"Jorge Luis Salinas abrir\u00e1 la pasarela LIF Week 2014\" src=\"http:\/\/209.133.219.102\/~newunicas\/blog\/wp-content\/uploads\/2014\/03\/jorge-luis-salinas2.jpg\" alt=\"Jorge Luis Salinas abrir\u00e1 la pasarela LIF Week 2014\" width=\"600\" srcset=\"https:\/\/www.unicas.pe\/blog\/wp-content\/uploads\/2014\/03\/jorge-luis-salinas2.jpg 650w, https:\/\/www.unicas.pe\/blog\/wp-content\/uploads\/2014\/03\/jorge-luis-salinas2-300x168.jpg 300w, https:\/\/www.unicas.pe\/blog\/wp-content\/uploads\/2014\/03\/jorge-luis-salinas2-648x364.jpg 648w\" sizes=\"(max-width: 650px) 100vw, 650px\" \/><\/p>\n<p>Salinas presentar\u00e1 dos propuestas, la primera ser\u00e1 \u00a0la marca juvenil Emporium, basado en el estilo desenfadado e irreverente. La segunda, es una sorpresa que revelar\u00e1 en el mismo d\u00eda de su presentaci\u00f3n, pero que adelanta parte de su l\u00ednea de alta costura. Las presentaciones del talentoso dise\u00f1ador arrancan este lunes 31 de marzo a las 7:00pm con el desfile de Emporium by Jorge Luis Salinas, y el viernes 4 de abril a las 8:00p, con el desfile Jorge Luis Salinas Avant Garde.\u00a0<\/p>\n<p><img class=\" size-full wp-image-4869\" style=\"display: block; margin-left: auto; margin-right: auto;\" title=\"Jorge Luis Salinas abrir\u00e1 la pasarela LIF Week 2014\" src=\"http:\/\/209.133.219.102\/~newunicas\/blog\/wp-content\/uploads\/2014\/03\/jorge-luis-salinas3.jpg\" alt=\"Jorge Luis Salinas abrir\u00e1 la pasarela LIF Week 2014\" width=\"600\" srcset=\"https:\/\/www.unicas.pe\/blog\/wp-content\/uploads\/2014\/03\/jorge-luis-salinas3.jpg 650w, https:\/\/www.unicas.pe\/blog\/wp-content\/uploads\/2014\/03\/jorge-luis-salinas3-200x300.jpg 200w, https:\/\/www.unicas.pe\/blog\/wp-content\/uploads\/2014\/03\/jorge-luis-salinas3-280x420.jpg 280w, https:\/\/www.unicas.pe\/blog\/wp-content\/uploads\/2014\/03\/jorge-luis-salinas3-560x840.jpg 560w\" sizes=\"(max-width: 650px) 100vw, 650px\" \/><\/p>\n<p><img class=\" size-full wp-image-4870\" style=\"display: block; margin-left: auto; margin-right: auto;\" title=\"Jorge Luis Salinas abrir\u00e1 la pasarela LIF Week 2014\" src=\"http:\/\/209.133.219.102\/~newunicas\/blog\/wp-content\/uploads\/2014\/03\/jorge-luis-salinas4.jpg\" alt=\"Jorge Luis Salinas abrir\u00e1 la pasarela LIF Week 2014\" width=\"600\" srcset=\"https:\/\/www.unicas.pe\/blog\/wp-content\/uploads\/2014\/03\/jorge-luis-salinas4.jpg 650w, https:\/\/www.unicas.pe\/blog\/wp-content\/uploads\/2014\/03\/jorge-luis-salinas4-208x300.jpg 208w, https:\/\/www.unicas.pe\/blog\/wp-content\/uploads\/2014\/03\/jorge-luis-salinas4-291x420.jpg 291w, https:\/\/www.unicas.pe\/blog\/wp-content\/uploads\/2014\/03\/jorge-luis-salinas4-581x840.jpg 581w\" sizes=\"(max-width: 650px) 100vw, 650px\" \/><\/p>\n<p>Otro de los dise\u00f1adores que estar\u00e1n hoy mostrando su marca ser\u00e1 <strong>Ani \u00c1lvarez Calder\u00f3n<\/strong>. Asimismo dise\u00f1adores internacionales asistir\u00e1n como invitados a la pasarela de la moda. En esta ocasi\u00f3n estar\u00e1 \u00a0la marca estadounidense <strong>Kenneth Cole<\/strong>.<\/p>\n<p><img class=\" size-full wp-image-4871\" style=\"display: block; margin-left: auto; margin-right: auto;\" title=\"Jorge Luis Salinas abrir\u00e1 la pasarela LIF Week 2014\" src=\"http:\/\/209.133.219.102\/~newunicas\/blog\/wp-content\/uploads\/2014\/03\/jorge-luis-salinas5.jpg\" alt=\"Jorge Luis Salinas abrir\u00e1 la pasarela LIF Week 2014\" width=\"600\" srcset=\"https:\/\/www.unicas.pe\/blog\/wp-content\/uploads\/2014\/03\/jorge-luis-salinas5.jpg 650w, https:\/\/www.unicas.pe\/blog\/wp-content\/uploads\/2014\/03\/jorge-luis-salinas5-300x192.jpg 300w, https:\/\/www.unicas.pe\/blog\/wp-content\/uploads\/2014\/03\/jorge-luis-salinas5-648x416.jpg 648w\" sizes=\"(max-width: 650px) 100vw, 650px\" \/><\/p>\n<p><img class=\" size-full wp-image-4872\" style=\"display: block; margin-left: auto; margin-right: auto;\" title=\"Jorge Luis Salinas abrir\u00e1 la pasarela LIF Week 2014\" src=\"http:\/\/209.133.219.102\/~newunicas\/blog\/wp-content\/uploads\/2014\/03\/jorge-luis-salinas6.jpg\" alt=\"Jorge Luis Salinas abrir\u00e1 la pasarela LIF Week 2014\" width=\"600\" srcset=\"https:\/\/www.unicas.pe\/blog\/wp-content\/uploads\/2014\/03\/jorge-luis-salinas6.jpg 650w, https:\/\/www.unicas.pe\/blog\/wp-content\/uploads\/2014\/03\/jorge-luis-salinas6-230x300.jpg 230w, https:\/\/www.unicas.pe\/blog\/wp-content\/uploads\/2014\/03\/jorge-luis-salinas6-323x420.jpg 323w, https:\/\/www.unicas.pe\/blog\/wp-content\/uploads\/2014\/03\/jorge-luis-salinas6-645x840.jpg 645w\" sizes=\"(max-width: 650px) 100vw, 650px\" \/><\/p>\n<p>Cabe destacar que el LIF Week 2014 es la plataforma que permite a los dise\u00f1adores peruanos mostrar sus propuestas al mercado local y al mundo, para contribuir con el desarrollo de la moda en el pa\u00eds. LIF Week, Lima Fashion Week, es creada y producida por LIMA FASHION WEEK S.A.C. Se inicia hoy y estar\u00e1 hasta el 31 de marzo en el Jard\u00edn Vivero del Jockey Club del Per\u00fa.<\/p>\n<p><img class=\" size-full wp-image-4873\" style=\"display: block; margin-left: auto; margin-right: auto;\" title=\"Jorge Luis Salinas abrir\u00e1 la pasarela LIF Week 2014\" src=\"http:\/\/209.133.219.102\/~newunicas\/blog\/wp-content\/uploads\/2014\/03\/jorge-luis-salinas7.jpg\" alt=\"Jorge Luis Salinas abrir\u00e1 la pasarela LIF Week 2014\" width=\"600\" srcset=\"https:\/\/www.unicas.pe\/blog\/wp-content\/uploads\/2014\/03\/jorge-luis-salinas7.jpg 650w, https:\/\/www.unicas.pe\/blog\/wp-content\/uploads\/2014\/03\/jorge-luis-salinas7-300x170.jpg 300w, https:\/\/www.unicas.pe\/blog\/wp-content\/uploads\/2014\/03\/jorge-luis-salinas7-648x368.jpg 648w\" sizes=\"(max-width: 650px) 100vw, 650px\" \/><\/p>\n","protected":false},"excerpt":{"rendered":"<p>El dise\u00f1ador peruano, Jorge Luis Salinas, ser\u00e1 quien abrir\u00e1 la pasarela del LIF Week 2014. El presentar\u00e1 su colecci\u00f3n Oto\u00f1o-Invierno de su marca Emporium.<\/p>\n","protected":false},"author":1,"featured_media":4867,"comment_status":"closed","ping_status":"open","sticky":false,"template":"","format":"standard","meta":[],"categories":[26],"tags":[2082,6013,5982,364,5981,2000,6012,6015,1471],"yoast_head":"<!-- This site is optimized with the Yoast SEO plugin v16.0.2 - https:\/\/yoast.com\/wordpress\/plugins\/seo\/ -->\n<link rel=\"canonical\" href=\"https:\/\/www.unicas.pe\/blog\/jorge-luis-salinas-lifweek-2014\/\" \/>\n<meta property=\"og:locale\" content=\"es_ES\" \/>\n<meta property=\"og:type\" content=\"article\" \/>\n<meta property=\"og:title\" content=\"Jorge Luis Salinas abrir\u00e1 la pasarela LIF Week 2014 - Unicas\" \/>\n<meta property=\"og:description\" content=\"El dise\u00f1ador peruano, Jorge Luis Salinas, ser\u00e1 quien abrir\u00e1 la pasarela del LIF Week 2014. El presentar\u00e1 su colecci\u00f3n Oto\u00f1o-Invierno de su marca Emporium.\" \/>\n<meta property=\"og:url\" content=\"https:\/\/www.unicas.pe\/blog\/jorge-luis-salinas-lifweek-2014\/\" \/>\n<meta property=\"og:site_name\" content=\"Unicas\" \/>\n<meta property=\"article:published_time\" content=\"2014-04-01T01:52:15+00:00\" \/>\n<meta property=\"article:modified_time\" content=\"2019-01-11T02:34:19+00:00\" \/>\n<meta property=\"og:image\" content=\"https:\/\/www.unicas.pe\/blog\/wp-content\/uploads\/2014\/03\/jorge-luis-salinas1.jpg\" \/>\n\t<meta property=\"og:image:width\" content=\"650\" \/>\n\t<meta property=\"og:image:height\" content=\"365\" \/>\n<meta name=\"twitter:card\" content=\"summary_large_image\" \/>\n<meta name=\"twitter:label1\" content=\"Tiempo de lectura\">\n\t<meta name=\"twitter:data1\" content=\"2 minutos\">\n<script type=\"application\/ld+json\" class=\"yoast-schema-graph\">{\"@context\":\"https:\/\/schema.org\",\"@graph\":[{\"@type\":\"WebSite\",\"@id\":\"https:\/\/www.unicas.pe\/blog\/#website\",\"url\":\"https:\/\/www.unicas.pe\/blog\/\",\"name\":\"Unicas\",\"description\":\"Blog sobre belleza, maquillaje, moda, y mucho m\\u00e1s.\",\"potentialAction\":[{\"@type\":\"SearchAction\",\"target\":\"https:\/\/www.unicas.pe\/blog\/?s={search_term_string}\",\"query-input\":\"required name=search_term_string\"}],\"inLanguage\":\"es\"},{\"@type\":\"ImageObject\",\"@id\":\"https:\/\/www.unicas.pe\/blog\/jorge-luis-salinas-lifweek-2014\/#primaryimage\",\"inLanguage\":\"es\",\"url\":\"https:\/\/www.unicas.pe\/blog\/wp-content\/uploads\/2014\/03\/jorge-luis-salinas1.jpg\",\"width\":650,\"height\":365,\"caption\":\"Jorge Luis Salinas abrir\\u00e1 la pasarela LIF Week 2014\"},{\"@type\":\"WebPage\",\"@id\":\"https:\/\/www.unicas.pe\/blog\/jorge-luis-salinas-lifweek-2014\/#webpage\",\"url\":\"https:\/\/www.unicas.pe\/blog\/jorge-luis-salinas-lifweek-2014\/\",\"name\":\"Jorge Luis Salinas abrir\\u00e1 la pasarela LIF Week 2014 - Unicas\",\"isPartOf\":{\"@id\":\"https:\/\/www.unicas.pe\/blog\/#website\"},\"primaryImageOfPage\":{\"@id\":\"https:\/\/www.unicas.pe\/blog\/jorge-luis-salinas-lifweek-2014\/#primaryimage\"},\"datePublished\":\"2014-04-01T01:52:15+00:00\",\"dateModified\":\"2019-01-11T02:34:19+00:00\",\"author\":{\"@id\":\"https:\/\/www.unicas.pe\/blog\/#\/schema\/person\/60053f595c6d0f3f11ed52a01c961cdb\"},\"breadcrumb\":{\"@id\":\"https:\/\/www.unicas.pe\/blog\/jorge-luis-salinas-lifweek-2014\/#breadcrumb\"},\"inLanguage\":\"es\",\"potentialAction\":[{\"@type\":\"ReadAction\",\"target\":[\"https:\/\/www.unicas.pe\/blog\/jorge-luis-salinas-lifweek-2014\/\"]}]},{\"@type\":\"BreadcrumbList\",\"@id\":\"https:\/\/www.unicas.pe\/blog\/jorge-luis-salinas-lifweek-2014\/#breadcrumb\",\"itemListElement\":[{\"@type\":\"ListItem\",\"position\":1,\"item\":{\"@type\":\"WebPage\",\"@id\":\"https:\/\/www.unicas.pe\/blog\/\",\"url\":\"https:\/\/www.unicas.pe\/blog\/\",\"name\":\"Portada\"}},{\"@type\":\"ListItem\",\"position\":2,\"item\":{\"@type\":\"WebPage\",\"@id\":\"https:\/\/www.unicas.pe\/blog\/jorge-luis-salinas-lifweek-2014\/\",\"url\":\"https:\/\/www.unicas.pe\/blog\/jorge-luis-salinas-lifweek-2014\/\",\"name\":\"Jorge Luis Salinas abrir\\u00e1 la pasarela LIF Week 2014\"}}]},{\"@type\":\"Person\",\"@id\":\"https:\/\/www.unicas.pe\/blog\/#\/schema\/person\/60053f595c6d0f3f11ed52a01c961cdb\",\"name\":\"Katty Gora\",\"image\":{\"@type\":\"ImageObject\",\"@id\":\"https:\/\/www.unicas.pe\/blog\/#personlogo\",\"inLanguage\":\"es\",\"url\":\"https:\/\/www.unicas.pe\/blog\/wp-content\/uploads\/2019\/01\/168392_1786370415133_366102_n-150x150.jpg\",\"caption\":\"Katty Gora\"},\"description\":\"Katty is a passionate blogger, diving into different subjects like fashion, trends, styles and news and more. Discover the great insight of a true quality blogger!\"}]}<\/script>\n<!-- \/ Yoast SEO plugin. -->","_links":{"self":[{"href":"https:\/\/www.unicas.pe\/blog\/wp-json\/wp\/v2\/posts\/4874"}],"collection":[{"href":"https:\/\/www.unicas.pe\/blog\/wp-json\/wp\/v2\/posts"}],"about":[{"href":"https:\/\/www.unicas.pe\/blog\/wp-json\/wp\/v2\/types\/post"}],"author":[{"embeddable":true,"href":"https:\/\/www.unicas.pe\/blog\/wp-json\/wp\/v2\/users\/1"}],"replies":[{"embeddable":true,"href":"https:\/\/www.unicas.pe\/blog\/wp-json\/wp\/v2\/comments?post=4874"}],"version-history":[{"count":1,"href":"https:\/\/www.unicas.pe\/blog\/wp-json\/wp\/v2\/posts\/4874\/revisions"}],"predecessor-version":[{"id":10483,"href":"https:\/\/www.unicas.pe\/blog\/wp-json\/wp\/v2\/posts\/4874\/revisions\/10483"}],"wp:featuredmedia":[{"embeddable":true,"href":"https:\/\/www.unicas.pe\/blog\/wp-json\/wp\/v2\/media\/4867"}],"wp:attachment":[{"href":"https:\/\/www.unicas.pe\/blog\/wp-json\/wp\/v2\/media?parent=4874"}],"wp:term":[{"taxonomy":"category","embeddable":true,"href":"https:\/\/www.unicas.pe\/blog\/wp-json\/wp\/v2\/categories?post=4874"},{"taxonomy":"post_tag","embeddable":true,"href":"https:\/\/www.unicas.pe\/blog\/wp-json\/wp\/v2\/tags?post=4874"}],"curies":[{"name":"wp","href":"https:\/\/api.w.org\/{rel}","templated":true}]}}