{"id":4883,"date":"2014-03-31T21:10:51","date_gmt":"2014-04-01T02:10:51","guid":{"rendered":"http:\/\/209.133.219.102\/~newunicas\/blog\/2014\/03\/31\/lifweek-2014-programacion\/"},"modified":"2019-01-10T21:34:19","modified_gmt":"2019-01-11T02:34:19","slug":"lifweek-2014-programacion","status":"publish","type":"post","link":"https:\/\/www.unicas.pe\/blog\/lifweek-2014-programacion\/","title":{"rendered":"LIF Week 2014: hoy empieza la semana de la moda"},"content":{"rendered":"<p style=\"text-align: justify;\">Hoy se inicia el Lima Fashion Week 2014. Este importante evento de la moda, contar\u00e1 con 20 dise\u00f1adores peruanos, quienes han destacado a nivel mundial.<\/p>\n<p>  <!--more-->  <\/p>\n<p style=\"text-align: justify;\">El evento m\u00e1s importante de la moda en nuestro pa\u00eds es el <strong>Lima Fashion Week 2014<\/strong>. Alrededor de una veintena de colecciones de los mejores dise\u00f1adores peruanos estar\u00e1n presentes en el desfile de <strong>sexta edici\u00f3n del LIF Week<\/strong>. Cada profesional de la moda promete grandes novedades en su participaci\u00f3n en la pasarela.\u00a0<\/p>\n<p><img class=\" size-full wp-image-4875\" style=\"display: block; margin-left: auto; margin-right: auto;\" title=\"LIF Week 2014: hoy empieza la semana de la moda\" src=\"http:\/\/209.133.219.102\/~newunicas\/blog\/wp-content\/uploads\/2014\/03\/lifweek-2014-1.jpg\" alt=\"LIF Week 2014: hoy empieza la semana de la moda\" width=\"600\" srcset=\"https:\/\/www.unicas.pe\/blog\/wp-content\/uploads\/2014\/03\/lifweek-2014-1.jpg 650w, https:\/\/www.unicas.pe\/blog\/wp-content\/uploads\/2014\/03\/lifweek-2014-1-300x168.jpg 300w, https:\/\/www.unicas.pe\/blog\/wp-content\/uploads\/2014\/03\/lifweek-2014-1-648x364.jpg 648w\" sizes=\"(max-width: 650px) 100vw, 650px\" \/><\/p>\n<p><strong>Qu\u00e9 cosas debes saber del LIF Week 2014<\/strong><\/p>\n<p>Entre el 31 de marzo y 4 de abril, la pasarela LIF Week 2014 presentar\u00e1 20 desfiles para lucir las tendencias para la temporada oto\u00f1o-invierno 2014. Destacan nombres como Ana Mar\u00eda Guiulfo, Ani \u00c1lvarez Calder\u00f3n, Claudia Jim\u00e9nez, F\u00e1tima Arrieta, as\u00ed como tambi\u00e9n, Gerardo Privat, Jorge Luis Salinas, Roger Loayza, Noe Bernacelli, Sitka Semsch y Yirko Sivirich.<\/p>\n<p><img class=\" size-full wp-image-4876\" style=\"display: block; margin-left: auto; margin-right: auto;\" title=\"LIF Week 2014: hoy empieza la semana de la moda\" src=\"http:\/\/209.133.219.102\/~newunicas\/blog\/wp-content\/uploads\/2014\/03\/lifweek-2014-2.jpg\" alt=\"LIF Week 2014: hoy empieza la semana de la moda\" width=\"600\" srcset=\"https:\/\/www.unicas.pe\/blog\/wp-content\/uploads\/2014\/03\/lifweek-2014-2.jpg 650w, https:\/\/www.unicas.pe\/blog\/wp-content\/uploads\/2014\/03\/lifweek-2014-2-150x150.jpg 150w, https:\/\/www.unicas.pe\/blog\/wp-content\/uploads\/2014\/03\/lifweek-2014-2-300x300.jpg 300w, https:\/\/www.unicas.pe\/blog\/wp-content\/uploads\/2014\/03\/lifweek-2014-2-420x420.jpg 420w\" sizes=\"(max-width: 650px) 100vw, 650px\" \/><\/p>\n<p><img class=\" size-full wp-image-4877\" style=\"display: block; margin-left: auto; margin-right: auto;\" title=\"LIF Week 2014: hoy empieza la semana de la moda\" src=\"http:\/\/209.133.219.102\/~newunicas\/blog\/wp-content\/uploads\/2014\/03\/lifweek-2014-3.jpg\" alt=\"LIF Week 2014: hoy empieza la semana de la moda\" width=\"600\" srcset=\"https:\/\/www.unicas.pe\/blog\/wp-content\/uploads\/2014\/03\/lifweek-2014-3.jpg 650w, https:\/\/www.unicas.pe\/blog\/wp-content\/uploads\/2014\/03\/lifweek-2014-3-300x225.jpg 300w, https:\/\/www.unicas.pe\/blog\/wp-content\/uploads\/2014\/03\/lifweek-2014-3-80x60.jpg 80w, https:\/\/www.unicas.pe\/blog\/wp-content\/uploads\/2014\/03\/lifweek-2014-3-160x120.jpg 160w, https:\/\/www.unicas.pe\/blog\/wp-content\/uploads\/2014\/03\/lifweek-2014-3-265x198.jpg 265w, https:\/\/www.unicas.pe\/blog\/wp-content\/uploads\/2014\/03\/lifweek-2014-3-559x420.jpg 559w\" sizes=\"(max-width: 650px) 100vw, 650px\" \/><\/p>\n<p><img class=\" size-full wp-image-4878\" style=\"display: block; margin-left: auto; margin-right: auto;\" title=\"LIF Week 2014: hoy empieza la semana de la moda\" src=\"http:\/\/209.133.219.102\/~newunicas\/blog\/wp-content\/uploads\/2014\/03\/lifweek-2014-4.jpg\" alt=\"LIF Week 2014: hoy empieza la semana de la moda\" width=\"600\" srcset=\"https:\/\/www.unicas.pe\/blog\/wp-content\/uploads\/2014\/03\/lifweek-2014-4.jpg 650w, https:\/\/www.unicas.pe\/blog\/wp-content\/uploads\/2014\/03\/lifweek-2014-4-300x169.jpg 300w, https:\/\/www.unicas.pe\/blog\/wp-content\/uploads\/2014\/03\/lifweek-2014-4-648x366.jpg 648w\" sizes=\"(max-width: 650px) 100vw, 650px\" \/><\/p>\n<p>Junto a ellos se presentar\u00e1n por primera vez tres nuevos talentos del dise\u00f1o local :Angie Schlegel, Tal\u00eda Berckemeyer y Susan Wagner. Tambi\u00e9n seis marcas que son una muestra del emprendimiento y creatividad de la industria de la moda peruana Basement, Emporium, Fina, Kuna y las dise\u00f1adoras de joyas Ilaria y de carteras Jimena Mujica.<\/p>\n<p><img class=\" size-full wp-image-4879\" style=\"display: block; margin-left: auto; margin-right: auto;\" title=\"LIF Week 2014: hoy empieza la semana de la moda\" src=\"http:\/\/209.133.219.102\/~newunicas\/blog\/wp-content\/uploads\/2014\/03\/lifweek-2014-5.jpg\" alt=\"LIF Week 2014: hoy empieza la semana de la moda\" width=\"600\" srcset=\"https:\/\/www.unicas.pe\/blog\/wp-content\/uploads\/2014\/03\/lifweek-2014-5.jpg 650w, https:\/\/www.unicas.pe\/blog\/wp-content\/uploads\/2014\/03\/lifweek-2014-5-300x202.jpg 300w, https:\/\/www.unicas.pe\/blog\/wp-content\/uploads\/2014\/03\/lifweek-2014-5-648x438.jpg 648w, https:\/\/www.unicas.pe\/blog\/wp-content\/uploads\/2014\/03\/lifweek-2014-5-623x420.jpg 623w\" sizes=\"(max-width: 650px) 100vw, 650px\" \/><\/p>\n<p>Este evento se llevar\u00e1 a cabo en el Jard\u00edn Vivero el Jockey Club del Per\u00fa desde hoy. \u00a0El ingreso a las instalaciones ser\u00e1 por \u00a0la puerta 4 de la Avenida El Derby a partir de las 5 p.m. Las entradas est\u00e1n a la venta en Teleticket de Wong y Metro a 50, 80 y 100 nuevos soles, de acuerdo a las ubicaciones.<\/p>\n<p><img class=\" size-full wp-image-4880\" style=\"display: block; margin-left: auto; margin-right: auto;\" title=\"LIF Week 2014: hoy empieza la semana de la moda\" src=\"http:\/\/209.133.219.102\/~newunicas\/blog\/wp-content\/uploads\/2014\/03\/lifweek-2014-6.jpg\" alt=\"LIF Week 2014: hoy empieza la semana de la moda\" width=\"600\" srcset=\"https:\/\/www.unicas.pe\/blog\/wp-content\/uploads\/2014\/03\/lifweek-2014-6.jpg 650w, https:\/\/www.unicas.pe\/blog\/wp-content\/uploads\/2014\/03\/lifweek-2014-6-300x168.jpg 300w, https:\/\/www.unicas.pe\/blog\/wp-content\/uploads\/2014\/03\/lifweek-2014-6-648x364.jpg 648w\" sizes=\"(max-width: 650px) 100vw, 650px\" \/><\/p>\n<p>El invitado especial en esta edici\u00f3n ser\u00e1 el dise\u00f1ador estadounidense <strong>Kenneth Cole<\/strong>, quien visitar\u00e1 por primera vez nuestro pa\u00eds para presentar su m\u00e1s reciente colecci\u00f3n.<\/p>\n<p><img class=\" size-full wp-image-4881\" style=\"display: block; margin-left: auto; margin-right: auto;\" title=\"LIF Week 2014: hoy empieza la semana de la moda\" src=\"http:\/\/209.133.219.102\/~newunicas\/blog\/wp-content\/uploads\/2014\/03\/lifweek-2014-7.jpg\" alt=\"LIF Week 2014: hoy empieza la semana de la moda\" width=\"600\" srcset=\"https:\/\/www.unicas.pe\/blog\/wp-content\/uploads\/2014\/03\/lifweek-2014-7.jpg 650w, https:\/\/www.unicas.pe\/blog\/wp-content\/uploads\/2014\/03\/lifweek-2014-7-300x234.jpg 300w, https:\/\/www.unicas.pe\/blog\/wp-content\/uploads\/2014\/03\/lifweek-2014-7-538x420.jpg 538w\" sizes=\"(max-width: 650px) 100vw, 650px\" \/><\/p>\n<p>Gracias al \u00e9xito que ha tenido el <strong>LIF Week<\/strong> en sus anteriores ediciones, por primera vez <strong>Barrington<\/strong>, se comprometi\u00f3 a otorgar este a\u00f1o al dise\u00f1ador que m\u00e1s destaque sobre la pasarela 10 mil d\u00f3lares en efectivo. Este incentivo servir\u00e1 \u00a0para que el dise\u00f1ador ganador pueda desarrollar una colecci\u00f3n para el pr\u00f3ximo LIF Week .<\/p>\n<p><img class=\" size-full wp-image-4882\" style=\"display: block; margin-left: auto; margin-right: auto;\" title=\"LIF Week 2014: hoy empieza la semana de la moda\" src=\"http:\/\/209.133.219.102\/~newunicas\/blog\/wp-content\/uploads\/2014\/03\/lifweek-2014-8.jpg\" alt=\"LIF Week 2014: hoy empieza la semana de la moda\" width=\"600\" srcset=\"https:\/\/www.unicas.pe\/blog\/wp-content\/uploads\/2014\/03\/lifweek-2014-8.jpg 650w, https:\/\/www.unicas.pe\/blog\/wp-content\/uploads\/2014\/03\/lifweek-2014-8-300x225.jpg 300w, https:\/\/www.unicas.pe\/blog\/wp-content\/uploads\/2014\/03\/lifweek-2014-8-80x60.jpg 80w, https:\/\/www.unicas.pe\/blog\/wp-content\/uploads\/2014\/03\/lifweek-2014-8-160x120.jpg 160w, https:\/\/www.unicas.pe\/blog\/wp-content\/uploads\/2014\/03\/lifweek-2014-8-265x198.jpg 265w, https:\/\/www.unicas.pe\/blog\/wp-content\/uploads\/2014\/03\/lifweek-2014-8-530x396.jpg 530w, https:\/\/www.unicas.pe\/blog\/wp-content\/uploads\/2014\/03\/lifweek-2014-8-648x487.jpg 648w, https:\/\/www.unicas.pe\/blog\/wp-content\/uploads\/2014\/03\/lifweek-2014-8-561x420.jpg 561w\" sizes=\"(max-width: 650px) 100vw, 650px\" \/><\/p>\n<p><strong>Te detallamos los d\u00edas de desfile:<\/strong><\/p>\n<p><span style=\"text-decoration: underline;\"><strong>Lunes 31 de marzo:<\/strong><\/span><\/p>\n<p>7 pm &#8211; Emporium<\/p>\n<p>8 pm &#8211; Ani \u00c1lvarez Calder\u00f3n<\/p>\n<p>9 pm &#8211; \u00a0Kenneth Cole<\/p>\n<p>Martes 1 de abril:<\/p>\n<p>6 pm &#8211; Desfile de nuevos talentos con \u00c1ngeles Schlegel, Susan Wagner y Tal\u00eda Berckemeyer<\/p>\n<p>7 pm &#8211; Yirko Sivirich<\/p>\n<p>8 pm &#8211; Basement<\/p>\n<p>9 pm &#8211; Ana Mar\u00eda Guiulfo<\/p>\n<p><span style=\"text-decoration: underline;\"><strong>Mi\u00e9rcoles 2 de abril:<\/strong><\/span><\/p>\n<p>6 pm &#8211; Fina<\/p>\n<p>7 pm &#8211; \u00a0Roger Loayza<\/p>\n<p>8 pm &#8211; Sitka Semsch<\/p>\n<p>9 pm &#8211; \u00a0F\u00e1tima Arrieta<\/p>\n<p>Jueves 3 de abril:<\/p>\n<p>7 pm &#8211; Jimena Mujica<\/p>\n<p>8 pm &#8211; Ilaria<\/p>\n<p>9 pm &#8211; Claudia Jim\u00e9nez<\/p>\n<p><span style=\"text-decoration: underline;\"><strong>Viernes 4 de abril:<\/strong><\/span><\/p>\n<p>6 pm &#8211; Gerardo Privat<\/p>\n<p>7 pm &#8211; Kuna<\/p>\n<p>8 pm &#8211; Jorge Luis Salinas<\/p>\n<p>9 pm\/ Noe Bernacelli<\/p>\n","protected":false},"excerpt":{"rendered":"<p>Hoy se inicia el Lima Fashion Week 2014. Este importante evento de la moda, contar\u00e1 con 20 dise\u00f1adores peruanos, quienes han destacado a nivel mundial.<\/p>\n","protected":false},"author":1,"featured_media":4875,"comment_status":"closed","ping_status":"open","sticky":false,"template":"","format":"standard","meta":[],"categories":[26],"tags":[2094,6024,2082,2143,2198,4857,6027,6021,2172,2194,2196,364,5981,6030,6028,2000,6017,6029,2149,6022,6023,6026,6025],"yoast_head":"<!-- This site is optimized with the Yoast SEO plugin v16.0.2 - https:\/\/yoast.com\/wordpress\/plugins\/seo\/ -->\n<link rel=\"canonical\" href=\"https:\/\/www.unicas.pe\/blog\/lifweek-2014-programacion\/\" \/>\n<meta property=\"og:locale\" content=\"es_ES\" \/>\n<meta property=\"og:type\" content=\"article\" \/>\n<meta property=\"og:title\" content=\"LIF Week 2014: hoy empieza la semana de la moda - Unicas\" \/>\n<meta property=\"og:description\" content=\"Hoy se inicia el Lima Fashion Week 2014. Este importante evento de la moda, contar\u00e1 con 20 dise\u00f1adores peruanos, quienes han destacado a nivel mundial.\" \/>\n<meta property=\"og:url\" content=\"https:\/\/www.unicas.pe\/blog\/lifweek-2014-programacion\/\" \/>\n<meta property=\"og:site_name\" content=\"Unicas\" \/>\n<meta property=\"article:published_time\" content=\"2014-04-01T02:10:51+00:00\" \/>\n<meta property=\"article:modified_time\" content=\"2019-01-11T02:34:19+00:00\" \/>\n<meta property=\"og:image\" content=\"https:\/\/www.unicas.pe\/blog\/wp-content\/uploads\/2014\/03\/lifweek-2014-1.jpg\" \/>\n\t<meta property=\"og:image:width\" content=\"650\" \/>\n\t<meta property=\"og:image:height\" content=\"364\" \/>\n<meta name=\"twitter:card\" content=\"summary_large_image\" \/>\n<meta name=\"twitter:label1\" content=\"Tiempo de lectura\">\n\t<meta name=\"twitter:data1\" content=\"2 minutos\">\n<script type=\"application\/ld+json\" class=\"yoast-schema-graph\">{\"@context\":\"https:\/\/schema.org\",\"@graph\":[{\"@type\":\"WebSite\",\"@id\":\"https:\/\/www.unicas.pe\/blog\/#website\",\"url\":\"https:\/\/www.unicas.pe\/blog\/\",\"name\":\"Unicas\",\"description\":\"Blog sobre belleza, maquillaje, moda, y mucho m\\u00e1s.\",\"potentialAction\":[{\"@type\":\"SearchAction\",\"target\":\"https:\/\/www.unicas.pe\/blog\/?s={search_term_string}\",\"query-input\":\"required name=search_term_string\"}],\"inLanguage\":\"es\"},{\"@type\":\"ImageObject\",\"@id\":\"https:\/\/www.unicas.pe\/blog\/lifweek-2014-programacion\/#primaryimage\",\"inLanguage\":\"es\",\"url\":\"https:\/\/www.unicas.pe\/blog\/wp-content\/uploads\/2014\/03\/lifweek-2014-1.jpg\",\"width\":650,\"height\":364,\"caption\":\"LIF Week 2014: hoy empieza la semana de la moda\"},{\"@type\":\"WebPage\",\"@id\":\"https:\/\/www.unicas.pe\/blog\/lifweek-2014-programacion\/#webpage\",\"url\":\"https:\/\/www.unicas.pe\/blog\/lifweek-2014-programacion\/\",\"name\":\"LIF Week 2014: hoy empieza la semana de la moda - Unicas\",\"isPartOf\":{\"@id\":\"https:\/\/www.unicas.pe\/blog\/#website\"},\"primaryImageOfPage\":{\"@id\":\"https:\/\/www.unicas.pe\/blog\/lifweek-2014-programacion\/#primaryimage\"},\"datePublished\":\"2014-04-01T02:10:51+00:00\",\"dateModified\":\"2019-01-11T02:34:19+00:00\",\"author\":{\"@id\":\"https:\/\/www.unicas.pe\/blog\/#\/schema\/person\/60053f595c6d0f3f11ed52a01c961cdb\"},\"breadcrumb\":{\"@id\":\"https:\/\/www.unicas.pe\/blog\/lifweek-2014-programacion\/#breadcrumb\"},\"inLanguage\":\"es\",\"potentialAction\":[{\"@type\":\"ReadAction\",\"target\":[\"https:\/\/www.unicas.pe\/blog\/lifweek-2014-programacion\/\"]}]},{\"@type\":\"BreadcrumbList\",\"@id\":\"https:\/\/www.unicas.pe\/blog\/lifweek-2014-programacion\/#breadcrumb\",\"itemListElement\":[{\"@type\":\"ListItem\",\"position\":1,\"item\":{\"@type\":\"WebPage\",\"@id\":\"https:\/\/www.unicas.pe\/blog\/\",\"url\":\"https:\/\/www.unicas.pe\/blog\/\",\"name\":\"Portada\"}},{\"@type\":\"ListItem\",\"position\":2,\"item\":{\"@type\":\"WebPage\",\"@id\":\"https:\/\/www.unicas.pe\/blog\/lifweek-2014-programacion\/\",\"url\":\"https:\/\/www.unicas.pe\/blog\/lifweek-2014-programacion\/\",\"name\":\"LIF Week 2014: hoy empieza la semana de la moda\"}}]},{\"@type\":\"Person\",\"@id\":\"https:\/\/www.unicas.pe\/blog\/#\/schema\/person\/60053f595c6d0f3f11ed52a01c961cdb\",\"name\":\"Katty Gora\",\"image\":{\"@type\":\"ImageObject\",\"@id\":\"https:\/\/www.unicas.pe\/blog\/#personlogo\",\"inLanguage\":\"es\",\"url\":\"https:\/\/www.unicas.pe\/blog\/wp-content\/uploads\/2019\/01\/168392_1786370415133_366102_n-150x150.jpg\",\"caption\":\"Katty Gora\"},\"description\":\"Katty is a passionate blogger, diving into different subjects like fashion, trends, styles and news and more. Discover the great insight of a true quality blogger!\"}]}<\/script>\n<!-- \/ Yoast SEO plugin. -->","_links":{"self":[{"href":"https:\/\/www.unicas.pe\/blog\/wp-json\/wp\/v2\/posts\/4883"}],"collection":[{"href":"https:\/\/www.unicas.pe\/blog\/wp-json\/wp\/v2\/posts"}],"about":[{"href":"https:\/\/www.unicas.pe\/blog\/wp-json\/wp\/v2\/types\/post"}],"author":[{"embeddable":true,"href":"https:\/\/www.unicas.pe\/blog\/wp-json\/wp\/v2\/users\/1"}],"replies":[{"embeddable":true,"href":"https:\/\/www.unicas.pe\/blog\/wp-json\/wp\/v2\/comments?post=4883"}],"version-history":[{"count":1,"href":"https:\/\/www.unicas.pe\/blog\/wp-json\/wp\/v2\/posts\/4883\/revisions"}],"predecessor-version":[{"id":10482,"href":"https:\/\/www.unicas.pe\/blog\/wp-json\/wp\/v2\/posts\/4883\/revisions\/10482"}],"wp:featuredmedia":[{"embeddable":true,"href":"https:\/\/www.unicas.pe\/blog\/wp-json\/wp\/v2\/media\/4875"}],"wp:attachment":[{"href":"https:\/\/www.unicas.pe\/blog\/wp-json\/wp\/v2\/media?parent=4883"}],"wp:term":[{"taxonomy":"category","embeddable":true,"href":"https:\/\/www.unicas.pe\/blog\/wp-json\/wp\/v2\/categories?post=4883"},{"taxonomy":"post_tag","embeddable":true,"href":"https:\/\/www.unicas.pe\/blog\/wp-json\/wp\/v2\/tags?post=4883"}],"curies":[{"name":"wp","href":"https:\/\/api.w.org\/{rel}","templated":true}]}}