{"id":4892,"date":"2014-03-31T21:27:40","date_gmt":"2014-04-01T02:27:40","guid":{"rendered":"http:\/\/209.133.219.102\/~newunicas\/blog\/2014\/03\/31\/ani-alvarez-calderon-lifweek\/"},"modified":"2019-01-10T21:34:19","modified_gmt":"2019-01-11T02:34:19","slug":"ani-alvarez-calderon-lifweek","status":"publish","type":"post","link":"https:\/\/www.unicas.pe\/blog\/ani-alvarez-calderon-lifweek\/","title":{"rendered":"Ani \u00c1lvarez Calder\u00f3n presenta hoy su colecci\u00f3n en LIF Week 2014"},"content":{"rendered":"<p>La dise\u00f1adora Ani \u00c1lvarez Calder\u00f3n presentar\u00e1 esta noche sus mejores dise\u00f1os en el LIF Week 2014. Su colecci\u00f3n est\u00e1 inspirada en los incas entre otros conceptos.<\/p>\n<p>  <!--more-->  <\/p>\n<p>Hoy es un gran d\u00eda para <strong>Ani \u00c1lvarez Calder\u00f3n<\/strong>. Esta destacada dise\u00f1adora peruana \u00a0presentar\u00e1 su colecci\u00f3n en la semana de la moda de Lima. Las 30 prendas que desfilar\u00e1n \u00a0en la pasarela de, <strong>LIF Week 2014<\/strong>, est\u00e1 inspirada en la creencia de que los incas descienden de seres alados. Otro concepto que trae Ani es la cultura y el ser humano despu\u00e9s de la muerte. Tambi\u00e9n est\u00e1n presentes algunos animales t\u00edpicos del Per\u00fa.<\/p>\n<p><img class=\" size-full wp-image-4884\" style=\"display: block; margin-left: auto; margin-right: auto;\" title=\"Ani \u00c1lvarez Calder\u00f3n presenta hoy su colecci\u00f3n en LIF Week 2014\" src=\"http:\/\/209.133.219.102\/~newunicas\/blog\/wp-content\/uploads\/2014\/03\/ani-alvarez1.jpg\" alt=\"Ani \u00c1lvarez Calder\u00f3n presenta hoy su colecci\u00f3n en LIF Week 2014\" width=\"600\" srcset=\"https:\/\/www.unicas.pe\/blog\/wp-content\/uploads\/2014\/03\/ani-alvarez1.jpg 650w, https:\/\/www.unicas.pe\/blog\/wp-content\/uploads\/2014\/03\/ani-alvarez1-237x300.jpg 237w, https:\/\/www.unicas.pe\/blog\/wp-content\/uploads\/2014\/03\/ani-alvarez1-332x420.jpg 332w\" sizes=\"(max-width: 650px) 100vw, 650px\" \/><\/p>\n<h2>Qui\u00e9n es Ani \u00c1lvarez Calder\u00f3n<\/h2>\n<p>Algunos cr\u00edticos de moda, la califican como una mujer innovadora, creativa, apasionada del arte y entregada a su carrera. Ani fue una alumna destacada en el Rhode Island School of Design de los Estados Unidos, el cual complement\u00f3 con una experiencia de trabajo con <strong>Michael Kors<\/strong> en Nueva York. Desde su regreso a Lima en 1992, Ani ha tenido dos metas en mente: contribuir a la creaci\u00f3n y consolidaci\u00f3n del mundo de la moda en Per\u00fa, as\u00ed como explorar las posibilidades de este pa\u00eds dentro de esta industria. \u00a0Pasarelas de Miami, Washington, Panam\u00e1, Colombia, Par\u00eds, M\u00e9xico, y por supuesto Lima, han visto sus creaciones.<\/p>\n<p><img class=\" size-full wp-image-4885\" style=\"display: block; margin-left: auto; margin-right: auto;\" title=\"Ani \u00c1lvarez Calder\u00f3n presenta hoy su colecci\u00f3n en LIF Week 2014\" src=\"http:\/\/209.133.219.102\/~newunicas\/blog\/wp-content\/uploads\/2014\/03\/ani-alvarez2.jpg\" alt=\"Ani \u00c1lvarez Calder\u00f3n presenta hoy su colecci\u00f3n en LIF Week 2014\" width=\"600\" srcset=\"https:\/\/www.unicas.pe\/blog\/wp-content\/uploads\/2014\/03\/ani-alvarez2.jpg 650w, https:\/\/www.unicas.pe\/blog\/wp-content\/uploads\/2014\/03\/ani-alvarez2-200x300.jpg 200w, https:\/\/www.unicas.pe\/blog\/wp-content\/uploads\/2014\/03\/ani-alvarez2-281x420.jpg 281w, https:\/\/www.unicas.pe\/blog\/wp-content\/uploads\/2014\/03\/ani-alvarez2-561x840.jpg 561w\" sizes=\"(max-width: 650px) 100vw, 650px\" \/><\/p>\n<p><img class=\" size-full wp-image-4886\" style=\"display: block; margin-left: auto; margin-right: auto;\" title=\"Ani \u00c1lvarez Calder\u00f3n presenta hoy su colecci\u00f3n en LIF Week 2014\" src=\"http:\/\/209.133.219.102\/~newunicas\/blog\/wp-content\/uploads\/2014\/03\/ani-alvarez3.jpg\" alt=\"Ani \u00c1lvarez Calder\u00f3n presenta hoy su colecci\u00f3n en LIF Week 2014\" width=\"600\" srcset=\"https:\/\/www.unicas.pe\/blog\/wp-content\/uploads\/2014\/03\/ani-alvarez3.jpg 650w, https:\/\/www.unicas.pe\/blog\/wp-content\/uploads\/2014\/03\/ani-alvarez3-300x200.jpg 300w, https:\/\/www.unicas.pe\/blog\/wp-content\/uploads\/2014\/03\/ani-alvarez3-648x433.jpg 648w, https:\/\/www.unicas.pe\/blog\/wp-content\/uploads\/2014\/03\/ani-alvarez3-630x420.jpg 630w\" sizes=\"(max-width: 650px) 100vw, 650px\" \/><\/p>\n<p>La dise\u00f1adora peruana ha participado en todas las ediciones de <strong>LIF Week<\/strong> y ha sorprendido con prendas inspiradas en Santa Rosa, los incas, el barroco, joyas y mosaicos. El tema que siempre destaca en cada ropa que dise\u00f1a es enaltecer las formas de la mujer mezclando modernidad y glamour.<\/p>\n<p><img class=\" size-full wp-image-4887\" style=\"display: block; margin-left: auto; margin-right: auto;\" title=\"Ani \u00c1lvarez Calder\u00f3n presenta hoy su colecci\u00f3n en LIF Week 2014\" src=\"http:\/\/209.133.219.102\/~newunicas\/blog\/wp-content\/uploads\/2014\/03\/ani-alvarez4.jpg\" alt=\"Ani \u00c1lvarez Calder\u00f3n presenta hoy su colecci\u00f3n en LIF Week 2014\" width=\"600\" srcset=\"https:\/\/www.unicas.pe\/blog\/wp-content\/uploads\/2014\/03\/ani-alvarez4.jpg 650w, https:\/\/www.unicas.pe\/blog\/wp-content\/uploads\/2014\/03\/ani-alvarez4-300x225.jpg 300w, https:\/\/www.unicas.pe\/blog\/wp-content\/uploads\/2014\/03\/ani-alvarez4-80x60.jpg 80w, https:\/\/www.unicas.pe\/blog\/wp-content\/uploads\/2014\/03\/ani-alvarez4-160x120.jpg 160w, https:\/\/www.unicas.pe\/blog\/wp-content\/uploads\/2014\/03\/ani-alvarez4-265x198.jpg 265w, https:\/\/www.unicas.pe\/blog\/wp-content\/uploads\/2014\/03\/ani-alvarez4-559x420.jpg 559w\" sizes=\"(max-width: 650px) 100vw, 650px\" \/><\/p>\n<p><img class=\" size-full wp-image-4888\" style=\"display: block; margin-left: auto; margin-right: auto;\" title=\"Ani \u00c1lvarez Calder\u00f3n presenta hoy su colecci\u00f3n en LIF Week 2014\" src=\"http:\/\/209.133.219.102\/~newunicas\/blog\/wp-content\/uploads\/2014\/03\/ani-alvarez5.jpg\" alt=\"Ani \u00c1lvarez Calder\u00f3n presenta hoy su colecci\u00f3n en LIF Week 2014\" width=\"600\" srcset=\"https:\/\/www.unicas.pe\/blog\/wp-content\/uploads\/2014\/03\/ani-alvarez5.jpg 650w, https:\/\/www.unicas.pe\/blog\/wp-content\/uploads\/2014\/03\/ani-alvarez5-300x200.jpg 300w, https:\/\/www.unicas.pe\/blog\/wp-content\/uploads\/2014\/03\/ani-alvarez5-648x433.jpg 648w, https:\/\/www.unicas.pe\/blog\/wp-content\/uploads\/2014\/03\/ani-alvarez5-630x420.jpg 630w\" sizes=\"(max-width: 650px) 100vw, 650px\" \/><\/p>\n<p>Ani \u00c1lvarez Calder\u00f3n es la fundadora y directora de dise\u00f1o de la casa peruana de alta costura que lleva su nombre. Ani \u00a0siempre tiene presente que la ropa no es tan importante como la sensaci\u00f3n que produce pon\u00e9rsela. \u00abLa ropa en s\u00ed no tiene tanto valor. No es el fin del mundo no tener determinado vestido: es la novedad lo que te hace sentir cosas especiales, se\u00f1al\u00f3 Ani. Ella cuenta que en una ocasi\u00f3n la Primera Dama Nadine Heredia viaj\u00f3 a Nueva York invitada por la ONU, donde en el c\u00f3ctel, luci\u00f3 un hermoso vestido dise\u00f1ado por Ani.<\/p>\n<p><img class=\" size-full wp-image-4889\" style=\"display: block; margin-left: auto; margin-right: auto;\" title=\"Ani \u00c1lvarez Calder\u00f3n presenta hoy su colecci\u00f3n en LIF Week 2014\" src=\"http:\/\/209.133.219.102\/~newunicas\/blog\/wp-content\/uploads\/2014\/03\/ani-alvarez6.jpg\" alt=\"Ani \u00c1lvarez Calder\u00f3n presenta hoy su colecci\u00f3n en LIF Week 2014\" width=\"600\" srcset=\"https:\/\/www.unicas.pe\/blog\/wp-content\/uploads\/2014\/03\/ani-alvarez6.jpg 650w, https:\/\/www.unicas.pe\/blog\/wp-content\/uploads\/2014\/03\/ani-alvarez6-237x300.jpg 237w, https:\/\/www.unicas.pe\/blog\/wp-content\/uploads\/2014\/03\/ani-alvarez6-332x420.jpg 332w\" sizes=\"(max-width: 650px) 100vw, 650px\" \/><\/p>\n<h2>Lif Week 2014<\/h2>\n<p>La destacada Ani \u00c1lvarez Calder\u00f3n presentar\u00e1 su marca el lunes 31 de marzo a las 8:00 pm, antes del desfile de <strong>Kenneth Cole<\/strong>. Los temas de su inspiraci\u00f3n han sido: la cultura inca, el cielo, Dios, despu\u00e9s de la muerte, animales t\u00edpicos entre otros conceptos. La tela que la dise\u00f1adora usar\u00e1 ser\u00e1 spacer, ya que seg\u00fan refiere, le permite jugar con los vol\u00famenes. Los colores que estar\u00e1n presentes en el desfile van desde los rojos, verdes, oro y multicolores.<\/p>\n<p><img class=\" size-full wp-image-4890\" style=\"display: block; margin-left: auto; margin-right: auto;\" title=\"Ani \u00c1lvarez Calder\u00f3n presenta hoy su colecci\u00f3n en LIF Week 2014\" src=\"http:\/\/209.133.219.102\/~newunicas\/blog\/wp-content\/uploads\/2014\/03\/ani-alvarez7.jpg\" alt=\"Ani \u00c1lvarez Calder\u00f3n presenta hoy su colecci\u00f3n en LIF Week 2014\" width=\"600\" srcset=\"https:\/\/www.unicas.pe\/blog\/wp-content\/uploads\/2014\/03\/ani-alvarez7.jpg 650w, https:\/\/www.unicas.pe\/blog\/wp-content\/uploads\/2014\/03\/ani-alvarez7-300x225.jpg 300w, https:\/\/www.unicas.pe\/blog\/wp-content\/uploads\/2014\/03\/ani-alvarez7-80x60.jpg 80w, https:\/\/www.unicas.pe\/blog\/wp-content\/uploads\/2014\/03\/ani-alvarez7-160x120.jpg 160w, https:\/\/www.unicas.pe\/blog\/wp-content\/uploads\/2014\/03\/ani-alvarez7-265x198.jpg 265w, https:\/\/www.unicas.pe\/blog\/wp-content\/uploads\/2014\/03\/ani-alvarez7-530x396.jpg 530w, https:\/\/www.unicas.pe\/blog\/wp-content\/uploads\/2014\/03\/ani-alvarez7-648x487.jpg 648w, https:\/\/www.unicas.pe\/blog\/wp-content\/uploads\/2014\/03\/ani-alvarez7-561x420.jpg 561w\" sizes=\"(max-width: 650px) 100vw, 650px\" \/><\/p>\n<p>Para la dise\u00f1adora Ani \u00c1lvarez Calder\u00f3n el <strong>LIF Week<\/strong> organizado en Lima debe convertirse en un importante capital de la moda. Ella resalt\u00f3 la participaci\u00f3n de nuevos dise\u00f1adores, marcas y el inter\u00e9s que da la prensa a este evento. An\u00ed cree que Lima, pronto se convertir\u00e1 en el circuito internacional \u00a0as\u00ed como Londres, Par\u00eds y el Per\u00fa. Sin duda eso se har\u00e1 realidad, gracias al gran talento peruano.<\/p>\n<p><img class=\" size-full wp-image-4891\" style=\"display: block; margin-left: auto; margin-right: auto;\" title=\"Ani \u00c1lvarez Calder\u00f3n presenta hoy su colecci\u00f3n en LIF Week 2014\" src=\"http:\/\/209.133.219.102\/~newunicas\/blog\/wp-content\/uploads\/2014\/03\/ani-alvarez8.jpg\" alt=\"Ani \u00c1lvarez Calder\u00f3n presenta hoy su colecci\u00f3n en LIF Week 2014\" width=\"600\" srcset=\"https:\/\/www.unicas.pe\/blog\/wp-content\/uploads\/2014\/03\/ani-alvarez8.jpg 650w, https:\/\/www.unicas.pe\/blog\/wp-content\/uploads\/2014\/03\/ani-alvarez8-300x172.jpg 300w, https:\/\/www.unicas.pe\/blog\/wp-content\/uploads\/2014\/03\/ani-alvarez8-648x372.jpg 648w\" sizes=\"(max-width: 650px) 100vw, 650px\" \/><\/p>\n","protected":false},"excerpt":{"rendered":"<p>La dise\u00f1adora Ani \u00c1lvarez Calder\u00f3n presentar\u00e1 esta noche sus mejores dise\u00f1os en el LIF Week 2014. Su colecci\u00f3n est\u00e1 inspirada en los incas entre otros conceptos.<\/p>\n","protected":false},"author":1,"featured_media":4884,"comment_status":"closed","ping_status":"open","sticky":false,"template":"","format":"standard","meta":[],"categories":[26],"tags":[2082],"yoast_head":"<!-- This site is optimized with the Yoast SEO plugin v16.0.2 - https:\/\/yoast.com\/wordpress\/plugins\/seo\/ -->\n<link rel=\"canonical\" href=\"https:\/\/www.unicas.pe\/blog\/ani-alvarez-calderon-lifweek\/\" \/>\n<meta property=\"og:locale\" content=\"es_ES\" \/>\n<meta property=\"og:type\" content=\"article\" \/>\n<meta property=\"og:title\" content=\"Ani \u00c1lvarez Calder\u00f3n presenta hoy su colecci\u00f3n en LIF Week 2014 - Unicas\" \/>\n<meta property=\"og:description\" content=\"La dise\u00f1adora Ani \u00c1lvarez Calder\u00f3n presentar\u00e1 esta noche sus mejores dise\u00f1os en el LIF Week 2014. Su colecci\u00f3n est\u00e1 inspirada en los incas entre otros conceptos.\" \/>\n<meta property=\"og:url\" content=\"https:\/\/www.unicas.pe\/blog\/ani-alvarez-calderon-lifweek\/\" \/>\n<meta property=\"og:site_name\" content=\"Unicas\" \/>\n<meta property=\"article:published_time\" content=\"2014-04-01T02:27:40+00:00\" \/>\n<meta property=\"article:modified_time\" content=\"2019-01-11T02:34:19+00:00\" \/>\n<meta property=\"og:image\" content=\"https:\/\/www.unicas.pe\/blog\/wp-content\/uploads\/2014\/03\/ani-alvarez1.jpg\" \/>\n\t<meta property=\"og:image:width\" content=\"650\" \/>\n\t<meta property=\"og:image:height\" content=\"822\" \/>\n<meta name=\"twitter:card\" content=\"summary_large_image\" \/>\n<meta name=\"twitter:label1\" content=\"Tiempo de lectura\">\n\t<meta name=\"twitter:data1\" content=\"3 minutos\">\n<script type=\"application\/ld+json\" class=\"yoast-schema-graph\">{\"@context\":\"https:\/\/schema.org\",\"@graph\":[{\"@type\":\"WebSite\",\"@id\":\"https:\/\/www.unicas.pe\/blog\/#website\",\"url\":\"https:\/\/www.unicas.pe\/blog\/\",\"name\":\"Unicas\",\"description\":\"Blog sobre belleza, maquillaje, moda, y mucho m\\u00e1s.\",\"potentialAction\":[{\"@type\":\"SearchAction\",\"target\":\"https:\/\/www.unicas.pe\/blog\/?s={search_term_string}\",\"query-input\":\"required name=search_term_string\"}],\"inLanguage\":\"es\"},{\"@type\":\"ImageObject\",\"@id\":\"https:\/\/www.unicas.pe\/blog\/ani-alvarez-calderon-lifweek\/#primaryimage\",\"inLanguage\":\"es\",\"url\":\"https:\/\/www.unicas.pe\/blog\/wp-content\/uploads\/2014\/03\/ani-alvarez1.jpg\",\"width\":650,\"height\":822,\"caption\":\"Ani \\u00c1lvarez Calder\\u00f3n presenta hoy su colecci\\u00f3n en LIF Week 2014\"},{\"@type\":\"WebPage\",\"@id\":\"https:\/\/www.unicas.pe\/blog\/ani-alvarez-calderon-lifweek\/#webpage\",\"url\":\"https:\/\/www.unicas.pe\/blog\/ani-alvarez-calderon-lifweek\/\",\"name\":\"Ani \\u00c1lvarez Calder\\u00f3n presenta hoy su colecci\\u00f3n en LIF Week 2014 - Unicas\",\"isPartOf\":{\"@id\":\"https:\/\/www.unicas.pe\/blog\/#website\"},\"primaryImageOfPage\":{\"@id\":\"https:\/\/www.unicas.pe\/blog\/ani-alvarez-calderon-lifweek\/#primaryimage\"},\"datePublished\":\"2014-04-01T02:27:40+00:00\",\"dateModified\":\"2019-01-11T02:34:19+00:00\",\"author\":{\"@id\":\"https:\/\/www.unicas.pe\/blog\/#\/schema\/person\/60053f595c6d0f3f11ed52a01c961cdb\"},\"breadcrumb\":{\"@id\":\"https:\/\/www.unicas.pe\/blog\/ani-alvarez-calderon-lifweek\/#breadcrumb\"},\"inLanguage\":\"es\",\"potentialAction\":[{\"@type\":\"ReadAction\",\"target\":[\"https:\/\/www.unicas.pe\/blog\/ani-alvarez-calderon-lifweek\/\"]}]},{\"@type\":\"BreadcrumbList\",\"@id\":\"https:\/\/www.unicas.pe\/blog\/ani-alvarez-calderon-lifweek\/#breadcrumb\",\"itemListElement\":[{\"@type\":\"ListItem\",\"position\":1,\"item\":{\"@type\":\"WebPage\",\"@id\":\"https:\/\/www.unicas.pe\/blog\/\",\"url\":\"https:\/\/www.unicas.pe\/blog\/\",\"name\":\"Portada\"}},{\"@type\":\"ListItem\",\"position\":2,\"item\":{\"@type\":\"WebPage\",\"@id\":\"https:\/\/www.unicas.pe\/blog\/ani-alvarez-calderon-lifweek\/\",\"url\":\"https:\/\/www.unicas.pe\/blog\/ani-alvarez-calderon-lifweek\/\",\"name\":\"Ani \\u00c1lvarez Calder\\u00f3n presenta hoy su colecci\\u00f3n en LIF Week 2014\"}}]},{\"@type\":\"Person\",\"@id\":\"https:\/\/www.unicas.pe\/blog\/#\/schema\/person\/60053f595c6d0f3f11ed52a01c961cdb\",\"name\":\"Katty Gora\",\"image\":{\"@type\":\"ImageObject\",\"@id\":\"https:\/\/www.unicas.pe\/blog\/#personlogo\",\"inLanguage\":\"es\",\"url\":\"https:\/\/www.unicas.pe\/blog\/wp-content\/uploads\/2019\/01\/168392_1786370415133_366102_n-150x150.jpg\",\"caption\":\"Katty Gora\"},\"description\":\"Katty is a passionate blogger, diving into different subjects like fashion, trends, styles and news and more. Discover the great insight of a true quality blogger!\"}]}<\/script>\n<!-- \/ Yoast SEO plugin. -->","_links":{"self":[{"href":"https:\/\/www.unicas.pe\/blog\/wp-json\/wp\/v2\/posts\/4892"}],"collection":[{"href":"https:\/\/www.unicas.pe\/blog\/wp-json\/wp\/v2\/posts"}],"about":[{"href":"https:\/\/www.unicas.pe\/blog\/wp-json\/wp\/v2\/types\/post"}],"author":[{"embeddable":true,"href":"https:\/\/www.unicas.pe\/blog\/wp-json\/wp\/v2\/users\/1"}],"replies":[{"embeddable":true,"href":"https:\/\/www.unicas.pe\/blog\/wp-json\/wp\/v2\/comments?post=4892"}],"version-history":[{"count":1,"href":"https:\/\/www.unicas.pe\/blog\/wp-json\/wp\/v2\/posts\/4892\/revisions"}],"predecessor-version":[{"id":10481,"href":"https:\/\/www.unicas.pe\/blog\/wp-json\/wp\/v2\/posts\/4892\/revisions\/10481"}],"wp:featuredmedia":[{"embeddable":true,"href":"https:\/\/www.unicas.pe\/blog\/wp-json\/wp\/v2\/media\/4884"}],"wp:attachment":[{"href":"https:\/\/www.unicas.pe\/blog\/wp-json\/wp\/v2\/media?parent=4892"}],"wp:term":[{"taxonomy":"category","embeddable":true,"href":"https:\/\/www.unicas.pe\/blog\/wp-json\/wp\/v2\/categories?post=4892"},{"taxonomy":"post_tag","embeddable":true,"href":"https:\/\/www.unicas.pe\/blog\/wp-json\/wp\/v2\/tags?post=4892"}],"curies":[{"name":"wp","href":"https:\/\/api.w.org\/{rel}","templated":true}]}}