{"id":4899,"date":"2014-03-31T22:02:18","date_gmt":"2014-04-01T03:02:18","guid":{"rendered":"http:\/\/209.133.219.102\/~newunicas\/blog\/2014\/03\/31\/kenneth-cole-lifweek\/"},"modified":"2019-01-10T21:34:18","modified_gmt":"2019-01-11T02:34:18","slug":"kenneth-cole-lifweek","status":"publish","type":"post","link":"https:\/\/www.unicas.pe\/blog\/kenneth-cole-lifweek\/","title":{"rendered":"Kenneth Cole  se presentar\u00e1 hoy en el Lima Fashion Week 2014"},"content":{"rendered":"<p style=\"text-align: justify;\">Kenneth Cole, ser\u00e1 el dise\u00f1ador invitado en la pasarela del Lima Fashion Week 2014. \u00c9l mostrar\u00e1 su reciente colecci\u00f3n que present\u00f3 en la Semana de la Moda en Nueva York.<\/p>\n<p>  <!--more-->  <\/p>\n<p style=\"text-align: justify;\">Ya faltan pocas horas para que se inicie la sexta edici\u00f3n del Lima Fashion Week 2014. El evento tendr\u00e1 como invitado especial al dise\u00f1ador estadounidense Kenneth Cole. La colecci\u00f3n de este reconocido maestro de la moda, ser\u00e1 presentado por \u00a0primera vez en el mercado de Latinoam\u00e9rica.<\/p>\n<p><img class=\" size-full wp-image-4895\" style=\"display: block; margin-left: auto; margin-right: auto;\" title=\"Kenneth Cole  se presentar\u00e1 hoy en el Lima Fashion Week 2014\" src=\"http:\/\/209.133.219.102\/~newunicas\/blog\/wp-content\/uploads\/2014\/03\/kenneth-cole1.jpg\" alt=\"Kenneth Cole  se presentar\u00e1 hoy en el Lima Fashion Week 2014\" width=\"600\" srcset=\"https:\/\/www.unicas.pe\/blog\/wp-content\/uploads\/2014\/03\/kenneth-cole1.jpg 650w, https:\/\/www.unicas.pe\/blog\/wp-content\/uploads\/2014\/03\/kenneth-cole1-300x168.jpg 300w, https:\/\/www.unicas.pe\/blog\/wp-content\/uploads\/2014\/03\/kenneth-cole1-648x363.jpg 648w\" sizes=\"(max-width: 650px) 100vw, 650px\" \/><\/p>\n<p style=\"text-align: justify;\">Kenneth con 52 a\u00f1os de edad, es uno de los dise\u00f1adores m\u00e1s populares del mundo, por su estilo urbano y muy elegante que viste tanto hombres como a mujeres. El dise\u00f1ador estadounidense llega por primera vez al Per\u00fa y adem\u00e1s mostrar\u00e1 en exclusiva sus dise\u00f1os que se exhibieron en \u00a0la <strong>Semana de la Moda de Nueva York<\/strong>.<\/p>\n<p style=\"text-align: center;\"><iframe loading=\"lazy\" src=\"\/\/www.youtube.com\/embed\/zQQvH1Yvzm0\" width=\"560\" height=\"315\" frameborder=\"0\" allowfullscreen=\"\"><\/iframe><\/p>\n<p>El desfile de Kenneth Cole ser\u00e1 el 31 de marzo a las 9:00pm. Su colecci\u00f3n esta inspirada en los colores b\u00e1sicos: blanco y negro. Adem\u00e1s dentro de las prendas est\u00e1n, los enterizos y las faldas largas para las mujeres y los trajes oscuros para los hombres. El invitado internacional se encargar\u00e1 de cerrar el primer d\u00eda de la semana de la moda con un desfile de su m\u00e1s reciente colecci\u00f3n que present\u00f3 en la Semana de la Moda de Nueva York.\u00a0<\/p>\n<p><img class=\" size-full wp-image-4896\" style=\"display: block; margin-left: auto; margin-right: auto;\" title=\"Kenneth Cole  se presentar\u00e1 hoy en el Lima Fashion Week 2014\" src=\"http:\/\/209.133.219.102\/~newunicas\/blog\/wp-content\/uploads\/2014\/03\/kenneth-cole2.jpg\" alt=\"Kenneth Cole  se presentar\u00e1 hoy en el Lima Fashion Week 2014\" width=\"600\" srcset=\"https:\/\/www.unicas.pe\/blog\/wp-content\/uploads\/2014\/03\/kenneth-cole2.jpg 650w, https:\/\/www.unicas.pe\/blog\/wp-content\/uploads\/2014\/03\/kenneth-cole2-200x300.jpg 200w, https:\/\/www.unicas.pe\/blog\/wp-content\/uploads\/2014\/03\/kenneth-cole2-280x420.jpg 280w, https:\/\/www.unicas.pe\/blog\/wp-content\/uploads\/2014\/03\/kenneth-cole2-561x840.jpg 561w\" sizes=\"(max-width: 650px) 100vw, 650px\" \/><\/p>\n<p><img class=\" size-full wp-image-4897\" style=\"display: block; margin-left: auto; margin-right: auto;\" title=\"Kenneth Cole  se presentar\u00e1 hoy en el Lima Fashion Week 2014\" src=\"http:\/\/209.133.219.102\/~newunicas\/blog\/wp-content\/uploads\/2014\/03\/kenneth-cole3.jpg\" alt=\"Kenneth Cole  se presentar\u00e1 hoy en el Lima Fashion Week 2014\" width=\"600\" srcset=\"https:\/\/www.unicas.pe\/blog\/wp-content\/uploads\/2014\/03\/kenneth-cole3.jpg 650w, https:\/\/www.unicas.pe\/blog\/wp-content\/uploads\/2014\/03\/kenneth-cole3-300x168.jpg 300w, https:\/\/www.unicas.pe\/blog\/wp-content\/uploads\/2014\/03\/kenneth-cole3-648x363.jpg 648w\" sizes=\"(max-width: 650px) 100vw, 650px\" \/><\/p>\n<p>Durante su primer d\u00eda en Lima, Cole, quien lleg\u00f3 desde Nueva York junto a su hija Amanda, recorri\u00f3 la ciudad de inc\u00f3gnito. Una de las visitas que mayor placer le caus\u00f3 fue la que realiz\u00f3 al Museo Larco, donde qued\u00f3 fascinado con los telares de las culturas Nazca y Paracas. A trav\u00e9s de su cuenta oficial de Twitter, Kenneth Cole mostr\u00f3 su alegr\u00eda de estar en Lima con esta fotograf\u00eda donde se le ve al lado de la bandera peruana.<\/p>\n<p><img class=\" size-full wp-image-4898\" style=\"display: block; margin-left: auto; margin-right: auto;\" title=\"Kenneth Cole  se presentar\u00e1 hoy en el Lima Fashion Week 2014\" src=\"http:\/\/209.133.219.102\/~newunicas\/blog\/wp-content\/uploads\/2014\/03\/kenneth-cole4.jpg\" alt=\"Kenneth Cole  se presentar\u00e1 hoy en el Lima Fashion Week 2014\" width=\"600\" srcset=\"https:\/\/www.unicas.pe\/blog\/wp-content\/uploads\/2014\/03\/kenneth-cole4.jpg 650w, https:\/\/www.unicas.pe\/blog\/wp-content\/uploads\/2014\/03\/kenneth-cole4-225x300.jpg 225w, https:\/\/www.unicas.pe\/blog\/wp-content\/uploads\/2014\/03\/kenneth-cole4-315x420.jpg 315w, https:\/\/www.unicas.pe\/blog\/wp-content\/uploads\/2014\/03\/kenneth-cole4-630x840.jpg 630w\" sizes=\"(max-width: 650px) 100vw, 650px\" \/><\/p>\n","protected":false},"excerpt":{"rendered":"<p>Kenneth Cole, ser\u00e1 el dise\u00f1ador invitado en la pasarela del Lima Fashion Week 2014. \u00c9l mostrar\u00e1 su reciente colecci\u00f3n que present\u00f3 en la Semana de la Moda en Nueva York.<\/p>\n","protected":false},"author":1,"featured_media":4895,"comment_status":"closed","ping_status":"open","sticky":false,"template":"","format":"standard","meta":[],"categories":[26],"tags":[6035,1866,6037,6033,6034,6030,6012,267,82,1471,3281,1742,6036,291,2391,5989,1293],"yoast_head":"<!-- This site is optimized with the Yoast SEO plugin v16.0.2 - https:\/\/yoast.com\/wordpress\/plugins\/seo\/ -->\n<link rel=\"canonical\" href=\"https:\/\/www.unicas.pe\/blog\/kenneth-cole-lifweek\/\" \/>\n<meta property=\"og:locale\" content=\"es_ES\" \/>\n<meta property=\"og:type\" content=\"article\" \/>\n<meta property=\"og:title\" content=\"Kenneth Cole se presentar\u00e1 hoy en el Lima Fashion Week 2014 - Unicas\" \/>\n<meta property=\"og:description\" content=\"Kenneth Cole, ser\u00e1 el dise\u00f1ador invitado en la pasarela del Lima Fashion Week 2014. \u00c9l mostrar\u00e1 su reciente colecci\u00f3n que present\u00f3 en la Semana de la Moda en Nueva York.\" \/>\n<meta property=\"og:url\" content=\"https:\/\/www.unicas.pe\/blog\/kenneth-cole-lifweek\/\" \/>\n<meta property=\"og:site_name\" content=\"Unicas\" \/>\n<meta property=\"article:published_time\" content=\"2014-04-01T03:02:18+00:00\" \/>\n<meta property=\"article:modified_time\" content=\"2019-01-11T02:34:18+00:00\" \/>\n<meta property=\"og:image\" content=\"https:\/\/www.unicas.pe\/blog\/wp-content\/uploads\/2014\/03\/kenneth-cole1.jpg\" \/>\n\t<meta property=\"og:image:width\" content=\"650\" \/>\n\t<meta property=\"og:image:height\" content=\"363\" \/>\n<meta name=\"twitter:card\" content=\"summary_large_image\" \/>\n<meta name=\"twitter:label1\" content=\"Tiempo de lectura\">\n\t<meta name=\"twitter:data1\" content=\"2 minutos\">\n<script type=\"application\/ld+json\" class=\"yoast-schema-graph\">{\"@context\":\"https:\/\/schema.org\",\"@graph\":[{\"@type\":\"WebSite\",\"@id\":\"https:\/\/www.unicas.pe\/blog\/#website\",\"url\":\"https:\/\/www.unicas.pe\/blog\/\",\"name\":\"Unicas\",\"description\":\"Blog sobre belleza, maquillaje, moda, y mucho m\\u00e1s.\",\"potentialAction\":[{\"@type\":\"SearchAction\",\"target\":\"https:\/\/www.unicas.pe\/blog\/?s={search_term_string}\",\"query-input\":\"required name=search_term_string\"}],\"inLanguage\":\"es\"},{\"@type\":\"ImageObject\",\"@id\":\"https:\/\/www.unicas.pe\/blog\/kenneth-cole-lifweek\/#primaryimage\",\"inLanguage\":\"es\",\"url\":\"https:\/\/www.unicas.pe\/blog\/wp-content\/uploads\/2014\/03\/kenneth-cole1.jpg\",\"width\":650,\"height\":363,\"caption\":\"Kenneth Cole se presentar\\u00e1 hoy en el Lima Fashion Week 2014\"},{\"@type\":\"WebPage\",\"@id\":\"https:\/\/www.unicas.pe\/blog\/kenneth-cole-lifweek\/#webpage\",\"url\":\"https:\/\/www.unicas.pe\/blog\/kenneth-cole-lifweek\/\",\"name\":\"Kenneth Cole se presentar\\u00e1 hoy en el Lima Fashion Week 2014 - Unicas\",\"isPartOf\":{\"@id\":\"https:\/\/www.unicas.pe\/blog\/#website\"},\"primaryImageOfPage\":{\"@id\":\"https:\/\/www.unicas.pe\/blog\/kenneth-cole-lifweek\/#primaryimage\"},\"datePublished\":\"2014-04-01T03:02:18+00:00\",\"dateModified\":\"2019-01-11T02:34:18+00:00\",\"author\":{\"@id\":\"https:\/\/www.unicas.pe\/blog\/#\/schema\/person\/60053f595c6d0f3f11ed52a01c961cdb\"},\"breadcrumb\":{\"@id\":\"https:\/\/www.unicas.pe\/blog\/kenneth-cole-lifweek\/#breadcrumb\"},\"inLanguage\":\"es\",\"potentialAction\":[{\"@type\":\"ReadAction\",\"target\":[\"https:\/\/www.unicas.pe\/blog\/kenneth-cole-lifweek\/\"]}]},{\"@type\":\"BreadcrumbList\",\"@id\":\"https:\/\/www.unicas.pe\/blog\/kenneth-cole-lifweek\/#breadcrumb\",\"itemListElement\":[{\"@type\":\"ListItem\",\"position\":1,\"item\":{\"@type\":\"WebPage\",\"@id\":\"https:\/\/www.unicas.pe\/blog\/\",\"url\":\"https:\/\/www.unicas.pe\/blog\/\",\"name\":\"Portada\"}},{\"@type\":\"ListItem\",\"position\":2,\"item\":{\"@type\":\"WebPage\",\"@id\":\"https:\/\/www.unicas.pe\/blog\/kenneth-cole-lifweek\/\",\"url\":\"https:\/\/www.unicas.pe\/blog\/kenneth-cole-lifweek\/\",\"name\":\"Kenneth Cole se presentar\\u00e1 hoy en el Lima Fashion Week 2014\"}}]},{\"@type\":\"Person\",\"@id\":\"https:\/\/www.unicas.pe\/blog\/#\/schema\/person\/60053f595c6d0f3f11ed52a01c961cdb\",\"name\":\"Katty Gora\",\"image\":{\"@type\":\"ImageObject\",\"@id\":\"https:\/\/www.unicas.pe\/blog\/#personlogo\",\"inLanguage\":\"es\",\"url\":\"https:\/\/www.unicas.pe\/blog\/wp-content\/uploads\/2019\/01\/168392_1786370415133_366102_n-150x150.jpg\",\"caption\":\"Katty Gora\"},\"description\":\"Katty is a passionate blogger, diving into different subjects like fashion, trends, styles and news and more. Discover the great insight of a true quality blogger!\"}]}<\/script>\n<!-- \/ Yoast SEO plugin. -->","_links":{"self":[{"href":"https:\/\/www.unicas.pe\/blog\/wp-json\/wp\/v2\/posts\/4899"}],"collection":[{"href":"https:\/\/www.unicas.pe\/blog\/wp-json\/wp\/v2\/posts"}],"about":[{"href":"https:\/\/www.unicas.pe\/blog\/wp-json\/wp\/v2\/types\/post"}],"author":[{"embeddable":true,"href":"https:\/\/www.unicas.pe\/blog\/wp-json\/wp\/v2\/users\/1"}],"replies":[{"embeddable":true,"href":"https:\/\/www.unicas.pe\/blog\/wp-json\/wp\/v2\/comments?post=4899"}],"version-history":[{"count":1,"href":"https:\/\/www.unicas.pe\/blog\/wp-json\/wp\/v2\/posts\/4899\/revisions"}],"predecessor-version":[{"id":10479,"href":"https:\/\/www.unicas.pe\/blog\/wp-json\/wp\/v2\/posts\/4899\/revisions\/10479"}],"wp:featuredmedia":[{"embeddable":true,"href":"https:\/\/www.unicas.pe\/blog\/wp-json\/wp\/v2\/media\/4895"}],"wp:attachment":[{"href":"https:\/\/www.unicas.pe\/blog\/wp-json\/wp\/v2\/media?parent=4899"}],"wp:term":[{"taxonomy":"category","embeddable":true,"href":"https:\/\/www.unicas.pe\/blog\/wp-json\/wp\/v2\/categories?post=4899"},{"taxonomy":"post_tag","embeddable":true,"href":"https:\/\/www.unicas.pe\/blog\/wp-json\/wp\/v2\/tags?post=4899"}],"curies":[{"name":"wp","href":"https:\/\/api.w.org\/{rel}","templated":true}]}}