{"id":4919,"date":"2014-04-01T15:03:22","date_gmt":"2014-04-01T20:03:22","guid":{"rendered":"http:\/\/209.133.219.102\/~newunicas\/blog\/2014\/04\/01\/angie-schlegel-nuevo-talento-lifweek\/"},"modified":"2019-01-10T21:34:18","modified_gmt":"2019-01-11T02:34:18","slug":"angie-schlegel-nuevo-talento-lifweek","status":"publish","type":"post","link":"https:\/\/www.unicas.pe\/blog\/angie-schlegel-nuevo-talento-lifweek\/","title":{"rendered":"Angie Schlegel: nuevo talento en el LIF Week 2014"},"content":{"rendered":"<p>La dise\u00f1adora argentina, Angie Schlegel, estar\u00e1 presente el 1 de abril en la pasarela del LIF Week 2014, donde mostrar\u00e1 sus mejores prendas de temporada.<\/p>\n<p>  <!--more-->  <\/p>\n<p>En el segundo d\u00eda del <strong>LIF Week 2014<\/strong>, exclusivos dise\u00f1adores presentar\u00e1n lo mejor de su colecci\u00f3n Oto\u00f1o-Invierno. <strong>Angie Schlegel<\/strong>, ser\u00e1 la primera en abrir la pasarela del desfile, donde mostrar\u00e1 \u00a0sus prendas \u00a0de vestir inspiradas en su m\u00e1s exclusiva creatividad. Otras de las dise\u00f1adoras que estar\u00e1n en el desfile son: Susan Wagner y Talia Berckemeyer.<\/p>\n<p><img class=\" size-full wp-image-4912\" style=\"display: block; margin-left: auto; margin-right: auto;\" src=\"http:\/\/209.133.219.102\/~newunicas\/blog\/wp-content\/uploads\/2014\/04\/foto1angie.jpg\" alt=\"\" width=\"600\" srcset=\"https:\/\/www.unicas.pe\/blog\/wp-content\/uploads\/2014\/04\/foto1angie.jpg 650w, https:\/\/www.unicas.pe\/blog\/wp-content\/uploads\/2014\/04\/foto1angie-300x168.jpg 300w, https:\/\/www.unicas.pe\/blog\/wp-content\/uploads\/2014\/04\/foto1angie-648x364.jpg 648w\" sizes=\"(max-width: 650px) 100vw, 650px\" \/><\/p>\n<p>Angie lleg\u00f3 al Per\u00fa hace m\u00e1s de 4 a\u00f1os. En el 2013 decide presentarse por primera vez bajo su nombre propio en el <strong>Cusco Always in Fashion<\/strong>, invitada como nuevo talento. \u00a0Ella present\u00f3 su colecci\u00f3n inspirada en la m\u00fasica, el arte y la fotograf\u00eda. Ha trabajado con diferentes marcas propias y tambi\u00e9n reconocidas a nivel internacional como dise\u00f1adora, directora creativa y directora de arte. En la actualidad tiene constituido una empresa de consultor\u00eda en moda y fashion marketing en donde trabaja junto a reconocidas marcas brindando diferentes servicios.<\/p>\n<p><img class=\" size-full wp-image-4913\" style=\"display: block; margin-left: auto; margin-right: auto;\" src=\"http:\/\/209.133.219.102\/~newunicas\/blog\/wp-content\/uploads\/2014\/04\/foto2angie.jpg\" alt=\"\" width=\"600\" srcset=\"https:\/\/www.unicas.pe\/blog\/wp-content\/uploads\/2014\/04\/foto2angie.jpg 650w, https:\/\/www.unicas.pe\/blog\/wp-content\/uploads\/2014\/04\/foto2angie-300x144.jpg 300w, https:\/\/www.unicas.pe\/blog\/wp-content\/uploads\/2014\/04\/foto2angie-648x311.jpg 648w\" sizes=\"(max-width: 650px) 100vw, 650px\" \/><\/p>\n<p><img class=\" size-full wp-image-4914\" style=\"display: block; margin-left: auto; margin-right: auto;\" src=\"http:\/\/209.133.219.102\/~newunicas\/blog\/wp-content\/uploads\/2014\/04\/foto3angie.jpg\" alt=\"\" width=\"600\" srcset=\"https:\/\/www.unicas.pe\/blog\/wp-content\/uploads\/2014\/04\/foto3angie.jpg 650w, https:\/\/www.unicas.pe\/blog\/wp-content\/uploads\/2014\/04\/foto3angie-181x300.jpg 181w, https:\/\/www.unicas.pe\/blog\/wp-content\/uploads\/2014\/04\/foto3angie-619x1024.jpg 619w, https:\/\/www.unicas.pe\/blog\/wp-content\/uploads\/2014\/04\/foto3angie-254x420.jpg 254w, https:\/\/www.unicas.pe\/blog\/wp-content\/uploads\/2014\/04\/foto3angie-507x840.jpg 507w\" sizes=\"(max-width: 650px) 100vw, 650px\" \/><\/p>\n<p>Porte\u00f1a de nacimiento, pero de familia europea, tiene una forma de ver la moda y los dise\u00f1os. Actualmente radica en el Per\u00fa, donde ha \u00a0podido concretar uno de sus mayores sue\u00f1os, su marca personal. La dise\u00f1adora tuvo un gran \u00e9xito en su presentaci\u00f3n el a\u00f1o pasado en la Tercera Bienal de Dise\u00f1o de los Andes: Cusco Always in Fashion 2013.<\/p>\n<p><img class=\" size-full wp-image-4915\" style=\"display: block; margin-left: auto; margin-right: auto;\" src=\"http:\/\/209.133.219.102\/~newunicas\/blog\/wp-content\/uploads\/2014\/04\/foto4angie.jpg\" alt=\"\" width=\"600\" srcset=\"https:\/\/www.unicas.pe\/blog\/wp-content\/uploads\/2014\/04\/foto4angie.jpg 650w, https:\/\/www.unicas.pe\/blog\/wp-content\/uploads\/2014\/04\/foto4angie-300x214.jpg 300w, https:\/\/www.unicas.pe\/blog\/wp-content\/uploads\/2014\/04\/foto4angie-100x70.jpg 100w, https:\/\/www.unicas.pe\/blog\/wp-content\/uploads\/2014\/04\/foto4angie-648x464.jpg 648w, https:\/\/www.unicas.pe\/blog\/wp-content\/uploads\/2014\/04\/foto4angie-588x420.jpg 588w\" sizes=\"(max-width: 650px) 100vw, 650px\" \/><\/p>\n<p><img class=\" size-full wp-image-4916\" style=\"display: block; margin-left: auto; margin-right: auto;\" src=\"http:\/\/209.133.219.102\/~newunicas\/blog\/wp-content\/uploads\/2014\/04\/foto5angie.jpg\" alt=\"\" width=\"600\" srcset=\"https:\/\/www.unicas.pe\/blog\/wp-content\/uploads\/2014\/04\/foto5angie.jpg 650w, https:\/\/www.unicas.pe\/blog\/wp-content\/uploads\/2014\/04\/foto5angie-200x300.jpg 200w, https:\/\/www.unicas.pe\/blog\/wp-content\/uploads\/2014\/04\/foto5angie-281x420.jpg 281w, https:\/\/www.unicas.pe\/blog\/wp-content\/uploads\/2014\/04\/foto5angie-561x840.jpg 561w\" sizes=\"(max-width: 650px) 100vw, 650px\" \/><\/p>\n<p>Angie Schlegel, es uno de los nuevos talentos del LIF Week 2014. Presentar\u00e1 su colecci\u00f3n el 1 de abril a las 6:00pm. La invitacion esta hecha, solo tienes que comprar tu entrada en \u00a0Teleticket de Wong y Metro a 50, 80 y 100 nuevos soles, y asistir al Jard\u00edn Vivero del Jockey Club del Per\u00fa. No faltes, el mundo de la moda te espera.\u00a0<\/p>\n<p><img class=\" size-full wp-image-4917\" style=\"display: block; margin-left: auto; margin-right: auto;\" src=\"http:\/\/209.133.219.102\/~newunicas\/blog\/wp-content\/uploads\/2014\/04\/foto6angie.jpg\" alt=\"\" width=\"600\" srcset=\"https:\/\/www.unicas.pe\/blog\/wp-content\/uploads\/2014\/04\/foto6angie.jpg 650w, https:\/\/www.unicas.pe\/blog\/wp-content\/uploads\/2014\/04\/foto6angie-181x300.jpg 181w, https:\/\/www.unicas.pe\/blog\/wp-content\/uploads\/2014\/04\/foto6angie-619x1024.jpg 619w, https:\/\/www.unicas.pe\/blog\/wp-content\/uploads\/2014\/04\/foto6angie-254x420.jpg 254w, https:\/\/www.unicas.pe\/blog\/wp-content\/uploads\/2014\/04\/foto6angie-507x840.jpg 507w\" sizes=\"(max-width: 650px) 100vw, 650px\" \/><\/p>\n<p><img class=\" size-full wp-image-4918\" style=\"display: block; margin-left: auto; margin-right: auto;\" src=\"http:\/\/209.133.219.102\/~newunicas\/blog\/wp-content\/uploads\/2014\/04\/foto7angie.jpg\" alt=\"\" width=\"600\" srcset=\"https:\/\/www.unicas.pe\/blog\/wp-content\/uploads\/2014\/04\/foto7angie.jpg 650w, https:\/\/www.unicas.pe\/blog\/wp-content\/uploads\/2014\/04\/foto7angie-300x199.jpg 300w, https:\/\/www.unicas.pe\/blog\/wp-content\/uploads\/2014\/04\/foto7angie-648x432.jpg 648w, https:\/\/www.unicas.pe\/blog\/wp-content\/uploads\/2014\/04\/foto7angie-632x420.jpg 632w\" sizes=\"(max-width: 650px) 100vw, 650px\" \/><\/p>\n","protected":false},"excerpt":{"rendered":"<p>La dise\u00f1adora argentina, Angie Schlegel, estar\u00e1 presente el 1 de abril en la pasarela del LIF Week 2014, donde mostrar\u00e1 sus mejores prendas de temporada.<\/p>\n","protected":false},"author":1,"featured_media":4912,"comment_status":"closed","ping_status":"open","sticky":false,"template":"","format":"standard","meta":[],"categories":[26],"tags":[6061,6024,3555,2659,6062,1866,6060,1848,1933,364,82,6063,2056,5989,6064],"yoast_head":"<!-- This site is optimized with the Yoast SEO plugin v16.0.2 - https:\/\/yoast.com\/wordpress\/plugins\/seo\/ -->\n<link rel=\"canonical\" href=\"https:\/\/www.unicas.pe\/blog\/angie-schlegel-nuevo-talento-lifweek\/\" \/>\n<meta property=\"og:locale\" content=\"es_ES\" \/>\n<meta property=\"og:type\" content=\"article\" \/>\n<meta property=\"og:title\" content=\"Angie Schlegel: nuevo talento en el LIF Week 2014 - Unicas\" \/>\n<meta property=\"og:description\" content=\"La dise\u00f1adora argentina, Angie Schlegel, estar\u00e1 presente el 1 de abril en la pasarela del LIF Week 2014, donde mostrar\u00e1 sus mejores prendas de temporada.\" \/>\n<meta property=\"og:url\" content=\"https:\/\/www.unicas.pe\/blog\/angie-schlegel-nuevo-talento-lifweek\/\" \/>\n<meta property=\"og:site_name\" content=\"Unicas\" \/>\n<meta property=\"article:published_time\" content=\"2014-04-01T20:03:22+00:00\" \/>\n<meta property=\"article:modified_time\" content=\"2019-01-11T02:34:18+00:00\" \/>\n<meta property=\"og:image\" content=\"https:\/\/www.unicas.pe\/blog\/wp-content\/uploads\/2014\/04\/foto1angie.jpg\" \/>\n\t<meta property=\"og:image:width\" content=\"650\" \/>\n\t<meta property=\"og:image:height\" content=\"364\" \/>\n<meta name=\"twitter:card\" content=\"summary_large_image\" \/>\n<meta name=\"twitter:label1\" content=\"Tiempo de lectura\">\n\t<meta name=\"twitter:data1\" content=\"2 minutos\">\n<script type=\"application\/ld+json\" class=\"yoast-schema-graph\">{\"@context\":\"https:\/\/schema.org\",\"@graph\":[{\"@type\":\"WebSite\",\"@id\":\"https:\/\/www.unicas.pe\/blog\/#website\",\"url\":\"https:\/\/www.unicas.pe\/blog\/\",\"name\":\"Unicas\",\"description\":\"Blog sobre belleza, maquillaje, moda, y mucho m\\u00e1s.\",\"potentialAction\":[{\"@type\":\"SearchAction\",\"target\":\"https:\/\/www.unicas.pe\/blog\/?s={search_term_string}\",\"query-input\":\"required name=search_term_string\"}],\"inLanguage\":\"es\"},{\"@type\":\"ImageObject\",\"@id\":\"https:\/\/www.unicas.pe\/blog\/angie-schlegel-nuevo-talento-lifweek\/#primaryimage\",\"inLanguage\":\"es\",\"url\":\"https:\/\/www.unicas.pe\/blog\/wp-content\/uploads\/2014\/04\/foto1angie.jpg\",\"width\":650,\"height\":364},{\"@type\":\"WebPage\",\"@id\":\"https:\/\/www.unicas.pe\/blog\/angie-schlegel-nuevo-talento-lifweek\/#webpage\",\"url\":\"https:\/\/www.unicas.pe\/blog\/angie-schlegel-nuevo-talento-lifweek\/\",\"name\":\"Angie Schlegel: nuevo talento en el LIF Week 2014 - Unicas\",\"isPartOf\":{\"@id\":\"https:\/\/www.unicas.pe\/blog\/#website\"},\"primaryImageOfPage\":{\"@id\":\"https:\/\/www.unicas.pe\/blog\/angie-schlegel-nuevo-talento-lifweek\/#primaryimage\"},\"datePublished\":\"2014-04-01T20:03:22+00:00\",\"dateModified\":\"2019-01-11T02:34:18+00:00\",\"author\":{\"@id\":\"https:\/\/www.unicas.pe\/blog\/#\/schema\/person\/60053f595c6d0f3f11ed52a01c961cdb\"},\"breadcrumb\":{\"@id\":\"https:\/\/www.unicas.pe\/blog\/angie-schlegel-nuevo-talento-lifweek\/#breadcrumb\"},\"inLanguage\":\"es\",\"potentialAction\":[{\"@type\":\"ReadAction\",\"target\":[\"https:\/\/www.unicas.pe\/blog\/angie-schlegel-nuevo-talento-lifweek\/\"]}]},{\"@type\":\"BreadcrumbList\",\"@id\":\"https:\/\/www.unicas.pe\/blog\/angie-schlegel-nuevo-talento-lifweek\/#breadcrumb\",\"itemListElement\":[{\"@type\":\"ListItem\",\"position\":1,\"item\":{\"@type\":\"WebPage\",\"@id\":\"https:\/\/www.unicas.pe\/blog\/\",\"url\":\"https:\/\/www.unicas.pe\/blog\/\",\"name\":\"Portada\"}},{\"@type\":\"ListItem\",\"position\":2,\"item\":{\"@type\":\"WebPage\",\"@id\":\"https:\/\/www.unicas.pe\/blog\/angie-schlegel-nuevo-talento-lifweek\/\",\"url\":\"https:\/\/www.unicas.pe\/blog\/angie-schlegel-nuevo-talento-lifweek\/\",\"name\":\"Angie Schlegel: nuevo talento en el LIF Week 2014\"}}]},{\"@type\":\"Person\",\"@id\":\"https:\/\/www.unicas.pe\/blog\/#\/schema\/person\/60053f595c6d0f3f11ed52a01c961cdb\",\"name\":\"Katty Gora\",\"image\":{\"@type\":\"ImageObject\",\"@id\":\"https:\/\/www.unicas.pe\/blog\/#personlogo\",\"inLanguage\":\"es\",\"url\":\"https:\/\/www.unicas.pe\/blog\/wp-content\/uploads\/2019\/01\/168392_1786370415133_366102_n-150x150.jpg\",\"caption\":\"Katty Gora\"},\"description\":\"Katty is a passionate blogger, diving into different subjects like fashion, trends, styles and news and more. Discover the great insight of a true quality blogger!\"}]}<\/script>\n<!-- \/ Yoast SEO plugin. -->","_links":{"self":[{"href":"https:\/\/www.unicas.pe\/blog\/wp-json\/wp\/v2\/posts\/4919"}],"collection":[{"href":"https:\/\/www.unicas.pe\/blog\/wp-json\/wp\/v2\/posts"}],"about":[{"href":"https:\/\/www.unicas.pe\/blog\/wp-json\/wp\/v2\/types\/post"}],"author":[{"embeddable":true,"href":"https:\/\/www.unicas.pe\/blog\/wp-json\/wp\/v2\/users\/1"}],"replies":[{"embeddable":true,"href":"https:\/\/www.unicas.pe\/blog\/wp-json\/wp\/v2\/comments?post=4919"}],"version-history":[{"count":1,"href":"https:\/\/www.unicas.pe\/blog\/wp-json\/wp\/v2\/posts\/4919\/revisions"}],"predecessor-version":[{"id":10476,"href":"https:\/\/www.unicas.pe\/blog\/wp-json\/wp\/v2\/posts\/4919\/revisions\/10476"}],"wp:featuredmedia":[{"embeddable":true,"href":"https:\/\/www.unicas.pe\/blog\/wp-json\/wp\/v2\/media\/4912"}],"wp:attachment":[{"href":"https:\/\/www.unicas.pe\/blog\/wp-json\/wp\/v2\/media?parent=4919"}],"wp:term":[{"taxonomy":"category","embeddable":true,"href":"https:\/\/www.unicas.pe\/blog\/wp-json\/wp\/v2\/categories?post=4919"},{"taxonomy":"post_tag","embeddable":true,"href":"https:\/\/www.unicas.pe\/blog\/wp-json\/wp\/v2\/tags?post=4919"}],"curies":[{"name":"wp","href":"https:\/\/api.w.org\/{rel}","templated":true}]}}