{"id":4938,"date":"2014-04-01T21:08:15","date_gmt":"2014-04-02T02:08:15","guid":{"rendered":"http:\/\/209.133.219.102\/~newunicas\/blog\/2014\/04\/01\/lif-week-2014-primer-dia\/"},"modified":"2019-01-10T21:34:18","modified_gmt":"2019-01-11T02:34:18","slug":"lif-week-2014-primer-dia","status":"publish","type":"post","link":"https:\/\/www.unicas.pe\/blog\/lif-week-2014-primer-dia\/","title":{"rendered":"Lo que dej\u00f3 el primer d\u00eda del  LIF Week 2014"},"content":{"rendered":"<p>Con gran \u00e9xito termin\u00f3 el primer d\u00eda el LIF Week 2014. Jorge Luis Salinas, Ani \u00c1lvarez \u00a0Calder\u00f3n y Kenneth Cole presentaron sus mejores dise\u00f1os.<\/p>\n<p>  <!--more-->  <\/p>\n<p>Lima brillo en la pasarela de la moda. En el primer d\u00eda de inauguraci\u00f3n del LIF Week 2014 decenas de trajes de los m\u00e1s destacados dise\u00f1adores nacionales e internacionales desfilaron por la pasarela de este importante evento.\u00a0<\/p>\n<p><img class=\" size-full wp-image-4926\" style=\"display: block; margin-left: auto; margin-right: auto;\" title=\"Lo que dej\u00f3 el primer d\u00eda del  LIF Week 2014\" src=\"http:\/\/209.133.219.102\/~newunicas\/blog\/wp-content\/uploads\/2014\/04\/lif-week1.jpg\" alt=\"Lo que dej\u00f3 el primer d\u00eda del  LIF Week 2014\" width=\"600\" srcset=\"https:\/\/www.unicas.pe\/blog\/wp-content\/uploads\/2014\/04\/lif-week1.jpg 650w, https:\/\/www.unicas.pe\/blog\/wp-content\/uploads\/2014\/04\/lif-week1-300x168.jpg 300w, https:\/\/www.unicas.pe\/blog\/wp-content\/uploads\/2014\/04\/lif-week1-648x363.jpg 648w\" sizes=\"(max-width: 650px) 100vw, 650px\" \/><\/p>\n<p><img class=\" size-full wp-image-4927\" style=\"display: block; margin-left: auto; margin-right: auto;\" title=\"Lo que dej\u00f3 el primer d\u00eda del  LIF Week 2014\" src=\"http:\/\/209.133.219.102\/~newunicas\/blog\/wp-content\/uploads\/2014\/04\/lif-week2.jpg\" alt=\"Lo que dej\u00f3 el primer d\u00eda del  LIF Week 2014\" width=\"600\" srcset=\"https:\/\/www.unicas.pe\/blog\/wp-content\/uploads\/2014\/04\/lif-week2.jpg 650w, https:\/\/www.unicas.pe\/blog\/wp-content\/uploads\/2014\/04\/lif-week2-300x168.jpg 300w, https:\/\/www.unicas.pe\/blog\/wp-content\/uploads\/2014\/04\/lif-week2-648x363.jpg 648w\" sizes=\"(max-width: 650px) 100vw, 650px\" \/><\/p>\n<p><img class=\" size-full wp-image-4928\" style=\"display: block; margin-left: auto; margin-right: auto;\" title=\"Lo que dej\u00f3 el primer d\u00eda del  LIF Week 2014\" src=\"http:\/\/209.133.219.102\/~newunicas\/blog\/wp-content\/uploads\/2014\/04\/lif-week3.jpg\" alt=\"Lo que dej\u00f3 el primer d\u00eda del  LIF Week 2014\" width=\"600\" srcset=\"https:\/\/www.unicas.pe\/blog\/wp-content\/uploads\/2014\/04\/lif-week3.jpg 650w, https:\/\/www.unicas.pe\/blog\/wp-content\/uploads\/2014\/04\/lif-week3-300x168.jpg 300w, https:\/\/www.unicas.pe\/blog\/wp-content\/uploads\/2014\/04\/lif-week3-648x363.jpg 648w\" sizes=\"(max-width: 650px) 100vw, 650px\" \/><\/p>\n<p>Jorge Luis Salinas, fue el dise\u00f1ador que abri\u00f3 la semana de la moda en Lima, con el desfile de su nueva colecci\u00f3n de Emporium. Hermosas jovencitas, vistieron prendas de material met\u00e1lico, cuero, pieles y pedrer\u00eda. Jorge destac\u00f3 el concepto de combinar la elegancia con un estilo m\u00e1s juvenil y ligero.<\/p>\n<p><img class=\" size-full wp-image-4929\" style=\"display: block; margin-left: auto; margin-right: auto;\" title=\"Lo que dej\u00f3 el primer d\u00eda del  LIF Week 2014\" src=\"http:\/\/209.133.219.102\/~newunicas\/blog\/wp-content\/uploads\/2014\/04\/lif-week4.jpg\" alt=\"Lo que dej\u00f3 el primer d\u00eda del  LIF Week 2014\" width=\"600\" srcset=\"https:\/\/www.unicas.pe\/blog\/wp-content\/uploads\/2014\/04\/lif-week4.jpg 650w, https:\/\/www.unicas.pe\/blog\/wp-content\/uploads\/2014\/04\/lif-week4-300x168.jpg 300w, https:\/\/www.unicas.pe\/blog\/wp-content\/uploads\/2014\/04\/lif-week4-648x363.jpg 648w\" sizes=\"(max-width: 650px) 100vw, 650px\" \/><\/p>\n<p><img class=\" size-full wp-image-4930\" style=\"display: block; margin-left: auto; margin-right: auto;\" title=\"Lo que dej\u00f3 el primer d\u00eda del  LIF Week 2014\" src=\"http:\/\/209.133.219.102\/~newunicas\/blog\/wp-content\/uploads\/2014\/04\/lif-week5.jpg\" alt=\"Lo que dej\u00f3 el primer d\u00eda del  LIF Week 2014\" width=\"600\" srcset=\"https:\/\/www.unicas.pe\/blog\/wp-content\/uploads\/2014\/04\/lif-week5.jpg 650w, https:\/\/www.unicas.pe\/blog\/wp-content\/uploads\/2014\/04\/lif-week5-300x168.jpg 300w, https:\/\/www.unicas.pe\/blog\/wp-content\/uploads\/2014\/04\/lif-week5-648x363.jpg 648w\" sizes=\"(max-width: 650px) 100vw, 650px\" \/><\/p>\n<p><img class=\" size-full wp-image-4931\" style=\"display: block; margin-left: auto; margin-right: auto;\" title=\"Lo que dej\u00f3 el primer d\u00eda del  LIF Week 2014\" src=\"http:\/\/209.133.219.102\/~newunicas\/blog\/wp-content\/uploads\/2014\/04\/lif-week6.jpg\" alt=\"Lo que dej\u00f3 el primer d\u00eda del  LIF Week 2014\" width=\"600\" srcset=\"https:\/\/www.unicas.pe\/blog\/wp-content\/uploads\/2014\/04\/lif-week6.jpg 650w, https:\/\/www.unicas.pe\/blog\/wp-content\/uploads\/2014\/04\/lif-week6-300x168.jpg 300w, https:\/\/www.unicas.pe\/blog\/wp-content\/uploads\/2014\/04\/lif-week6-648x363.jpg 648w\" sizes=\"(max-width: 650px) 100vw, 650px\" \/><\/p>\n<p>Quien contin\u00fao con este desfile fue la dise\u00f1adora nacional, Ani \u00c1lvarez Calder\u00f3n, ella hizo relucir su pasi\u00f3n por lo m\u00edstico y cultural. Elegantes vestidos en pedrer\u00edas, plumas y otras texturas marcaron la colecci\u00f3n de Ani. Los colores que vistieron su temporada Oto\u00f1o-Invierno fueron los verdes, rojos, negros y el oro.<\/p>\n<p><img class=\" size-full wp-image-4932\" style=\"display: block; margin-left: auto; margin-right: auto;\" title=\"Lo que dej\u00f3 el primer d\u00eda del  LIF Week 2014\" src=\"http:\/\/209.133.219.102\/~newunicas\/blog\/wp-content\/uploads\/2014\/04\/lif-week7.jpg\" alt=\"Lo que dej\u00f3 el primer d\u00eda del  LIF Week 2014\" width=\"600\" srcset=\"https:\/\/www.unicas.pe\/blog\/wp-content\/uploads\/2014\/04\/lif-week7.jpg 650w, https:\/\/www.unicas.pe\/blog\/wp-content\/uploads\/2014\/04\/lif-week7-300x168.jpg 300w, https:\/\/www.unicas.pe\/blog\/wp-content\/uploads\/2014\/04\/lif-week7-648x363.jpg 648w\" sizes=\"(max-width: 650px) 100vw, 650px\" \/><\/p>\n<p><img class=\" size-full wp-image-4933\" style=\"display: block; margin-left: auto; margin-right: auto;\" title=\"Lo que dej\u00f3 el primer d\u00eda del  LIF Week 2014\" src=\"http:\/\/209.133.219.102\/~newunicas\/blog\/wp-content\/uploads\/2014\/04\/lif-week8.jpg\" alt=\"Lo que dej\u00f3 el primer d\u00eda del  LIF Week 2014\" width=\"600\" srcset=\"https:\/\/www.unicas.pe\/blog\/wp-content\/uploads\/2014\/04\/lif-week8.jpg 650w, https:\/\/www.unicas.pe\/blog\/wp-content\/uploads\/2014\/04\/lif-week8-300x168.jpg 300w, https:\/\/www.unicas.pe\/blog\/wp-content\/uploads\/2014\/04\/lif-week8-648x363.jpg 648w\" sizes=\"(max-width: 650px) 100vw, 650px\" \/><\/p>\n<p><img class=\" size-full wp-image-4934\" style=\"display: block; margin-left: auto; margin-right: auto;\" title=\"Lo que dej\u00f3 el primer d\u00eda del  LIF Week 2014\" src=\"http:\/\/209.133.219.102\/~newunicas\/blog\/wp-content\/uploads\/2014\/04\/lif-week9.jpg\" alt=\"Lo que dej\u00f3 el primer d\u00eda del  LIF Week 2014\" width=\"600\" srcset=\"https:\/\/www.unicas.pe\/blog\/wp-content\/uploads\/2014\/04\/lif-week9.jpg 650w, https:\/\/www.unicas.pe\/blog\/wp-content\/uploads\/2014\/04\/lif-week9-300x168.jpg 300w, https:\/\/www.unicas.pe\/blog\/wp-content\/uploads\/2014\/04\/lif-week9-648x363.jpg 648w\" sizes=\"(max-width: 650px) 100vw, 650px\" \/><\/p>\n<p>El m\u00e1s esperado de la noche fue el dise\u00f1ador estadounidense, Kenneth Cole, quien present\u00f3 por primera vez su colecci\u00f3n, luego de estar en el New York Fashion Week. Cole mostr\u00f3 nuevos trabajos en alpaca en medias y sombreros, como un homenaje a nuestro pa\u00eds. sombreros, casacas de cuero, pantalones negros, fueron parte de su colecci\u00f3n inspirada en la elegancia del vestir.\u00a0<\/p>\n<p><img class=\" size-full wp-image-4935\" style=\"display: block; margin-left: auto; margin-right: auto;\" title=\"Lo que dej\u00f3 el primer d\u00eda del  LIF Week 2014\" src=\"http:\/\/209.133.219.102\/~newunicas\/blog\/wp-content\/uploads\/2014\/04\/lif-week10.jpg\" alt=\"Lo que dej\u00f3 el primer d\u00eda del  LIF Week 2014\" width=\"600\" srcset=\"https:\/\/www.unicas.pe\/blog\/wp-content\/uploads\/2014\/04\/lif-week10.jpg 650w, https:\/\/www.unicas.pe\/blog\/wp-content\/uploads\/2014\/04\/lif-week10-300x168.jpg 300w, https:\/\/www.unicas.pe\/blog\/wp-content\/uploads\/2014\/04\/lif-week10-648x363.jpg 648w\" sizes=\"(max-width: 650px) 100vw, 650px\" \/><\/p>\n<p><img class=\" size-full wp-image-4936\" style=\"display: block; margin-left: auto; margin-right: auto;\" title=\"Lo que dej\u00f3 el primer d\u00eda del  LIF Week 2014\" src=\"http:\/\/209.133.219.102\/~newunicas\/blog\/wp-content\/uploads\/2014\/04\/lif-week11.jpg\" alt=\"Lo que dej\u00f3 el primer d\u00eda del  LIF Week 2014\" width=\"600\" srcset=\"https:\/\/www.unicas.pe\/blog\/wp-content\/uploads\/2014\/04\/lif-week11.jpg 650w, https:\/\/www.unicas.pe\/blog\/wp-content\/uploads\/2014\/04\/lif-week11-300x168.jpg 300w, https:\/\/www.unicas.pe\/blog\/wp-content\/uploads\/2014\/04\/lif-week11-648x363.jpg 648w\" sizes=\"(max-width: 650px) 100vw, 650px\" \/><\/p>\n<p><img class=\" size-full wp-image-4937\" style=\"display: block; margin-left: auto; margin-right: auto;\" title=\"Lo que dej\u00f3 el primer d\u00eda del  LIF Week 2014\" src=\"http:\/\/209.133.219.102\/~newunicas\/blog\/wp-content\/uploads\/2014\/04\/lif-week12.jpg\" alt=\"Lo que dej\u00f3 el primer d\u00eda del  LIF Week 2014\" width=\"600\" srcset=\"https:\/\/www.unicas.pe\/blog\/wp-content\/uploads\/2014\/04\/lif-week12.jpg 650w, https:\/\/www.unicas.pe\/blog\/wp-content\/uploads\/2014\/04\/lif-week12-300x168.jpg 300w, https:\/\/www.unicas.pe\/blog\/wp-content\/uploads\/2014\/04\/lif-week12-648x363.jpg 648w\" sizes=\"(max-width: 650px) 100vw, 650px\" \/><\/p>\n","protected":false},"excerpt":{"rendered":"<p>Con gran \u00e9xito termin\u00f3 el primer d\u00eda el LIF Week 2014. Jorge Luis Salinas, Ani \u00c1lvarez \u00a0Calder\u00f3n y Kenneth Cole presentaron sus mejores dise\u00f1os.<\/p>\n","protected":false},"author":1,"featured_media":4926,"comment_status":"closed","ping_status":"open","sticky":false,"template":"","format":"standard","meta":[],"categories":[26],"tags":[6074,2082,6035,1866,1848,1523,6075,5981,6030,2000,6012,267,82,1742,1607,5989,5614],"yoast_head":"<!-- This site is optimized with the Yoast SEO plugin v16.0.2 - https:\/\/yoast.com\/wordpress\/plugins\/seo\/ -->\n<link rel=\"canonical\" href=\"https:\/\/www.unicas.pe\/blog\/lif-week-2014-primer-dia\/\" \/>\n<meta property=\"og:locale\" content=\"es_ES\" \/>\n<meta property=\"og:type\" content=\"article\" \/>\n<meta property=\"og:title\" content=\"Lo que dej\u00f3 el primer d\u00eda del LIF Week 2014 - Unicas\" \/>\n<meta property=\"og:description\" content=\"Con gran \u00e9xito termin\u00f3 el primer d\u00eda el LIF Week 2014. Jorge Luis Salinas, Ani \u00c1lvarez \u00a0Calder\u00f3n y Kenneth Cole presentaron sus mejores dise\u00f1os.\" \/>\n<meta property=\"og:url\" content=\"https:\/\/www.unicas.pe\/blog\/lif-week-2014-primer-dia\/\" \/>\n<meta property=\"og:site_name\" content=\"Unicas\" \/>\n<meta property=\"article:published_time\" content=\"2014-04-02T02:08:15+00:00\" \/>\n<meta property=\"article:modified_time\" content=\"2019-01-11T02:34:18+00:00\" \/>\n<meta property=\"og:image\" content=\"https:\/\/www.unicas.pe\/blog\/wp-content\/uploads\/2014\/04\/lif-week1.jpg\" \/>\n\t<meta property=\"og:image:width\" content=\"650\" \/>\n\t<meta property=\"og:image:height\" content=\"363\" \/>\n<meta name=\"twitter:card\" content=\"summary_large_image\" \/>\n<meta name=\"twitter:label1\" content=\"Tiempo de lectura\">\n\t<meta name=\"twitter:data1\" content=\"1 minuto\">\n<script type=\"application\/ld+json\" class=\"yoast-schema-graph\">{\"@context\":\"https:\/\/schema.org\",\"@graph\":[{\"@type\":\"WebSite\",\"@id\":\"https:\/\/www.unicas.pe\/blog\/#website\",\"url\":\"https:\/\/www.unicas.pe\/blog\/\",\"name\":\"Unicas\",\"description\":\"Blog sobre belleza, maquillaje, moda, y mucho m\\u00e1s.\",\"potentialAction\":[{\"@type\":\"SearchAction\",\"target\":\"https:\/\/www.unicas.pe\/blog\/?s={search_term_string}\",\"query-input\":\"required name=search_term_string\"}],\"inLanguage\":\"es\"},{\"@type\":\"ImageObject\",\"@id\":\"https:\/\/www.unicas.pe\/blog\/lif-week-2014-primer-dia\/#primaryimage\",\"inLanguage\":\"es\",\"url\":\"https:\/\/www.unicas.pe\/blog\/wp-content\/uploads\/2014\/04\/lif-week1.jpg\",\"width\":650,\"height\":363,\"caption\":\"Lo que dej\\u00f3 el primer d\\u00eda del LIF Week 2014\"},{\"@type\":\"WebPage\",\"@id\":\"https:\/\/www.unicas.pe\/blog\/lif-week-2014-primer-dia\/#webpage\",\"url\":\"https:\/\/www.unicas.pe\/blog\/lif-week-2014-primer-dia\/\",\"name\":\"Lo que dej\\u00f3 el primer d\\u00eda del LIF Week 2014 - Unicas\",\"isPartOf\":{\"@id\":\"https:\/\/www.unicas.pe\/blog\/#website\"},\"primaryImageOfPage\":{\"@id\":\"https:\/\/www.unicas.pe\/blog\/lif-week-2014-primer-dia\/#primaryimage\"},\"datePublished\":\"2014-04-02T02:08:15+00:00\",\"dateModified\":\"2019-01-11T02:34:18+00:00\",\"author\":{\"@id\":\"https:\/\/www.unicas.pe\/blog\/#\/schema\/person\/60053f595c6d0f3f11ed52a01c961cdb\"},\"breadcrumb\":{\"@id\":\"https:\/\/www.unicas.pe\/blog\/lif-week-2014-primer-dia\/#breadcrumb\"},\"inLanguage\":\"es\",\"potentialAction\":[{\"@type\":\"ReadAction\",\"target\":[\"https:\/\/www.unicas.pe\/blog\/lif-week-2014-primer-dia\/\"]}]},{\"@type\":\"BreadcrumbList\",\"@id\":\"https:\/\/www.unicas.pe\/blog\/lif-week-2014-primer-dia\/#breadcrumb\",\"itemListElement\":[{\"@type\":\"ListItem\",\"position\":1,\"item\":{\"@type\":\"WebPage\",\"@id\":\"https:\/\/www.unicas.pe\/blog\/\",\"url\":\"https:\/\/www.unicas.pe\/blog\/\",\"name\":\"Portada\"}},{\"@type\":\"ListItem\",\"position\":2,\"item\":{\"@type\":\"WebPage\",\"@id\":\"https:\/\/www.unicas.pe\/blog\/lif-week-2014-primer-dia\/\",\"url\":\"https:\/\/www.unicas.pe\/blog\/lif-week-2014-primer-dia\/\",\"name\":\"Lo que dej\\u00f3 el primer d\\u00eda del LIF Week 2014\"}}]},{\"@type\":\"Person\",\"@id\":\"https:\/\/www.unicas.pe\/blog\/#\/schema\/person\/60053f595c6d0f3f11ed52a01c961cdb\",\"name\":\"Katty Gora\",\"image\":{\"@type\":\"ImageObject\",\"@id\":\"https:\/\/www.unicas.pe\/blog\/#personlogo\",\"inLanguage\":\"es\",\"url\":\"https:\/\/www.unicas.pe\/blog\/wp-content\/uploads\/2019\/01\/168392_1786370415133_366102_n-150x150.jpg\",\"caption\":\"Katty Gora\"},\"description\":\"Katty is a passionate blogger, diving into different subjects like fashion, trends, styles and news and more. Discover the great insight of a true quality blogger!\"}]}<\/script>\n<!-- \/ Yoast SEO plugin. -->","_links":{"self":[{"href":"https:\/\/www.unicas.pe\/blog\/wp-json\/wp\/v2\/posts\/4938"}],"collection":[{"href":"https:\/\/www.unicas.pe\/blog\/wp-json\/wp\/v2\/posts"}],"about":[{"href":"https:\/\/www.unicas.pe\/blog\/wp-json\/wp\/v2\/types\/post"}],"author":[{"embeddable":true,"href":"https:\/\/www.unicas.pe\/blog\/wp-json\/wp\/v2\/users\/1"}],"replies":[{"embeddable":true,"href":"https:\/\/www.unicas.pe\/blog\/wp-json\/wp\/v2\/comments?post=4938"}],"version-history":[{"count":1,"href":"https:\/\/www.unicas.pe\/blog\/wp-json\/wp\/v2\/posts\/4938\/revisions"}],"predecessor-version":[{"id":10474,"href":"https:\/\/www.unicas.pe\/blog\/wp-json\/wp\/v2\/posts\/4938\/revisions\/10474"}],"wp:featuredmedia":[{"embeddable":true,"href":"https:\/\/www.unicas.pe\/blog\/wp-json\/wp\/v2\/media\/4926"}],"wp:attachment":[{"href":"https:\/\/www.unicas.pe\/blog\/wp-json\/wp\/v2\/media?parent=4938"}],"wp:term":[{"taxonomy":"category","embeddable":true,"href":"https:\/\/www.unicas.pe\/blog\/wp-json\/wp\/v2\/categories?post=4938"},{"taxonomy":"post_tag","embeddable":true,"href":"https:\/\/www.unicas.pe\/blog\/wp-json\/wp\/v2\/tags?post=4938"}],"curies":[{"name":"wp","href":"https:\/\/api.w.org\/{rel}","templated":true}]}}