{"id":4956,"date":"2014-04-01T23:05:00","date_gmt":"2014-04-02T04:05:00","guid":{"rendered":"http:\/\/209.133.219.102\/~newunicas\/blog\/2014\/04\/01\/talia-berckemeyer-disenadora\/"},"modified":"2019-01-10T21:34:17","modified_gmt":"2019-01-11T02:34:17","slug":"talia-berckemeyer-disenadora","status":"publish","type":"post","link":"https:\/\/www.unicas.pe\/blog\/talia-berckemeyer-disenadora\/","title":{"rendered":"Tal\u00eda Berckemeyer: nuevo talento en el LIF Week 2014"},"content":{"rendered":"<p>La talentosa dise\u00f1adora, Tal\u00eda Berckemeyer, por primera vez estar\u00e1 presente en el Fashion LIF Week 2014, donde mostrar\u00e1 \u201cBot\u00e1nica\u201d, su nueva colecci\u00f3n.<\/p>\n<p>  <!--more-->  <\/p>\n<p>Una joven talentosa en el arte de la moda. As\u00ed es Tal\u00eda Berckemeyer, dise\u00f1adora peruana que participar\u00e1 por primera vez en la semana de la moda. Su colecci\u00f3n est\u00e1 basado en la \u201cBot\u00e1nica\u201d, que tiene un significado de desarrollo de las plantas y del ser humano. Talia a preparado entre 15 a 20 prendas, donde destacan los colores fuertes: rojo, fucsia, amarillo, azul, entre otros.\u00a0<\/p>\n<p><img class=\" size-full wp-image-4950\" style=\"display: block; margin-left: auto; margin-right: auto;\" title=\"Tal\u00eda Berckemeyer: nuevo talento en el LIF Week 2014\" src=\"http:\/\/209.133.219.102\/~newunicas\/blog\/wp-content\/uploads\/2014\/04\/talia-berckemeyer1.jpg\" alt=\"Tal\u00eda Berckemeyer: nuevo talento en el LIF Week 2014\" width=\"600\" srcset=\"https:\/\/www.unicas.pe\/blog\/wp-content\/uploads\/2014\/04\/talia-berckemeyer1.jpg 650w, https:\/\/www.unicas.pe\/blog\/wp-content\/uploads\/2014\/04\/talia-berckemeyer1-200x300.jpg 200w, https:\/\/www.unicas.pe\/blog\/wp-content\/uploads\/2014\/04\/talia-berckemeyer1-281x420.jpg 281w, https:\/\/www.unicas.pe\/blog\/wp-content\/uploads\/2014\/04\/talia-berckemeyer1-561x840.jpg 561w\" sizes=\"(max-width: 650px) 100vw, 650px\" \/><\/p>\n<p><img class=\" size-full wp-image-4951\" style=\"display: block; margin-left: auto; margin-right: auto;\" title=\"Tal\u00eda Berckemeyer: nuevo talento en el LIF Week 2014\" src=\"http:\/\/209.133.219.102\/~newunicas\/blog\/wp-content\/uploads\/2014\/04\/talia-berckemeyer2.jpg\" alt=\"Tal\u00eda Berckemeyer: nuevo talento en el LIF Week 2014\" width=\"600\" srcset=\"https:\/\/www.unicas.pe\/blog\/wp-content\/uploads\/2014\/04\/talia-berckemeyer2.jpg 650w, https:\/\/www.unicas.pe\/blog\/wp-content\/uploads\/2014\/04\/talia-berckemeyer2-300x162.jpg 300w, https:\/\/www.unicas.pe\/blog\/wp-content\/uploads\/2014\/04\/talia-berckemeyer2-648x351.jpg 648w\" sizes=\"(max-width: 650px) 100vw, 650px\" \/><\/p>\n<p>Tal\u00eda Berckemeyer, estudi\u00f3 finanzas en la Universidad de Miami. Luego motivada por la moda y los dise\u00f1os, se gradu\u00f3 en dise\u00f1o de \u00a0modas en la escuela Parsons en Nueva York y despu\u00e9s, en la misma, llev\u00f3 un curso intensivo de dibujo en Par\u00eds. Gracias a su esfuerzo y dedicaci\u00f3n, logr\u00f3 crear una marca casual, Boho Chic, y despu\u00e9s su l\u00ednea como dise\u00f1adora.\u00a0<\/p>\n<p><img class=\" size-full wp-image-4952\" style=\"display: block; margin-left: auto; margin-right: auto;\" title=\"Tal\u00eda Berckemeyer: nuevo talento en el LIF Week 2014\" src=\"http:\/\/209.133.219.102\/~newunicas\/blog\/wp-content\/uploads\/2014\/04\/talia-berckemeyer3.jpg\" alt=\"Tal\u00eda Berckemeyer: nuevo talento en el LIF Week 2014\" width=\"600\" srcset=\"https:\/\/www.unicas.pe\/blog\/wp-content\/uploads\/2014\/04\/talia-berckemeyer3.jpg 650w, https:\/\/www.unicas.pe\/blog\/wp-content\/uploads\/2014\/04\/talia-berckemeyer3-200x300.jpg 200w, https:\/\/www.unicas.pe\/blog\/wp-content\/uploads\/2014\/04\/talia-berckemeyer3-281x420.jpg 281w, https:\/\/www.unicas.pe\/blog\/wp-content\/uploads\/2014\/04\/talia-berckemeyer3-561x840.jpg 561w\" sizes=\"(max-width: 650px) 100vw, 650px\" \/><\/p>\n<p>En el 2012, la joven dise\u00f1adora tuvo la oportunidad de realizar su primer desfile de moda en la casa Prado con su colecci\u00f3n \u201cOcean\u00eda\u201d. Fue su primera prueba de fuego en el apasionante y glamoroso mundo que combina los colores y el arte. Ella viene desarrollando colecciones en joyer\u00eda, zapater\u00eda, accesorios, dise\u00f1o textil, tejidos, alta costura entre otros.<\/p>\n<p><img class=\" size-full wp-image-4953\" style=\"display: block; margin-left: auto; margin-right: auto;\" title=\"Tal\u00eda Berckemeyer: nuevo talento en el LIF Week 2014\" src=\"http:\/\/209.133.219.102\/~newunicas\/blog\/wp-content\/uploads\/2014\/04\/talia-berckemeyer4.jpg\" alt=\"Tal\u00eda Berckemeyer: nuevo talento en el LIF Week 2014\" width=\"600\" srcset=\"https:\/\/www.unicas.pe\/blog\/wp-content\/uploads\/2014\/04\/talia-berckemeyer4.jpg 650w, https:\/\/www.unicas.pe\/blog\/wp-content\/uploads\/2014\/04\/talia-berckemeyer4-200x300.jpg 200w, https:\/\/www.unicas.pe\/blog\/wp-content\/uploads\/2014\/04\/talia-berckemeyer4-281x420.jpg 281w, https:\/\/www.unicas.pe\/blog\/wp-content\/uploads\/2014\/04\/talia-berckemeyer4-561x840.jpg 561w\" sizes=\"(max-width: 650px) 100vw, 650px\" \/><\/p>\n<p><img class=\" size-full wp-image-4954\" style=\"display: block; margin-left: auto; margin-right: auto;\" title=\"Tal\u00eda Berckemeyer: nuevo talento en el LIF Week 2014\" src=\"http:\/\/209.133.219.102\/~newunicas\/blog\/wp-content\/uploads\/2014\/04\/talia-berckemeyer5.jpg\" alt=\"Tal\u00eda Berckemeyer: nuevo talento en el LIF Week 2014\" width=\"600\" srcset=\"https:\/\/www.unicas.pe\/blog\/wp-content\/uploads\/2014\/04\/talia-berckemeyer5.jpg 650w, https:\/\/www.unicas.pe\/blog\/wp-content\/uploads\/2014\/04\/talia-berckemeyer5-205x300.jpg 205w, https:\/\/www.unicas.pe\/blog\/wp-content\/uploads\/2014\/04\/talia-berckemeyer5-287x420.jpg 287w, https:\/\/www.unicas.pe\/blog\/wp-content\/uploads\/2014\/04\/talia-berckemeyer5-574x840.jpg 574w\" sizes=\"(max-width: 650px) 100vw, 650px\" \/><\/p>\n<p>La dise\u00f1adora participa en la secci\u00f3n \u201cNuevos Talentos\u201d en el LIF Week. La presentaci\u00f3n de su colecci\u00f3n ser\u00e1 el primero de abril a las 7:00pm.<\/p>\n<p><img class=\" size-full wp-image-4955\" style=\"display: block; margin-left: auto; margin-right: auto;\" title=\"Tal\u00eda Berckemeyer: nuevo talento en el LIF Week 2014\" src=\"http:\/\/209.133.219.102\/~newunicas\/blog\/wp-content\/uploads\/2014\/04\/talia-berckemeyer6.jpg\" alt=\"Tal\u00eda Berckemeyer: nuevo talento en el LIF Week 2014\" width=\"600\" srcset=\"https:\/\/www.unicas.pe\/blog\/wp-content\/uploads\/2014\/04\/talia-berckemeyer6.jpg 650w, https:\/\/www.unicas.pe\/blog\/wp-content\/uploads\/2014\/04\/talia-berckemeyer6-248x300.jpg 248w, https:\/\/www.unicas.pe\/blog\/wp-content\/uploads\/2014\/04\/talia-berckemeyer6-348x420.jpg 348w\" sizes=\"(max-width: 650px) 100vw, 650px\" \/><\/p>\n","protected":false},"excerpt":{"rendered":"<p>La talentosa dise\u00f1adora, Tal\u00eda Berckemeyer, por primera vez estar\u00e1 presente en el Fashion LIF Week 2014, donde mostrar\u00e1 \u201cBot\u00e1nica\u201d, su nueva colecci\u00f3n.<\/p>\n","protected":false},"author":1,"featured_media":4950,"comment_status":"closed","ping_status":"open","sticky":false,"template":"","format":"standard","meta":[],"categories":[26],"tags":[103,6094,2659,1866,3062,1523,5905,6093,2000,267,108,82,3281,1742,5989,6095,6025,6096,5303],"yoast_head":"<!-- This site is optimized with the Yoast SEO plugin v16.0.2 - https:\/\/yoast.com\/wordpress\/plugins\/seo\/ -->\n<link rel=\"canonical\" href=\"https:\/\/www.unicas.pe\/blog\/talia-berckemeyer-disenadora\/\" \/>\n<meta property=\"og:locale\" content=\"es_ES\" \/>\n<meta property=\"og:type\" content=\"article\" \/>\n<meta property=\"og:title\" content=\"Tal\u00eda Berckemeyer: nuevo talento en el LIF Week 2014 - Unicas\" \/>\n<meta property=\"og:description\" content=\"La talentosa dise\u00f1adora, Tal\u00eda Berckemeyer, por primera vez estar\u00e1 presente en el Fashion LIF Week 2014, donde mostrar\u00e1 \u201cBot\u00e1nica\u201d, su nueva colecci\u00f3n.\" \/>\n<meta property=\"og:url\" content=\"https:\/\/www.unicas.pe\/blog\/talia-berckemeyer-disenadora\/\" \/>\n<meta property=\"og:site_name\" content=\"Unicas\" \/>\n<meta property=\"article:published_time\" content=\"2014-04-02T04:05:00+00:00\" \/>\n<meta property=\"article:modified_time\" content=\"2019-01-11T02:34:17+00:00\" \/>\n<meta property=\"og:image\" content=\"https:\/\/www.unicas.pe\/blog\/wp-content\/uploads\/2014\/04\/talia-berckemeyer1.jpg\" \/>\n\t<meta property=\"og:image:width\" content=\"650\" \/>\n\t<meta property=\"og:image:height\" content=\"973\" \/>\n<meta name=\"twitter:card\" content=\"summary_large_image\" \/>\n<meta name=\"twitter:label1\" content=\"Tiempo de lectura\">\n\t<meta name=\"twitter:data1\" content=\"1 minuto\">\n<script type=\"application\/ld+json\" class=\"yoast-schema-graph\">{\"@context\":\"https:\/\/schema.org\",\"@graph\":[{\"@type\":\"WebSite\",\"@id\":\"https:\/\/www.unicas.pe\/blog\/#website\",\"url\":\"https:\/\/www.unicas.pe\/blog\/\",\"name\":\"Unicas\",\"description\":\"Blog sobre belleza, maquillaje, moda, y mucho m\\u00e1s.\",\"potentialAction\":[{\"@type\":\"SearchAction\",\"target\":\"https:\/\/www.unicas.pe\/blog\/?s={search_term_string}\",\"query-input\":\"required name=search_term_string\"}],\"inLanguage\":\"es\"},{\"@type\":\"ImageObject\",\"@id\":\"https:\/\/www.unicas.pe\/blog\/talia-berckemeyer-disenadora\/#primaryimage\",\"inLanguage\":\"es\",\"url\":\"https:\/\/www.unicas.pe\/blog\/wp-content\/uploads\/2014\/04\/talia-berckemeyer1.jpg\",\"width\":650,\"height\":973,\"caption\":\"Tal\\u00eda Berckemeyer: nuevo talento en el LIF Week 2014\"},{\"@type\":\"WebPage\",\"@id\":\"https:\/\/www.unicas.pe\/blog\/talia-berckemeyer-disenadora\/#webpage\",\"url\":\"https:\/\/www.unicas.pe\/blog\/talia-berckemeyer-disenadora\/\",\"name\":\"Tal\\u00eda Berckemeyer: nuevo talento en el LIF Week 2014 - Unicas\",\"isPartOf\":{\"@id\":\"https:\/\/www.unicas.pe\/blog\/#website\"},\"primaryImageOfPage\":{\"@id\":\"https:\/\/www.unicas.pe\/blog\/talia-berckemeyer-disenadora\/#primaryimage\"},\"datePublished\":\"2014-04-02T04:05:00+00:00\",\"dateModified\":\"2019-01-11T02:34:17+00:00\",\"author\":{\"@id\":\"https:\/\/www.unicas.pe\/blog\/#\/schema\/person\/60053f595c6d0f3f11ed52a01c961cdb\"},\"breadcrumb\":{\"@id\":\"https:\/\/www.unicas.pe\/blog\/talia-berckemeyer-disenadora\/#breadcrumb\"},\"inLanguage\":\"es\",\"potentialAction\":[{\"@type\":\"ReadAction\",\"target\":[\"https:\/\/www.unicas.pe\/blog\/talia-berckemeyer-disenadora\/\"]}]},{\"@type\":\"BreadcrumbList\",\"@id\":\"https:\/\/www.unicas.pe\/blog\/talia-berckemeyer-disenadora\/#breadcrumb\",\"itemListElement\":[{\"@type\":\"ListItem\",\"position\":1,\"item\":{\"@type\":\"WebPage\",\"@id\":\"https:\/\/www.unicas.pe\/blog\/\",\"url\":\"https:\/\/www.unicas.pe\/blog\/\",\"name\":\"Portada\"}},{\"@type\":\"ListItem\",\"position\":2,\"item\":{\"@type\":\"WebPage\",\"@id\":\"https:\/\/www.unicas.pe\/blog\/talia-berckemeyer-disenadora\/\",\"url\":\"https:\/\/www.unicas.pe\/blog\/talia-berckemeyer-disenadora\/\",\"name\":\"Tal\\u00eda Berckemeyer: nuevo talento en el LIF Week 2014\"}}]},{\"@type\":\"Person\",\"@id\":\"https:\/\/www.unicas.pe\/blog\/#\/schema\/person\/60053f595c6d0f3f11ed52a01c961cdb\",\"name\":\"Katty Gora\",\"image\":{\"@type\":\"ImageObject\",\"@id\":\"https:\/\/www.unicas.pe\/blog\/#personlogo\",\"inLanguage\":\"es\",\"url\":\"https:\/\/www.unicas.pe\/blog\/wp-content\/uploads\/2019\/01\/168392_1786370415133_366102_n-150x150.jpg\",\"caption\":\"Katty Gora\"},\"description\":\"Katty is a passionate blogger, diving into different subjects like fashion, trends, styles and news and more. Discover the great insight of a true quality blogger!\"}]}<\/script>\n<!-- \/ Yoast SEO plugin. -->","_links":{"self":[{"href":"https:\/\/www.unicas.pe\/blog\/wp-json\/wp\/v2\/posts\/4956"}],"collection":[{"href":"https:\/\/www.unicas.pe\/blog\/wp-json\/wp\/v2\/posts"}],"about":[{"href":"https:\/\/www.unicas.pe\/blog\/wp-json\/wp\/v2\/types\/post"}],"author":[{"embeddable":true,"href":"https:\/\/www.unicas.pe\/blog\/wp-json\/wp\/v2\/users\/1"}],"replies":[{"embeddable":true,"href":"https:\/\/www.unicas.pe\/blog\/wp-json\/wp\/v2\/comments?post=4956"}],"version-history":[{"count":1,"href":"https:\/\/www.unicas.pe\/blog\/wp-json\/wp\/v2\/posts\/4956\/revisions"}],"predecessor-version":[{"id":10471,"href":"https:\/\/www.unicas.pe\/blog\/wp-json\/wp\/v2\/posts\/4956\/revisions\/10471"}],"wp:featuredmedia":[{"embeddable":true,"href":"https:\/\/www.unicas.pe\/blog\/wp-json\/wp\/v2\/media\/4950"}],"wp:attachment":[{"href":"https:\/\/www.unicas.pe\/blog\/wp-json\/wp\/v2\/media?parent=4956"}],"wp:term":[{"taxonomy":"category","embeddable":true,"href":"https:\/\/www.unicas.pe\/blog\/wp-json\/wp\/v2\/categories?post=4956"},{"taxonomy":"post_tag","embeddable":true,"href":"https:\/\/www.unicas.pe\/blog\/wp-json\/wp\/v2\/tags?post=4956"}],"curies":[{"name":"wp","href":"https:\/\/api.w.org\/{rel}","templated":true}]}}