{"id":4966,"date":"2014-04-02T21:37:17","date_gmt":"2014-04-03T02:37:17","guid":{"rendered":"http:\/\/209.133.219.102\/~newunicas\/blog\/2014\/04\/02\/ana-maria-guiulfo-lifweek-2014\/"},"modified":"2019-01-10T21:34:17","modified_gmt":"2019-01-11T02:34:17","slug":"ana-maria-guiulfo-lifweek-2014","status":"publish","type":"post","link":"https:\/\/www.unicas.pe\/blog\/ana-maria-guiulfo-lifweek-2014\/","title":{"rendered":"Ana Mar\u00eda Guiulfo deslumbr\u00f3 la pasarela del LIF Week 2014"},"content":{"rendered":"<p style=\"text-align: justify;\">La talentosa dise\u00f1adora peruana, Ana Mar\u00eda Guiulfo, mostr\u00f3 lo mejor de su arte, en su colecci\u00f3n \u201cUn jard\u00edn en el invierno\u201d, donde sobresalieron las flores y los colores.<\/p>\n<p>  <!--more-->  <\/p>\n<p style=\"text-align: justify;\">Artista por naturaleza. Due\u00f1a de una pasi\u00f3n y un amor por la moda peruana, la distinguida dise\u00f1adora, Ana Mar\u00eda Guiulfo, cautiv\u00f3 en la pasarela LIF Week. Su colecci\u00f3n presentado el pasado primero de abril, tuvo como tema \u201c<strong>Un jard\u00edn en el invierno<\/strong>\u201d y la novedad que trajo fue utilizar por primera vez pintura digital en sus prendas.\u00a0<\/p>\n<p><img class=\" size-full wp-image-4957\" style=\"display: block; margin-left: auto; margin-right: auto;\" title=\"Ana Mar\u00eda Guiulfo deslumbr\u00f3 la pasarela del LIF Week 2014\" src=\"http:\/\/209.133.219.102\/~newunicas\/blog\/wp-content\/uploads\/2014\/04\/ana-maria-guiulfo1.jpg\" alt=\"Ana Mar\u00eda Guiulfo deslumbr\u00f3 la pasarela del LIF Week 2014\" width=\"600\" srcset=\"https:\/\/www.unicas.pe\/blog\/wp-content\/uploads\/2014\/04\/ana-maria-guiulfo1.jpg 650w, https:\/\/www.unicas.pe\/blog\/wp-content\/uploads\/2014\/04\/ana-maria-guiulfo1-300x172.jpg 300w, https:\/\/www.unicas.pe\/blog\/wp-content\/uploads\/2014\/04\/ana-maria-guiulfo1-648x373.jpg 648w\" sizes=\"(max-width: 650px) 100vw, 650px\" \/><\/p>\n<p><img class=\" size-full wp-image-4958\" style=\"display: block; margin-left: auto; margin-right: auto;\" title=\"Ana Mar\u00eda Guiulfo deslumbr\u00f3 la pasarela del LIF Week 2014\" src=\"http:\/\/209.133.219.102\/~newunicas\/blog\/wp-content\/uploads\/2014\/04\/ana-maria-guiulfo2.jpg\" alt=\"Ana Mar\u00eda Guiulfo deslumbr\u00f3 la pasarela del LIF Week 2014\" width=\"600\" srcset=\"https:\/\/www.unicas.pe\/blog\/wp-content\/uploads\/2014\/04\/ana-maria-guiulfo2.jpg 650w, https:\/\/www.unicas.pe\/blog\/wp-content\/uploads\/2014\/04\/ana-maria-guiulfo2-300x168.jpg 300w, https:\/\/www.unicas.pe\/blog\/wp-content\/uploads\/2014\/04\/ana-maria-guiulfo2-648x363.jpg 648w\" sizes=\"(max-width: 650px) 100vw, 650px\" \/><\/p>\n<p><img class=\" size-full wp-image-4959\" style=\"display: block; margin-left: auto; margin-right: auto;\" title=\"Ana Mar\u00eda Guiulfo deslumbr\u00f3 la pasarela del LIF Week 2014\" src=\"http:\/\/209.133.219.102\/~newunicas\/blog\/wp-content\/uploads\/2014\/04\/ana-maria-guiulfo3.jpg\" alt=\"Ana Mar\u00eda Guiulfo deslumbr\u00f3 la pasarela del LIF Week 2014\" width=\"600\" srcset=\"https:\/\/www.unicas.pe\/blog\/wp-content\/uploads\/2014\/04\/ana-maria-guiulfo3.jpg 650w, https:\/\/www.unicas.pe\/blog\/wp-content\/uploads\/2014\/04\/ana-maria-guiulfo3-300x172.jpg 300w, https:\/\/www.unicas.pe\/blog\/wp-content\/uploads\/2014\/04\/ana-maria-guiulfo3-648x373.jpg 648w\" sizes=\"(max-width: 650px) 100vw, 650px\" \/><\/p>\n<p>Ana Mar\u00eda Guiulfo transmite presencia. Le gusta personalizar sus telas. Esta dispuesta a apostar por expresar el arte, m\u00fasica, dise\u00f1o, viaje y cultura. Su finalidad es generar tendencia en el Per\u00fa. Su herramienta es la libertad de transmitir su dise\u00f1os en cada pieza de su colecci\u00f3n. Ana Mar\u00eda ha presentado sus colecciones en los m\u00e1s importantes desfiles de moda, como: Fashion Week Paris, Miami, Puerto Rico, Lima Fashion Week y Punta del Este.<\/p>\n<p><img class=\" size-full wp-image-4960\" style=\"display: block; margin-left: auto; margin-right: auto;\" title=\"Ana Mar\u00eda Guiulfo deslumbr\u00f3 la pasarela del LIF Week 2014\" src=\"http:\/\/209.133.219.102\/~newunicas\/blog\/wp-content\/uploads\/2014\/04\/ana-maria-guiulfo4.jpg\" alt=\"Ana Mar\u00eda Guiulfo deslumbr\u00f3 la pasarela del LIF Week 2014\" width=\"600\" srcset=\"https:\/\/www.unicas.pe\/blog\/wp-content\/uploads\/2014\/04\/ana-maria-guiulfo4.jpg 650w, https:\/\/www.unicas.pe\/blog\/wp-content\/uploads\/2014\/04\/ana-maria-guiulfo4-300x168.jpg 300w, https:\/\/www.unicas.pe\/blog\/wp-content\/uploads\/2014\/04\/ana-maria-guiulfo4-648x363.jpg 648w\" sizes=\"(max-width: 650px) 100vw, 650px\" \/><\/p>\n<p><img class=\" size-full wp-image-4961\" style=\"display: block; margin-left: auto; margin-right: auto;\" title=\"Ana Mar\u00eda Guiulfo deslumbr\u00f3 la pasarela del LIF Week 2014\" src=\"http:\/\/209.133.219.102\/~newunicas\/blog\/wp-content\/uploads\/2014\/04\/ana-maria-guiulfo5.jpg\" alt=\"Ana Mar\u00eda Guiulfo deslumbr\u00f3 la pasarela del LIF Week 2014\" width=\"600\" srcset=\"https:\/\/www.unicas.pe\/blog\/wp-content\/uploads\/2014\/04\/ana-maria-guiulfo5.jpg 650w, https:\/\/www.unicas.pe\/blog\/wp-content\/uploads\/2014\/04\/ana-maria-guiulfo5-300x168.jpg 300w, https:\/\/www.unicas.pe\/blog\/wp-content\/uploads\/2014\/04\/ana-maria-guiulfo5-648x363.jpg 648w\" sizes=\"(max-width: 650px) 100vw, 650px\" \/><\/p>\n<p>La colecci\u00f3n presentada en el LIF Week esta inspirada en las flores, colores muy fuertes que contrastan, y son muy vers\u00e1tiles. La dise\u00f1adora apost\u00f3 por la pintura digital en esta ocasi\u00f3n. Los colores que resalt\u00f3 en el desfile del Lima Fashion Week son los tonos fucsia, negro, verde entre otros. El esp\u00edritu de las prendas est\u00e1n dirigidas a una mujer vers\u00e1til y jovial.\u00a0<\/p>\n<p><img class=\" size-full wp-image-4962\" style=\"display: block; margin-left: auto; margin-right: auto;\" title=\"Ana Mar\u00eda Guiulfo deslumbr\u00f3 la pasarela del LIF Week 2014\" src=\"http:\/\/209.133.219.102\/~newunicas\/blog\/wp-content\/uploads\/2014\/04\/ana-maria-guiulfo6.jpg\" alt=\"Ana Mar\u00eda Guiulfo deslumbr\u00f3 la pasarela del LIF Week 2014\" width=\"600\" srcset=\"https:\/\/www.unicas.pe\/blog\/wp-content\/uploads\/2014\/04\/ana-maria-guiulfo6.jpg 650w, https:\/\/www.unicas.pe\/blog\/wp-content\/uploads\/2014\/04\/ana-maria-guiulfo6-300x172.jpg 300w, https:\/\/www.unicas.pe\/blog\/wp-content\/uploads\/2014\/04\/ana-maria-guiulfo6-648x373.jpg 648w\" sizes=\"(max-width: 650px) 100vw, 650px\" \/><\/p>\n<p><img class=\" size-full wp-image-4963\" style=\"display: block; margin-left: auto; margin-right: auto;\" title=\"Ana Mar\u00eda Guiulfo deslumbr\u00f3 la pasarela del LIF Week 2014\" src=\"http:\/\/209.133.219.102\/~newunicas\/blog\/wp-content\/uploads\/2014\/04\/ana-maria-guiulfo7.jpg\" alt=\"Ana Mar\u00eda Guiulfo deslumbr\u00f3 la pasarela del LIF Week 2014\" width=\"600\" srcset=\"https:\/\/www.unicas.pe\/blog\/wp-content\/uploads\/2014\/04\/ana-maria-guiulfo7.jpg 650w, https:\/\/www.unicas.pe\/blog\/wp-content\/uploads\/2014\/04\/ana-maria-guiulfo7-300x172.jpg 300w, https:\/\/www.unicas.pe\/blog\/wp-content\/uploads\/2014\/04\/ana-maria-guiulfo7-648x373.jpg 648w\" sizes=\"(max-width: 650px) 100vw, 650px\" \/><\/p>\n<p><img class=\" size-full wp-image-4964\" style=\"display: block; margin-left: auto; margin-right: auto;\" title=\"Ana Mar\u00eda Guiulfo deslumbr\u00f3 la pasarela del LIF Week 2014\" src=\"http:\/\/209.133.219.102\/~newunicas\/blog\/wp-content\/uploads\/2014\/04\/ana-maria-guiulfo8.jpg\" alt=\"Ana Mar\u00eda Guiulfo deslumbr\u00f3 la pasarela del LIF Week 2014\" width=\"600\" srcset=\"https:\/\/www.unicas.pe\/blog\/wp-content\/uploads\/2014\/04\/ana-maria-guiulfo8.jpg 650w, https:\/\/www.unicas.pe\/blog\/wp-content\/uploads\/2014\/04\/ana-maria-guiulfo8-300x168.jpg 300w, https:\/\/www.unicas.pe\/blog\/wp-content\/uploads\/2014\/04\/ana-maria-guiulfo8-648x363.jpg 648w\" sizes=\"(max-width: 650px) 100vw, 650px\" \/><\/p>\n<p>Ana Mar\u00eda Guiulfo, es una dise\u00f1adora peruana que sigue sembrando muchos \u00e9xitos a trav\u00e9s de su talento, sus pinturas, \u00a0telas y todo lo que ella puede crear con su arte.<\/p>\n<p><img class=\" size-full wp-image-4965\" style=\"display: block; margin-left: auto; margin-right: auto;\" title=\"Ana Mar\u00eda Guiulfo deslumbr\u00f3 la pasarela del LIF Week 2014\" src=\"http:\/\/209.133.219.102\/~newunicas\/blog\/wp-content\/uploads\/2014\/04\/ana-maria-guiulfo9.jpg\" alt=\"Ana Mar\u00eda Guiulfo deslumbr\u00f3 la pasarela del LIF Week 2014\" width=\"600\" srcset=\"https:\/\/www.unicas.pe\/blog\/wp-content\/uploads\/2014\/04\/ana-maria-guiulfo9.jpg 650w, https:\/\/www.unicas.pe\/blog\/wp-content\/uploads\/2014\/04\/ana-maria-guiulfo9-300x172.jpg 300w, https:\/\/www.unicas.pe\/blog\/wp-content\/uploads\/2014\/04\/ana-maria-guiulfo9-648x373.jpg 648w\" sizes=\"(max-width: 650px) 100vw, 650px\" \/><\/p>\n","protected":false},"excerpt":{"rendered":"<p>La talentosa dise\u00f1adora peruana, Ana Mar\u00eda Guiulfo, mostr\u00f3 lo mejor de su arte, en su colecci\u00f3n \u201cUn jard\u00edn en el invierno\u201d, donde sobresalieron las flores y los colores.<\/p>\n","protected":false},"author":1,"featured_media":4957,"comment_status":"closed","ping_status":"open","sticky":false,"template":"","format":"standard","meta":[],"categories":[26],"tags":[],"yoast_head":"<!-- This site is optimized with the Yoast SEO plugin v16.0.2 - https:\/\/yoast.com\/wordpress\/plugins\/seo\/ -->\n<link rel=\"canonical\" href=\"https:\/\/www.unicas.pe\/blog\/ana-maria-guiulfo-lifweek-2014\/\" \/>\n<meta property=\"og:locale\" content=\"es_ES\" \/>\n<meta property=\"og:type\" content=\"article\" \/>\n<meta property=\"og:title\" content=\"Ana Mar\u00eda Guiulfo deslumbr\u00f3 la pasarela del LIF Week 2014 - Unicas\" \/>\n<meta property=\"og:description\" content=\"La talentosa dise\u00f1adora peruana, Ana Mar\u00eda Guiulfo, mostr\u00f3 lo mejor de su arte, en su colecci\u00f3n \u201cUn jard\u00edn en el invierno\u201d, donde sobresalieron las flores y los colores.\" \/>\n<meta property=\"og:url\" content=\"https:\/\/www.unicas.pe\/blog\/ana-maria-guiulfo-lifweek-2014\/\" \/>\n<meta property=\"og:site_name\" content=\"Unicas\" \/>\n<meta property=\"article:published_time\" content=\"2014-04-03T02:37:17+00:00\" \/>\n<meta property=\"article:modified_time\" content=\"2019-01-11T02:34:17+00:00\" \/>\n<meta property=\"og:image\" content=\"https:\/\/www.unicas.pe\/blog\/wp-content\/uploads\/2014\/04\/ana-maria-guiulfo1.jpg\" \/>\n\t<meta property=\"og:image:width\" content=\"650\" \/>\n\t<meta property=\"og:image:height\" content=\"373\" \/>\n<meta name=\"twitter:card\" content=\"summary_large_image\" \/>\n<meta name=\"twitter:label1\" content=\"Tiempo de lectura\">\n\t<meta name=\"twitter:data1\" content=\"1 minuto\">\n<script type=\"application\/ld+json\" class=\"yoast-schema-graph\">{\"@context\":\"https:\/\/schema.org\",\"@graph\":[{\"@type\":\"WebSite\",\"@id\":\"https:\/\/www.unicas.pe\/blog\/#website\",\"url\":\"https:\/\/www.unicas.pe\/blog\/\",\"name\":\"Unicas\",\"description\":\"Blog sobre belleza, maquillaje, moda, y mucho m\\u00e1s.\",\"potentialAction\":[{\"@type\":\"SearchAction\",\"target\":\"https:\/\/www.unicas.pe\/blog\/?s={search_term_string}\",\"query-input\":\"required name=search_term_string\"}],\"inLanguage\":\"es\"},{\"@type\":\"ImageObject\",\"@id\":\"https:\/\/www.unicas.pe\/blog\/ana-maria-guiulfo-lifweek-2014\/#primaryimage\",\"inLanguage\":\"es\",\"url\":\"https:\/\/www.unicas.pe\/blog\/wp-content\/uploads\/2014\/04\/ana-maria-guiulfo1.jpg\",\"width\":650,\"height\":373,\"caption\":\"Ana Mar\\u00eda Guiulfo deslumbr\\u00f3 la pasarela del LIF Week 2014\"},{\"@type\":\"WebPage\",\"@id\":\"https:\/\/www.unicas.pe\/blog\/ana-maria-guiulfo-lifweek-2014\/#webpage\",\"url\":\"https:\/\/www.unicas.pe\/blog\/ana-maria-guiulfo-lifweek-2014\/\",\"name\":\"Ana Mar\\u00eda Guiulfo deslumbr\\u00f3 la pasarela del LIF Week 2014 - Unicas\",\"isPartOf\":{\"@id\":\"https:\/\/www.unicas.pe\/blog\/#website\"},\"primaryImageOfPage\":{\"@id\":\"https:\/\/www.unicas.pe\/blog\/ana-maria-guiulfo-lifweek-2014\/#primaryimage\"},\"datePublished\":\"2014-04-03T02:37:17+00:00\",\"dateModified\":\"2019-01-11T02:34:17+00:00\",\"author\":{\"@id\":\"https:\/\/www.unicas.pe\/blog\/#\/schema\/person\/60053f595c6d0f3f11ed52a01c961cdb\"},\"breadcrumb\":{\"@id\":\"https:\/\/www.unicas.pe\/blog\/ana-maria-guiulfo-lifweek-2014\/#breadcrumb\"},\"inLanguage\":\"es\",\"potentialAction\":[{\"@type\":\"ReadAction\",\"target\":[\"https:\/\/www.unicas.pe\/blog\/ana-maria-guiulfo-lifweek-2014\/\"]}]},{\"@type\":\"BreadcrumbList\",\"@id\":\"https:\/\/www.unicas.pe\/blog\/ana-maria-guiulfo-lifweek-2014\/#breadcrumb\",\"itemListElement\":[{\"@type\":\"ListItem\",\"position\":1,\"item\":{\"@type\":\"WebPage\",\"@id\":\"https:\/\/www.unicas.pe\/blog\/\",\"url\":\"https:\/\/www.unicas.pe\/blog\/\",\"name\":\"Portada\"}},{\"@type\":\"ListItem\",\"position\":2,\"item\":{\"@type\":\"WebPage\",\"@id\":\"https:\/\/www.unicas.pe\/blog\/ana-maria-guiulfo-lifweek-2014\/\",\"url\":\"https:\/\/www.unicas.pe\/blog\/ana-maria-guiulfo-lifweek-2014\/\",\"name\":\"Ana Mar\\u00eda Guiulfo deslumbr\\u00f3 la pasarela del LIF Week 2014\"}}]},{\"@type\":\"Person\",\"@id\":\"https:\/\/www.unicas.pe\/blog\/#\/schema\/person\/60053f595c6d0f3f11ed52a01c961cdb\",\"name\":\"Katty Gora\",\"image\":{\"@type\":\"ImageObject\",\"@id\":\"https:\/\/www.unicas.pe\/blog\/#personlogo\",\"inLanguage\":\"es\",\"url\":\"https:\/\/www.unicas.pe\/blog\/wp-content\/uploads\/2019\/01\/168392_1786370415133_366102_n-150x150.jpg\",\"caption\":\"Katty Gora\"},\"description\":\"Katty is a passionate blogger, diving into different subjects like fashion, trends, styles and news and more. Discover the great insight of a true quality blogger!\"}]}<\/script>\n<!-- \/ Yoast SEO plugin. -->","_links":{"self":[{"href":"https:\/\/www.unicas.pe\/blog\/wp-json\/wp\/v2\/posts\/4966"}],"collection":[{"href":"https:\/\/www.unicas.pe\/blog\/wp-json\/wp\/v2\/posts"}],"about":[{"href":"https:\/\/www.unicas.pe\/blog\/wp-json\/wp\/v2\/types\/post"}],"author":[{"embeddable":true,"href":"https:\/\/www.unicas.pe\/blog\/wp-json\/wp\/v2\/users\/1"}],"replies":[{"embeddable":true,"href":"https:\/\/www.unicas.pe\/blog\/wp-json\/wp\/v2\/comments?post=4966"}],"version-history":[{"count":1,"href":"https:\/\/www.unicas.pe\/blog\/wp-json\/wp\/v2\/posts\/4966\/revisions"}],"predecessor-version":[{"id":10470,"href":"https:\/\/www.unicas.pe\/blog\/wp-json\/wp\/v2\/posts\/4966\/revisions\/10470"}],"wp:featuredmedia":[{"embeddable":true,"href":"https:\/\/www.unicas.pe\/blog\/wp-json\/wp\/v2\/media\/4957"}],"wp:attachment":[{"href":"https:\/\/www.unicas.pe\/blog\/wp-json\/wp\/v2\/media?parent=4966"}],"wp:term":[{"taxonomy":"category","embeddable":true,"href":"https:\/\/www.unicas.pe\/blog\/wp-json\/wp\/v2\/categories?post=4966"},{"taxonomy":"post_tag","embeddable":true,"href":"https:\/\/www.unicas.pe\/blog\/wp-json\/wp\/v2\/tags?post=4966"}],"curies":[{"name":"wp","href":"https:\/\/api.w.org\/{rel}","templated":true}]}}