{"id":4999,"date":"2014-04-02T23:07:34","date_gmt":"2014-04-03T04:07:34","guid":{"rendered":"http:\/\/209.133.219.102\/~newunicas\/blog\/2014\/04\/02\/jared-leto-semana-de-la-moda-paris\/"},"modified":"2019-01-10T21:34:17","modified_gmt":"2019-01-11T02:34:17","slug":"jared-leto-semana-de-la-moda-paris","status":"publish","type":"post","link":"https:\/\/www.unicas.pe\/blog\/jared-leto-semana-de-la-moda-paris\/","title":{"rendered":"Jared Leto en la Semana de la Moda de Par\u00eds"},"content":{"rendered":"<p>El guap\u00edsimo,Jared Leto, deslumbr\u00f3 con su estilo fashionista y sus lentes Saint Laurent al asistir al desfile de Miu Miu.<\/p>\n<p>  <!--more-->  <\/p>\n<p>El desfile de Miu Miu reuni\u00f3 a grandes celebridades en la Semana de la Moda de Par\u00eds. El reciente ganador del Oscar, Jared Leto, estuvo presente en este evento vestido como todo un gal\u00e1n. Leto, celebridad fashionista, se ve sofisticado vistiendo todo de negro con un pa\u00f1uelo celeste, completando su look los nuevos lentes Saint Laurent por Hedi Slimane. \u00a0El ganador a mejor actor de reparto por su actuaci\u00f3n \u00abDallas Buyers Club\u00bb se rob\u00f3 las miradas de muchas celebridades, incluida la ganadora tambi\u00e9n de un Oscar, Lupita Nyong\u2019o.<\/p>\n<p><img class=\" size-full wp-image-4994\" style=\"display: block; margin-left: auto; margin-right: auto;\" title=\"Jared Leto en la Semana de la Moda de Par\u00eds\" src=\"http:\/\/209.133.219.102\/~newunicas\/blog\/wp-content\/uploads\/2014\/04\/jared-leto1.jpg\" alt=\"Jared Leto en la Semana de la Moda de Par\u00eds\" width=\"600\" srcset=\"https:\/\/www.unicas.pe\/blog\/wp-content\/uploads\/2014\/04\/jared-leto1.jpg 650w, https:\/\/www.unicas.pe\/blog\/wp-content\/uploads\/2014\/04\/jared-leto1-198x300.jpg 198w, https:\/\/www.unicas.pe\/blog\/wp-content\/uploads\/2014\/04\/jared-leto1-277x420.jpg 277w, https:\/\/www.unicas.pe\/blog\/wp-content\/uploads\/2014\/04\/jared-leto1-553x840.jpg 553w\" sizes=\"(max-width: 650px) 100vw, 650px\" \/><\/p>\n<p><img class=\" size-full wp-image-4995\" style=\"display: block; margin-left: auto; margin-right: auto;\" title=\"Jared Leto en la Semana de la Moda de Par\u00eds\" src=\"http:\/\/209.133.219.102\/~newunicas\/blog\/wp-content\/uploads\/2014\/04\/jared-leto2.jpg\" alt=\"Jared Leto en la Semana de la Moda de Par\u00eds\" width=\"600\" srcset=\"https:\/\/www.unicas.pe\/blog\/wp-content\/uploads\/2014\/04\/jared-leto2.jpg 650w, https:\/\/www.unicas.pe\/blog\/wp-content\/uploads\/2014\/04\/jared-leto2-200x300.jpg 200w, https:\/\/www.unicas.pe\/blog\/wp-content\/uploads\/2014\/04\/jared-leto2-281x420.jpg 281w, https:\/\/www.unicas.pe\/blog\/wp-content\/uploads\/2014\/04\/jared-leto2-561x840.jpg 561w\" sizes=\"(max-width: 650px) 100vw, 650px\" \/><\/p>\n<p>Otras de las personalidades de Hollywood que asisti\u00f3 al desfile de Miuccia Prada, fue \u00a0 Lupita Nyong\u2019o. La actriz de \u00ab12 Years a Slave\u00bb. Nyong&#8217;o, se ve\u00eda radiante con una chaqueta de Miu Miu sencilla con un cuello blanco con bordado, una minifalda rosa p\u00e1lido y zapatos de tac\u00f3n blancos.<\/p>\n<p><img class=\" size-full wp-image-4996\" style=\"display: block; margin-left: auto; margin-right: auto;\" title=\"Jared Leto en la Semana de la Moda de Par\u00eds\" src=\"http:\/\/209.133.219.102\/~newunicas\/blog\/wp-content\/uploads\/2014\/04\/jared-leto3.jpg\" alt=\"Jared Leto en la Semana de la Moda de Par\u00eds\" width=\"600\" srcset=\"https:\/\/www.unicas.pe\/blog\/wp-content\/uploads\/2014\/04\/jared-leto3.jpg 650w, https:\/\/www.unicas.pe\/blog\/wp-content\/uploads\/2014\/04\/jared-leto3-197x300.jpg 197w, https:\/\/www.unicas.pe\/blog\/wp-content\/uploads\/2014\/04\/jared-leto3-276x420.jpg 276w, https:\/\/www.unicas.pe\/blog\/wp-content\/uploads\/2014\/04\/jared-leto3-552x840.jpg 552w\" sizes=\"(max-width: 650px) 100vw, 650px\" \/><\/p>\n<p>El par ganador del Oscar, cuya relaci\u00f3n es objeto de muchas conjeturas, fue invitado por la dise\u00f1adora italiana al desfile de la plastificada colecci\u00f3n oto\u00f1o invierno de Miu Miu en Par\u00eds. Otras de las personalidades en asistir fue Rihanna, quien llevaba un enorme abrigo de piel.<\/p>\n<p><img class=\" size-full wp-image-4997\" style=\"display: block; margin-left: auto; margin-right: auto;\" title=\"Jared Leto en la Semana de la Moda de Par\u00eds\" src=\"http:\/\/209.133.219.102\/~newunicas\/blog\/wp-content\/uploads\/2014\/04\/jared-leto4.jpg\" alt=\"Jared Leto en la Semana de la Moda de Par\u00eds\" width=\"600\" srcset=\"https:\/\/www.unicas.pe\/blog\/wp-content\/uploads\/2014\/04\/jared-leto4.jpg 650w, https:\/\/www.unicas.pe\/blog\/wp-content\/uploads\/2014\/04\/jared-leto4-243x300.jpg 243w, https:\/\/www.unicas.pe\/blog\/wp-content\/uploads\/2014\/04\/jared-leto4-324x400.jpg 324w, https:\/\/www.unicas.pe\/blog\/wp-content\/uploads\/2014\/04\/jared-leto4-648x800.jpg 648w, https:\/\/www.unicas.pe\/blog\/wp-content\/uploads\/2014\/04\/jared-leto4-340x420.jpg 340w\" sizes=\"(max-width: 650px) 100vw, 650px\" \/><\/p>\n<p><img class=\" size-full wp-image-4998\" style=\"display: block; margin-left: auto; margin-right: auto;\" title=\"Jared Leto en la Semana de la Moda de Par\u00eds\" src=\"http:\/\/209.133.219.102\/~newunicas\/blog\/wp-content\/uploads\/2014\/04\/jared-leto5.jpg\" alt=\"Jared Leto en la Semana de la Moda de Par\u00eds\" width=\"600\" srcset=\"https:\/\/www.unicas.pe\/blog\/wp-content\/uploads\/2014\/04\/jared-leto5.jpg 650w, https:\/\/www.unicas.pe\/blog\/wp-content\/uploads\/2014\/04\/jared-leto5-300x209.jpg 300w, https:\/\/www.unicas.pe\/blog\/wp-content\/uploads\/2014\/04\/jared-leto5-100x70.jpg 100w, https:\/\/www.unicas.pe\/blog\/wp-content\/uploads\/2014\/04\/jared-leto5-200x140.jpg 200w, https:\/\/www.unicas.pe\/blog\/wp-content\/uploads\/2014\/04\/jared-leto5-648x453.jpg 648w, https:\/\/www.unicas.pe\/blog\/wp-content\/uploads\/2014\/04\/jared-leto5-603x420.jpg 603w\" sizes=\"(max-width: 650px) 100vw, 650px\" \/><\/p>\n","protected":false},"excerpt":{"rendered":"<p>El guap\u00edsimo,Jared Leto, deslumbr\u00f3 con su estilo fashionista y sus lentes Saint Laurent al asistir al desfile de Miu Miu.<\/p>\n","protected":false},"author":1,"featured_media":4994,"comment_status":"closed","ping_status":"open","sticky":false,"template":"","format":"standard","meta":[],"categories":[5],"tags":[6062,6110,6112,511,6109,1245,5090,6113,3656,5122,2627],"yoast_head":"<!-- This site is optimized with the Yoast SEO plugin v16.0.2 - https:\/\/yoast.com\/wordpress\/plugins\/seo\/ -->\n<link rel=\"canonical\" href=\"https:\/\/www.unicas.pe\/blog\/jared-leto-semana-de-la-moda-paris\/\" \/>\n<meta property=\"og:locale\" content=\"es_ES\" \/>\n<meta property=\"og:type\" content=\"article\" \/>\n<meta property=\"og:title\" content=\"Jared Leto en la Semana de la Moda de Par\u00eds - Unicas\" \/>\n<meta property=\"og:description\" content=\"El guap\u00edsimo,Jared Leto, deslumbr\u00f3 con su estilo fashionista y sus lentes Saint Laurent al asistir al desfile de Miu Miu.\" \/>\n<meta property=\"og:url\" content=\"https:\/\/www.unicas.pe\/blog\/jared-leto-semana-de-la-moda-paris\/\" \/>\n<meta property=\"og:site_name\" content=\"Unicas\" \/>\n<meta property=\"article:published_time\" content=\"2014-04-03T04:07:34+00:00\" \/>\n<meta property=\"article:modified_time\" content=\"2019-01-11T02:34:17+00:00\" \/>\n<meta property=\"og:image\" content=\"https:\/\/www.unicas.pe\/blog\/wp-content\/uploads\/2014\/04\/jared-leto1.jpg\" \/>\n\t<meta property=\"og:image:width\" content=\"650\" \/>\n\t<meta property=\"og:image:height\" content=\"987\" \/>\n<meta name=\"twitter:card\" content=\"summary_large_image\" \/>\n<meta name=\"twitter:label1\" content=\"Tiempo de lectura\">\n\t<meta name=\"twitter:data1\" content=\"1 minuto\">\n<script type=\"application\/ld+json\" class=\"yoast-schema-graph\">{\"@context\":\"https:\/\/schema.org\",\"@graph\":[{\"@type\":\"WebSite\",\"@id\":\"https:\/\/www.unicas.pe\/blog\/#website\",\"url\":\"https:\/\/www.unicas.pe\/blog\/\",\"name\":\"Unicas\",\"description\":\"Blog sobre belleza, maquillaje, moda, y mucho m\\u00e1s.\",\"potentialAction\":[{\"@type\":\"SearchAction\",\"target\":\"https:\/\/www.unicas.pe\/blog\/?s={search_term_string}\",\"query-input\":\"required name=search_term_string\"}],\"inLanguage\":\"es\"},{\"@type\":\"ImageObject\",\"@id\":\"https:\/\/www.unicas.pe\/blog\/jared-leto-semana-de-la-moda-paris\/#primaryimage\",\"inLanguage\":\"es\",\"url\":\"https:\/\/www.unicas.pe\/blog\/wp-content\/uploads\/2014\/04\/jared-leto1.jpg\",\"width\":650,\"height\":987,\"caption\":\"Jared Leto en la Semana de la Moda de Par\\u00eds\"},{\"@type\":\"WebPage\",\"@id\":\"https:\/\/www.unicas.pe\/blog\/jared-leto-semana-de-la-moda-paris\/#webpage\",\"url\":\"https:\/\/www.unicas.pe\/blog\/jared-leto-semana-de-la-moda-paris\/\",\"name\":\"Jared Leto en la Semana de la Moda de Par\\u00eds - Unicas\",\"isPartOf\":{\"@id\":\"https:\/\/www.unicas.pe\/blog\/#website\"},\"primaryImageOfPage\":{\"@id\":\"https:\/\/www.unicas.pe\/blog\/jared-leto-semana-de-la-moda-paris\/#primaryimage\"},\"datePublished\":\"2014-04-03T04:07:34+00:00\",\"dateModified\":\"2019-01-11T02:34:17+00:00\",\"author\":{\"@id\":\"https:\/\/www.unicas.pe\/blog\/#\/schema\/person\/60053f595c6d0f3f11ed52a01c961cdb\"},\"breadcrumb\":{\"@id\":\"https:\/\/www.unicas.pe\/blog\/jared-leto-semana-de-la-moda-paris\/#breadcrumb\"},\"inLanguage\":\"es\",\"potentialAction\":[{\"@type\":\"ReadAction\",\"target\":[\"https:\/\/www.unicas.pe\/blog\/jared-leto-semana-de-la-moda-paris\/\"]}]},{\"@type\":\"BreadcrumbList\",\"@id\":\"https:\/\/www.unicas.pe\/blog\/jared-leto-semana-de-la-moda-paris\/#breadcrumb\",\"itemListElement\":[{\"@type\":\"ListItem\",\"position\":1,\"item\":{\"@type\":\"WebPage\",\"@id\":\"https:\/\/www.unicas.pe\/blog\/\",\"url\":\"https:\/\/www.unicas.pe\/blog\/\",\"name\":\"Portada\"}},{\"@type\":\"ListItem\",\"position\":2,\"item\":{\"@type\":\"WebPage\",\"@id\":\"https:\/\/www.unicas.pe\/blog\/jared-leto-semana-de-la-moda-paris\/\",\"url\":\"https:\/\/www.unicas.pe\/blog\/jared-leto-semana-de-la-moda-paris\/\",\"name\":\"Jared Leto en la Semana de la Moda de Par\\u00eds\"}}]},{\"@type\":\"Person\",\"@id\":\"https:\/\/www.unicas.pe\/blog\/#\/schema\/person\/60053f595c6d0f3f11ed52a01c961cdb\",\"name\":\"Katty Gora\",\"image\":{\"@type\":\"ImageObject\",\"@id\":\"https:\/\/www.unicas.pe\/blog\/#personlogo\",\"inLanguage\":\"es\",\"url\":\"https:\/\/www.unicas.pe\/blog\/wp-content\/uploads\/2019\/01\/168392_1786370415133_366102_n-150x150.jpg\",\"caption\":\"Katty Gora\"},\"description\":\"Katty is a passionate blogger, diving into different subjects like fashion, trends, styles and news and more. Discover the great insight of a true quality blogger!\"}]}<\/script>\n<!-- \/ Yoast SEO plugin. -->","_links":{"self":[{"href":"https:\/\/www.unicas.pe\/blog\/wp-json\/wp\/v2\/posts\/4999"}],"collection":[{"href":"https:\/\/www.unicas.pe\/blog\/wp-json\/wp\/v2\/posts"}],"about":[{"href":"https:\/\/www.unicas.pe\/blog\/wp-json\/wp\/v2\/types\/post"}],"author":[{"embeddable":true,"href":"https:\/\/www.unicas.pe\/blog\/wp-json\/wp\/v2\/users\/1"}],"replies":[{"embeddable":true,"href":"https:\/\/www.unicas.pe\/blog\/wp-json\/wp\/v2\/comments?post=4999"}],"version-history":[{"count":1,"href":"https:\/\/www.unicas.pe\/blog\/wp-json\/wp\/v2\/posts\/4999\/revisions"}],"predecessor-version":[{"id":10466,"href":"https:\/\/www.unicas.pe\/blog\/wp-json\/wp\/v2\/posts\/4999\/revisions\/10466"}],"wp:featuredmedia":[{"embeddable":true,"href":"https:\/\/www.unicas.pe\/blog\/wp-json\/wp\/v2\/media\/4994"}],"wp:attachment":[{"href":"https:\/\/www.unicas.pe\/blog\/wp-json\/wp\/v2\/media?parent=4999"}],"wp:term":[{"taxonomy":"category","embeddable":true,"href":"https:\/\/www.unicas.pe\/blog\/wp-json\/wp\/v2\/categories?post=4999"},{"taxonomy":"post_tag","embeddable":true,"href":"https:\/\/www.unicas.pe\/blog\/wp-json\/wp\/v2\/tags?post=4999"}],"curies":[{"name":"wp","href":"https:\/\/api.w.org\/{rel}","templated":true}]}}