{"id":5003,"date":"2014-04-03T16:04:52","date_gmt":"2014-04-03T21:04:52","guid":{"rendered":"http:\/\/209.133.219.102\/~newunicas\/blog\/2014\/04\/03\/zumba-homofobico-lifweek-2014\/"},"modified":"2019-01-10T21:34:17","modified_gmt":"2019-01-11T02:34:17","slug":"zumba-homofobico-lifweek-2014","status":"publish","type":"post","link":"https:\/\/www.unicas.pe\/blog\/zumba-homofobico-lifweek-2014\/","title":{"rendered":"Zumba es tildado de \u2018homof\u00f3bico\u2019 por comentario en el LIF Week  [Video]"},"content":{"rendered":"<p>Zumba, integrante de Combate, fue calificado de homof\u00f3bico por burlarse de un homosexual en el LIF Week. Artistas del medio alzaron su voz de protesta contra el concursante.<\/p>\n<p>  <!--more-->  <\/p>\n<p>\u201cQuiso hacerse el payasito\u201d, as\u00ed lo calific\u00f3 la estilista <strong>Danitza Garc\u00eda<\/strong> en su cuenta de Facebook, luego de que fuera agredida verbalmente por Alejandro Benito Porras, conocido como \u201c<strong>Zumba<\/strong>\u201d. \u201cPor querer hacerse el payasito del programa Combate, el chico llamado Zumba demostr\u00f3 su homofobia a mi persona, burl\u00e1ndose de mi voz. \u201c<strong>Este chico es tonto c\u00f3mo se puede burlar de m\u00ed estando en un desfile como el Lima Fashion LIF Week<\/strong>, donde el 50 por ciento o m\u00e1s somos gays que estamos dedicados a la publicidad o a la belleza y a la moda\u201d, escribi\u00f3 Danitza Garc\u00eda en la red social.<\/p>\n<p><img class=\" size-full wp-image-5000\" style=\"display: block; margin-left: auto; margin-right: auto;\" src=\"http:\/\/209.133.219.102\/~newunicas\/blog\/wp-content\/uploads\/2014\/04\/foto1zumba.jpg\" alt=\"\" width=\"600\" srcset=\"https:\/\/www.unicas.pe\/blog\/wp-content\/uploads\/2014\/04\/foto1zumba.jpg 650w, https:\/\/www.unicas.pe\/blog\/wp-content\/uploads\/2014\/04\/foto1zumba-300x225.jpg 300w, https:\/\/www.unicas.pe\/blog\/wp-content\/uploads\/2014\/04\/foto1zumba-80x60.jpg 80w, https:\/\/www.unicas.pe\/blog\/wp-content\/uploads\/2014\/04\/foto1zumba-160x120.jpg 160w, https:\/\/www.unicas.pe\/blog\/wp-content\/uploads\/2014\/04\/foto1zumba-265x198.jpg 265w, https:\/\/www.unicas.pe\/blog\/wp-content\/uploads\/2014\/04\/foto1zumba-559x420.jpg 559w\" sizes=\"(max-width: 650px) 100vw, 650px\" \/><\/p>\n<p>Su incomodidad no qued\u00f3 ah\u00ed, pues la estilista tild\u00f3 al programa <strong>Combate<\/strong> de homof\u00f3bicos, ya que no respetaron a parte de sus televidentes que tambi\u00e9n son gays. Finalmente concluy\u00f3 se\u00f1alando que cada persona saque sus conclusiones sobre este incidente.\u00a0<\/p>\n<p>Como se recuerda el enlace realizado el d\u00eda de ayer, \u00a0por el <strong>reality de ATV<\/strong>, muestra como el combatiente le pregunta a la estilista por qu\u00e9 ten\u00eda la voz ronca, hecho que fastidi\u00f3 al homosexual, quien lo tild\u00f3 de homof\u00f3bico . Luego de este bochornoso momento, un nervioso Zumba negaba ser homof\u00f3bico y trato de cambiar de tema a toda costa, ya que el programa Combate se transmit\u00eda en vivo y en directo.<\/p>\n<p><img class=\" size-full wp-image-5001\" style=\"display: block; margin-left: auto; margin-right: auto;\" src=\"http:\/\/209.133.219.102\/~newunicas\/blog\/wp-content\/uploads\/2014\/04\/foto2zumba.jpg\" alt=\"\" width=\"600\" srcset=\"https:\/\/www.unicas.pe\/blog\/wp-content\/uploads\/2014\/04\/foto2zumba.jpg 650w, https:\/\/www.unicas.pe\/blog\/wp-content\/uploads\/2014\/04\/foto2zumba-300x180.jpg 300w, https:\/\/www.unicas.pe\/blog\/wp-content\/uploads\/2014\/04\/foto2zumba-648x390.jpg 648w\" sizes=\"(max-width: 650px) 100vw, 650px\" \/><\/p>\n<p>Este hecho fue muy criticado por las redes sociales. Tambi\u00e9n algunos artistas del medio se pronunciaron al respecto. Esta vez fue Coco Marusix quien le mand\u00f3 un mensaje a Zumba y al programa a \u00a0trav\u00e9s de su Facebook.\u201dQue se puede esperar de un personaje as\u00ed, tambi\u00e9n no le pidan peras al olmo y no nos vengan a decir despues q los de combate son un ejemplo para los ni\u00f1os&#8217;, coment\u00f3.<\/p>\n<p>Johanna San Miguel tambi\u00e9n utiliz\u00f3 las redes sociales para mostrar su absoluto apoyo a Danitza Garc\u00eda, quien habr\u00eda sido v\u00edctima de homofobia por parte Zumba.\u201d&#8217;REINA. Sabes como te quiero y admiro. Eres una mujer divertida, sensible y llena de amor. Talentosa y tienes millones de amigos que te adoran.Considerame una entre esos millones&#8230;&#8217;, escribi\u00f3 la recordada &#8216;Queca&#8217; en el Facebook de Danitza.<\/p>\n<p><img class=\" size-full wp-image-5002\" style=\"display: block; margin-left: auto; margin-right: auto;\" src=\"http:\/\/209.133.219.102\/~newunicas\/blog\/wp-content\/uploads\/2014\/04\/foto3zumba.jpg\" alt=\"\" width=\"600\" srcset=\"https:\/\/www.unicas.pe\/blog\/wp-content\/uploads\/2014\/04\/foto3zumba.jpg 650w, https:\/\/www.unicas.pe\/blog\/wp-content\/uploads\/2014\/04\/foto3zumba-300x225.jpg 300w, https:\/\/www.unicas.pe\/blog\/wp-content\/uploads\/2014\/04\/foto3zumba-80x60.jpg 80w, https:\/\/www.unicas.pe\/blog\/wp-content\/uploads\/2014\/04\/foto3zumba-160x120.jpg 160w, https:\/\/www.unicas.pe\/blog\/wp-content\/uploads\/2014\/04\/foto3zumba-265x198.jpg 265w, https:\/\/www.unicas.pe\/blog\/wp-content\/uploads\/2014\/04\/foto3zumba-559x420.jpg 559w\" sizes=\"(max-width: 650px) 100vw, 650px\" \/><\/p>\n<p>Luego del tremendo incidente protagonizado por Zumba al burlarse de un homosexual en el LIF Week, el propio integrante de Combate hizo un mea culpa en Twitter.<\/p>\n<p><object style=\"display: block; margin-left: auto; margin-right: auto;\" data=\"http:\/\/www.youtube.com\/v\/9I07HyyS_H4?hl=es_MX&amp;version=3\" type=\"application\/x-shockwave-flash\" width=\"560\" height=\"315\"><param name=\"movie\" value=\"http:\/\/www.youtube.com\/v\/9I07HyyS_H4?hl=es_MX&amp;version=3\" \/><param name=\"allowFullScreen\" value=\"true\" \/><param name=\"allowscriptaccess\" value=\"always\" \/><\/object><\/p>\n","protected":false},"excerpt":{"rendered":"<p>Zumba, integrante de Combate, fue calificado de homof\u00f3bico por burlarse de un homosexual en el LIF Week. Artistas del medio alzaron su voz de protesta contra el concursante.<\/p>\n","protected":false},"author":1,"featured_media":5000,"comment_status":"closed","ping_status":"open","sticky":false,"template":"","format":"standard","meta":[],"categories":[22],"tags":[6120,530,2188,6117,313,6121,6116,6119,1651,6104,6118,6115,342,2000,6012,6015,82,6122,152,3155],"yoast_head":"<!-- This site is optimized with the Yoast SEO plugin v16.0.2 - https:\/\/yoast.com\/wordpress\/plugins\/seo\/ -->\n<link rel=\"canonical\" href=\"https:\/\/www.unicas.pe\/blog\/zumba-homofobico-lifweek-2014\/\" \/>\n<meta property=\"og:locale\" content=\"es_ES\" \/>\n<meta property=\"og:type\" content=\"article\" \/>\n<meta property=\"og:title\" content=\"Zumba es tildado de \u2018homof\u00f3bico\u2019 por comentario en el LIF Week [Video] - Unicas\" \/>\n<meta property=\"og:description\" content=\"Zumba, integrante de Combate, fue calificado de homof\u00f3bico por burlarse de un homosexual en el LIF Week. Artistas del medio alzaron su voz de protesta contra el concursante.\" \/>\n<meta property=\"og:url\" content=\"https:\/\/www.unicas.pe\/blog\/zumba-homofobico-lifweek-2014\/\" \/>\n<meta property=\"og:site_name\" content=\"Unicas\" \/>\n<meta property=\"article:published_time\" content=\"2014-04-03T21:04:52+00:00\" \/>\n<meta property=\"article:modified_time\" content=\"2019-01-11T02:34:17+00:00\" \/>\n<meta property=\"og:image\" content=\"https:\/\/www.unicas.pe\/blog\/wp-content\/uploads\/2014\/04\/foto1zumba.jpg\" \/>\n\t<meta property=\"og:image:width\" content=\"650\" \/>\n\t<meta property=\"og:image:height\" content=\"488\" \/>\n<meta name=\"twitter:card\" content=\"summary_large_image\" \/>\n<meta name=\"twitter:label1\" content=\"Tiempo de lectura\">\n\t<meta name=\"twitter:data1\" content=\"2 minutos\">\n<script type=\"application\/ld+json\" class=\"yoast-schema-graph\">{\"@context\":\"https:\/\/schema.org\",\"@graph\":[{\"@type\":\"WebSite\",\"@id\":\"https:\/\/www.unicas.pe\/blog\/#website\",\"url\":\"https:\/\/www.unicas.pe\/blog\/\",\"name\":\"Unicas\",\"description\":\"Blog sobre belleza, maquillaje, moda, y mucho m\\u00e1s.\",\"potentialAction\":[{\"@type\":\"SearchAction\",\"target\":\"https:\/\/www.unicas.pe\/blog\/?s={search_term_string}\",\"query-input\":\"required name=search_term_string\"}],\"inLanguage\":\"es\"},{\"@type\":\"ImageObject\",\"@id\":\"https:\/\/www.unicas.pe\/blog\/zumba-homofobico-lifweek-2014\/#primaryimage\",\"inLanguage\":\"es\",\"url\":\"https:\/\/www.unicas.pe\/blog\/wp-content\/uploads\/2014\/04\/foto1zumba.jpg\",\"width\":650,\"height\":488},{\"@type\":\"WebPage\",\"@id\":\"https:\/\/www.unicas.pe\/blog\/zumba-homofobico-lifweek-2014\/#webpage\",\"url\":\"https:\/\/www.unicas.pe\/blog\/zumba-homofobico-lifweek-2014\/\",\"name\":\"Zumba es tildado de \\u2018homof\\u00f3bico\\u2019 por comentario en el LIF Week [Video] - Unicas\",\"isPartOf\":{\"@id\":\"https:\/\/www.unicas.pe\/blog\/#website\"},\"primaryImageOfPage\":{\"@id\":\"https:\/\/www.unicas.pe\/blog\/zumba-homofobico-lifweek-2014\/#primaryimage\"},\"datePublished\":\"2014-04-03T21:04:52+00:00\",\"dateModified\":\"2019-01-11T02:34:17+00:00\",\"author\":{\"@id\":\"https:\/\/www.unicas.pe\/blog\/#\/schema\/person\/60053f595c6d0f3f11ed52a01c961cdb\"},\"breadcrumb\":{\"@id\":\"https:\/\/www.unicas.pe\/blog\/zumba-homofobico-lifweek-2014\/#breadcrumb\"},\"inLanguage\":\"es\",\"potentialAction\":[{\"@type\":\"ReadAction\",\"target\":[\"https:\/\/www.unicas.pe\/blog\/zumba-homofobico-lifweek-2014\/\"]}]},{\"@type\":\"BreadcrumbList\",\"@id\":\"https:\/\/www.unicas.pe\/blog\/zumba-homofobico-lifweek-2014\/#breadcrumb\",\"itemListElement\":[{\"@type\":\"ListItem\",\"position\":1,\"item\":{\"@type\":\"WebPage\",\"@id\":\"https:\/\/www.unicas.pe\/blog\/\",\"url\":\"https:\/\/www.unicas.pe\/blog\/\",\"name\":\"Portada\"}},{\"@type\":\"ListItem\",\"position\":2,\"item\":{\"@type\":\"WebPage\",\"@id\":\"https:\/\/www.unicas.pe\/blog\/zumba-homofobico-lifweek-2014\/\",\"url\":\"https:\/\/www.unicas.pe\/blog\/zumba-homofobico-lifweek-2014\/\",\"name\":\"Zumba es tildado de \\u2018homof\\u00f3bico\\u2019 por comentario en el LIF Week [Video]\"}}]},{\"@type\":\"Person\",\"@id\":\"https:\/\/www.unicas.pe\/blog\/#\/schema\/person\/60053f595c6d0f3f11ed52a01c961cdb\",\"name\":\"Katty Gora\",\"image\":{\"@type\":\"ImageObject\",\"@id\":\"https:\/\/www.unicas.pe\/blog\/#personlogo\",\"inLanguage\":\"es\",\"url\":\"https:\/\/www.unicas.pe\/blog\/wp-content\/uploads\/2019\/01\/168392_1786370415133_366102_n-150x150.jpg\",\"caption\":\"Katty Gora\"},\"description\":\"Katty is a passionate blogger, diving into different subjects like fashion, trends, styles and news and more. Discover the great insight of a true quality blogger!\"}]}<\/script>\n<!-- \/ Yoast SEO plugin. -->","_links":{"self":[{"href":"https:\/\/www.unicas.pe\/blog\/wp-json\/wp\/v2\/posts\/5003"}],"collection":[{"href":"https:\/\/www.unicas.pe\/blog\/wp-json\/wp\/v2\/posts"}],"about":[{"href":"https:\/\/www.unicas.pe\/blog\/wp-json\/wp\/v2\/types\/post"}],"author":[{"embeddable":true,"href":"https:\/\/www.unicas.pe\/blog\/wp-json\/wp\/v2\/users\/1"}],"replies":[{"embeddable":true,"href":"https:\/\/www.unicas.pe\/blog\/wp-json\/wp\/v2\/comments?post=5003"}],"version-history":[{"count":1,"href":"https:\/\/www.unicas.pe\/blog\/wp-json\/wp\/v2\/posts\/5003\/revisions"}],"predecessor-version":[{"id":10465,"href":"https:\/\/www.unicas.pe\/blog\/wp-json\/wp\/v2\/posts\/5003\/revisions\/10465"}],"wp:featuredmedia":[{"embeddable":true,"href":"https:\/\/www.unicas.pe\/blog\/wp-json\/wp\/v2\/media\/5000"}],"wp:attachment":[{"href":"https:\/\/www.unicas.pe\/blog\/wp-json\/wp\/v2\/media?parent=5003"}],"wp:term":[{"taxonomy":"category","embeddable":true,"href":"https:\/\/www.unicas.pe\/blog\/wp-json\/wp\/v2\/categories?post=5003"},{"taxonomy":"post_tag","embeddable":true,"href":"https:\/\/www.unicas.pe\/blog\/wp-json\/wp\/v2\/tags?post=5003"}],"curies":[{"name":"wp","href":"https:\/\/api.w.org\/{rel}","templated":true}]}}