{"id":5033,"date":"2014-04-03T22:39:18","date_gmt":"2014-04-04T03:39:18","guid":{"rendered":"http:\/\/209.133.219.102\/~newunicas\/blog\/2014\/04\/03\/serum-dermo-clarite-sos\/"},"modified":"2019-01-10T21:34:16","modified_gmt":"2019-01-11T02:34:16","slug":"serum-dermo-clarite-sos","status":"publish","type":"post","link":"https:\/\/www.unicas.pe\/blog\/serum-dermo-clarite-sos\/","title":{"rendered":"Conoce el nuevo S\u00e9rums S.O.S. de L\u2019Bel"},"content":{"rendered":"<p>Para mantener tu piel hermosa y bien cuidada, no olvides utilizar el nuevo S\u00e9rum S.O.S de la marca de belleza, L\u2019Bel. En s\u00f3lo 14 d\u00edas ver\u00e1s los resultados.<\/p>\n<p>  <!--more-->  <\/p>\n<p>Una piel saludable requiere de cuidados especiales. Eso incluye buenos h\u00e1bitos de belleza, hidrataci\u00f3n y la limpieza adecuada. Cuando esto no ocurre \u00a0 nuestra piel puede emitir un llamado S.O.S. que no hay que pasar por alto. Para los tres principales signos de llamado S.O.S., L\u00b4Bel dise\u00f1\u00f3 una l\u00ednea de s\u00e9rums de alta concentraci\u00f3n, r\u00e1pida absorci\u00f3n y de acci\u00f3n inmediata, que promete resultados en tan solo 14 d\u00edas.<\/p>\n<p><strong>Neuvive, S\u00e9rum contra la Opacidad<\/strong>: La piel se renueva completamente cada 3 \u00f3 4 semanas. Cuando este proceso se vuelve lento, las c\u00e9lulas muertas se acumulan en la superficie de la piel, d\u00e1ndole un aspecto opaco y marcando las asperezas. Para combatir este problema, L\u2019Bel desarroll\u00f3 <strong>Neuvive<\/strong>, un s\u00e9rum renovador y perfeccionador facial en crema, no agresivo para la piel, hipoalerg\u00e9nico y dermatol\u00f3gicamente probado. Su exclusiva f\u00f3rmula Biosilicio Technologie, act\u00faa sobre la piel de manera simple, segura y eficaz. El resultado: una piel m\u00e1s radiante y llena de vida.<\/p>\n<p><img class=\" size-full wp-image-5029\" style=\"display: block; margin-left: auto; margin-right: auto;\" title=\"Conoce el nuevo S\u00e9rums S.O.S. de L\u2019Bel\" src=\"http:\/\/209.133.219.102\/~newunicas\/blog\/wp-content\/uploads\/2014\/04\/serum-dermo1.jpg\" alt=\"Conoce el nuevo S\u00e9rums S.O.S. de L\u2019Bel\" width=\"600\" srcset=\"https:\/\/www.unicas.pe\/blog\/wp-content\/uploads\/2014\/04\/serum-dermo1.jpg 650w, https:\/\/www.unicas.pe\/blog\/wp-content\/uploads\/2014\/04\/serum-dermo1-186x300.jpg 186w, https:\/\/www.unicas.pe\/blog\/wp-content\/uploads\/2014\/04\/serum-dermo1-635x1024.jpg 635w, https:\/\/www.unicas.pe\/blog\/wp-content\/uploads\/2014\/04\/serum-dermo1-260x420.jpg 260w, https:\/\/www.unicas.pe\/blog\/wp-content\/uploads\/2014\/04\/serum-dermo1-520x840.jpg 520w\" sizes=\"(max-width: 650px) 100vw, 650px\" \/><\/p>\n<p><strong>Collagenesse, S\u00e9rum contra las Arrugas Profundas<\/strong>: Las arrugas son en realidad producto del da\u00f1o solar, el paso del tiempo, malos h\u00e1bitos, entre otros factores. Cuando comienzan a aparecer, el tratamiento ideal es aquel que estimule la producci\u00f3n de col\u00e1geno y elastina, que le brinde protecci\u00f3n a las fibras de soporte de la piel. Para ello, L\u2019Bel desarroll\u00f3 el s\u00e9rum <strong>Collagenesse<\/strong>, producto para el rostro y otro para la zona del contorno de ojos y labios.<\/p>\n<p><img class=\" size-full wp-image-5030\" style=\"display: block; margin-left: auto; margin-right: auto;\" title=\"Conoce el nuevo S\u00e9rums S.O.S. de L\u2019Bel\" src=\"http:\/\/209.133.219.102\/~newunicas\/blog\/wp-content\/uploads\/2014\/04\/serum-dermo2.jpg\" alt=\"Conoce el nuevo S\u00e9rums S.O.S. de L\u2019Bel\" width=\"600\" srcset=\"https:\/\/www.unicas.pe\/blog\/wp-content\/uploads\/2014\/04\/serum-dermo2.jpg 650w, https:\/\/www.unicas.pe\/blog\/wp-content\/uploads\/2014\/04\/serum-dermo2-140x300.jpg 140w, https:\/\/www.unicas.pe\/blog\/wp-content\/uploads\/2014\/04\/serum-dermo2-477x1024.jpg 477w, https:\/\/www.unicas.pe\/blog\/wp-content\/uploads\/2014\/04\/serum-dermo2-196x420.jpg 196w, https:\/\/www.unicas.pe\/blog\/wp-content\/uploads\/2014\/04\/serum-dermo2-392x840.jpg 392w\" sizes=\"(max-width: 650px) 100vw, 650px\" \/><\/p>\n<p><strong>Dermo Clarite, S\u00e9rum contra las Manchas<\/strong>: Los melanocitos son aquellas c\u00e9lulas que producen la melanina, responsables del color de la piel y de protegerla de los efectos de la radiaci\u00f3n UV. Por una alteraci\u00f3n en el proceso de creaci\u00f3n de melanina, aparecen las manchas. Entre los principales culpables este desorden est\u00e1 la excesiva exposici\u00f3n solar, el envejecimiento y ciertos cambios hormonales. Para combatir este problema, L\u2019Bel cre\u00f3 <strong>S\u00e9rum Dermo Clarit\u00e9<\/strong>, un tratamiento aclarador y antimanchas 100% que contiene una mol\u00e9cula de \u00faltima generaci\u00f3n llamada Chroma Bright, que combate el proceso de hiperpigmentaci\u00f3n.\u00a0<\/p>\n<p><img class=\" size-full wp-image-5031\" style=\"display: block; margin-left: auto; margin-right: auto;\" title=\"Conoce el nuevo S\u00e9rums S.O.S. de L\u2019Bel\" src=\"http:\/\/209.133.219.102\/~newunicas\/blog\/wp-content\/uploads\/2014\/04\/serum-dermo3.jpg\" alt=\"Conoce el nuevo S\u00e9rums S.O.S. de L\u2019Bel\" width=\"600\" srcset=\"https:\/\/www.unicas.pe\/blog\/wp-content\/uploads\/2014\/04\/serum-dermo3.jpg 650w, https:\/\/www.unicas.pe\/blog\/wp-content\/uploads\/2014\/04\/serum-dermo3-213x300.jpg 213w, https:\/\/www.unicas.pe\/blog\/wp-content\/uploads\/2014\/04\/serum-dermo3-298x420.jpg 298w, https:\/\/www.unicas.pe\/blog\/wp-content\/uploads\/2014\/04\/serum-dermo3-597x840.jpg 597w\" sizes=\"(max-width: 650px) 100vw, 650px\" \/><\/p>\n<p><img class=\" size-full wp-image-5032\" style=\"display: block; margin-left: auto; margin-right: auto;\" title=\"Conoce el nuevo S\u00e9rums S.O.S. de L\u2019Bel\" src=\"http:\/\/209.133.219.102\/~newunicas\/blog\/wp-content\/uploads\/2014\/04\/serum-dermo5.jpg\" alt=\"Conoce el nuevo S\u00e9rums S.O.S. de L\u2019Bel\" width=\"600\" srcset=\"https:\/\/www.unicas.pe\/blog\/wp-content\/uploads\/2014\/04\/serum-dermo5.jpg 650w, https:\/\/www.unicas.pe\/blog\/wp-content\/uploads\/2014\/04\/serum-dermo5-300x228.jpg 300w, https:\/\/www.unicas.pe\/blog\/wp-content\/uploads\/2014\/04\/serum-dermo5-80x60.jpg 80w, https:\/\/www.unicas.pe\/blog\/wp-content\/uploads\/2014\/04\/serum-dermo5-553x420.jpg 553w\" sizes=\"(max-width: 650px) 100vw, 650px\" \/><\/p>\n","protected":false},"excerpt":{"rendered":"<p>Para mantener tu piel hermosa y bien cuidada, no olvides utilizar el nuevo S\u00e9rum S.O.S de la marca de belleza, L\u2019Bel. En s\u00f3lo 14 d\u00edas ver\u00e1s los resultados.<\/p>\n","protected":false},"author":1,"featured_media":5029,"comment_status":"closed","ping_status":"open","sticky":false,"template":"","format":"standard","meta":[],"categories":[10],"tags":[577,103,6143,1902,6145,6146,964,1004,5185,5141,1922,6144,6147,1814],"yoast_head":"<!-- This site is optimized with the Yoast SEO plugin v16.0.2 - https:\/\/yoast.com\/wordpress\/plugins\/seo\/ -->\n<link rel=\"canonical\" href=\"https:\/\/www.unicas.pe\/blog\/serum-dermo-clarite-sos\/\" \/>\n<meta property=\"og:locale\" content=\"es_ES\" \/>\n<meta property=\"og:type\" content=\"article\" \/>\n<meta property=\"og:title\" content=\"Conoce el nuevo S\u00e9rums S.O.S. de L\u2019Bel - Unicas\" \/>\n<meta property=\"og:description\" content=\"Para mantener tu piel hermosa y bien cuidada, no olvides utilizar el nuevo S\u00e9rum S.O.S de la marca de belleza, L\u2019Bel. En s\u00f3lo 14 d\u00edas ver\u00e1s los resultados.\" \/>\n<meta property=\"og:url\" content=\"https:\/\/www.unicas.pe\/blog\/serum-dermo-clarite-sos\/\" \/>\n<meta property=\"og:site_name\" content=\"Unicas\" \/>\n<meta property=\"article:published_time\" content=\"2014-04-04T03:39:18+00:00\" \/>\n<meta property=\"article:modified_time\" content=\"2019-01-11T02:34:16+00:00\" \/>\n<meta property=\"og:image\" content=\"https:\/\/www.unicas.pe\/blog\/wp-content\/uploads\/2014\/04\/serum-dermo1.jpg\" \/>\n\t<meta property=\"og:image:width\" content=\"650\" \/>\n\t<meta property=\"og:image:height\" content=\"1049\" \/>\n<meta name=\"twitter:card\" content=\"summary_large_image\" \/>\n<meta name=\"twitter:label1\" content=\"Tiempo de lectura\">\n\t<meta name=\"twitter:data1\" content=\"2 minutos\">\n<script type=\"application\/ld+json\" class=\"yoast-schema-graph\">{\"@context\":\"https:\/\/schema.org\",\"@graph\":[{\"@type\":\"WebSite\",\"@id\":\"https:\/\/www.unicas.pe\/blog\/#website\",\"url\":\"https:\/\/www.unicas.pe\/blog\/\",\"name\":\"Unicas\",\"description\":\"Blog sobre belleza, maquillaje, moda, y mucho m\\u00e1s.\",\"potentialAction\":[{\"@type\":\"SearchAction\",\"target\":\"https:\/\/www.unicas.pe\/blog\/?s={search_term_string}\",\"query-input\":\"required name=search_term_string\"}],\"inLanguage\":\"es\"},{\"@type\":\"ImageObject\",\"@id\":\"https:\/\/www.unicas.pe\/blog\/serum-dermo-clarite-sos\/#primaryimage\",\"inLanguage\":\"es\",\"url\":\"https:\/\/www.unicas.pe\/blog\/wp-content\/uploads\/2014\/04\/serum-dermo1.jpg\",\"width\":650,\"height\":1049,\"caption\":\"Conoce el nuevo S\\u00e9rums S.O.S. de L\\u2019Bel\"},{\"@type\":\"WebPage\",\"@id\":\"https:\/\/www.unicas.pe\/blog\/serum-dermo-clarite-sos\/#webpage\",\"url\":\"https:\/\/www.unicas.pe\/blog\/serum-dermo-clarite-sos\/\",\"name\":\"Conoce el nuevo S\\u00e9rums S.O.S. de L\\u2019Bel - Unicas\",\"isPartOf\":{\"@id\":\"https:\/\/www.unicas.pe\/blog\/#website\"},\"primaryImageOfPage\":{\"@id\":\"https:\/\/www.unicas.pe\/blog\/serum-dermo-clarite-sos\/#primaryimage\"},\"datePublished\":\"2014-04-04T03:39:18+00:00\",\"dateModified\":\"2019-01-11T02:34:16+00:00\",\"author\":{\"@id\":\"https:\/\/www.unicas.pe\/blog\/#\/schema\/person\/60053f595c6d0f3f11ed52a01c961cdb\"},\"breadcrumb\":{\"@id\":\"https:\/\/www.unicas.pe\/blog\/serum-dermo-clarite-sos\/#breadcrumb\"},\"inLanguage\":\"es\",\"potentialAction\":[{\"@type\":\"ReadAction\",\"target\":[\"https:\/\/www.unicas.pe\/blog\/serum-dermo-clarite-sos\/\"]}]},{\"@type\":\"BreadcrumbList\",\"@id\":\"https:\/\/www.unicas.pe\/blog\/serum-dermo-clarite-sos\/#breadcrumb\",\"itemListElement\":[{\"@type\":\"ListItem\",\"position\":1,\"item\":{\"@type\":\"WebPage\",\"@id\":\"https:\/\/www.unicas.pe\/blog\/\",\"url\":\"https:\/\/www.unicas.pe\/blog\/\",\"name\":\"Portada\"}},{\"@type\":\"ListItem\",\"position\":2,\"item\":{\"@type\":\"WebPage\",\"@id\":\"https:\/\/www.unicas.pe\/blog\/serum-dermo-clarite-sos\/\",\"url\":\"https:\/\/www.unicas.pe\/blog\/serum-dermo-clarite-sos\/\",\"name\":\"Conoce el nuevo S\\u00e9rums S.O.S. de L\\u2019Bel\"}}]},{\"@type\":\"Person\",\"@id\":\"https:\/\/www.unicas.pe\/blog\/#\/schema\/person\/60053f595c6d0f3f11ed52a01c961cdb\",\"name\":\"Katty Gora\",\"image\":{\"@type\":\"ImageObject\",\"@id\":\"https:\/\/www.unicas.pe\/blog\/#personlogo\",\"inLanguage\":\"es\",\"url\":\"https:\/\/www.unicas.pe\/blog\/wp-content\/uploads\/2019\/01\/168392_1786370415133_366102_n-150x150.jpg\",\"caption\":\"Katty Gora\"},\"description\":\"Katty is a passionate blogger, diving into different subjects like fashion, trends, styles and news and more. Discover the great insight of a true quality blogger!\"}]}<\/script>\n<!-- \/ Yoast SEO plugin. -->","_links":{"self":[{"href":"https:\/\/www.unicas.pe\/blog\/wp-json\/wp\/v2\/posts\/5033"}],"collection":[{"href":"https:\/\/www.unicas.pe\/blog\/wp-json\/wp\/v2\/posts"}],"about":[{"href":"https:\/\/www.unicas.pe\/blog\/wp-json\/wp\/v2\/types\/post"}],"author":[{"embeddable":true,"href":"https:\/\/www.unicas.pe\/blog\/wp-json\/wp\/v2\/users\/1"}],"replies":[{"embeddable":true,"href":"https:\/\/www.unicas.pe\/blog\/wp-json\/wp\/v2\/comments?post=5033"}],"version-history":[{"count":1,"href":"https:\/\/www.unicas.pe\/blog\/wp-json\/wp\/v2\/posts\/5033\/revisions"}],"predecessor-version":[{"id":10460,"href":"https:\/\/www.unicas.pe\/blog\/wp-json\/wp\/v2\/posts\/5033\/revisions\/10460"}],"wp:featuredmedia":[{"embeddable":true,"href":"https:\/\/www.unicas.pe\/blog\/wp-json\/wp\/v2\/media\/5029"}],"wp:attachment":[{"href":"https:\/\/www.unicas.pe\/blog\/wp-json\/wp\/v2\/media?parent=5033"}],"wp:term":[{"taxonomy":"category","embeddable":true,"href":"https:\/\/www.unicas.pe\/blog\/wp-json\/wp\/v2\/categories?post=5033"},{"taxonomy":"post_tag","embeddable":true,"href":"https:\/\/www.unicas.pe\/blog\/wp-json\/wp\/v2\/tags?post=5033"}],"curies":[{"name":"wp","href":"https:\/\/api.w.org\/{rel}","templated":true}]}}