{"id":5043,"date":"2014-04-03T22:50:17","date_gmt":"2014-04-04T03:50:17","guid":{"rendered":"http:\/\/209.133.219.102\/~newunicas\/blog\/2014\/04\/03\/fatima-arrieta-lifweek-2014\/"},"modified":"2019-01-10T21:34:16","modified_gmt":"2019-01-11T02:34:16","slug":"fatima-arrieta-lifweek-2014","status":"publish","type":"post","link":"https:\/\/www.unicas.pe\/blog\/fatima-arrieta-lifweek-2014\/","title":{"rendered":"F\u00e1tima Arrieta dej\u00f3 su sello de moda en el LIF Week 2014"},"content":{"rendered":"<p>La reconocida dise\u00f1adora present\u00f3 en el LIF Week su colecci\u00f3n inspirado en el trabajo del fot\u00f3grafo peruano Mart\u00edn Chambi.\u00a0<\/p>\n<p>  <!--more-->  <\/p>\n<p>Otro de los talentos del LIF Week que se present\u00f3 el pasado dos de abril, fue la dise\u00f1adora peruana F\u00e1tima Arrieta, quien deslumbr\u00f3 el escenario con su colecci\u00f3n. El trabajo de la dise\u00f1adora nos pone ante una propuesta que combina lo &#8216;pret a porter&#8217; con la alta costura, que se expresa en diferentes \u00a0tonos de las 30 salidas \u00a0del desfile.<\/p>\n<p><img class=\" size-full wp-image-5034\" style=\"display: block; margin-left: auto; margin-right: auto;\" title=\"F\u00e1tima Arrieta dej\u00f3 su sello de moda en el LIF Week 2014\" src=\"http:\/\/209.133.219.102\/~newunicas\/blog\/wp-content\/uploads\/2014\/04\/arrieta-lifweek1.jpg\" alt=\"F\u00e1tima Arrieta dej\u00f3 su sello de moda en el LIF Week 2014\" width=\"600\" srcset=\"https:\/\/www.unicas.pe\/blog\/wp-content\/uploads\/2014\/04\/arrieta-lifweek1.jpg 650w, https:\/\/www.unicas.pe\/blog\/wp-content\/uploads\/2014\/04\/arrieta-lifweek1-300x172.jpg 300w, https:\/\/www.unicas.pe\/blog\/wp-content\/uploads\/2014\/04\/arrieta-lifweek1-648x373.jpg 648w\" sizes=\"(max-width: 650px) 100vw, 650px\" \/><\/p>\n<p><img class=\" size-full wp-image-5035\" style=\"display: block; margin-left: auto; margin-right: auto;\" title=\"F\u00e1tima Arrieta dej\u00f3 su sello de moda en el LIF Week 2014\" src=\"http:\/\/209.133.219.102\/~newunicas\/blog\/wp-content\/uploads\/2014\/04\/arrieta-lifweek2.jpg\" alt=\"F\u00e1tima Arrieta dej\u00f3 su sello de moda en el LIF Week 2014\" width=\"600\" srcset=\"https:\/\/www.unicas.pe\/blog\/wp-content\/uploads\/2014\/04\/arrieta-lifweek2.jpg 650w, https:\/\/www.unicas.pe\/blog\/wp-content\/uploads\/2014\/04\/arrieta-lifweek2-300x172.jpg 300w, https:\/\/www.unicas.pe\/blog\/wp-content\/uploads\/2014\/04\/arrieta-lifweek2-648x373.jpg 648w\" sizes=\"(max-width: 650px) 100vw, 650px\" \/><\/p>\n<p><img class=\" size-full wp-image-5036\" style=\"display: block; margin-left: auto; margin-right: auto;\" title=\"F\u00e1tima Arrieta dej\u00f3 su sello de moda en el LIF Week 2014\" src=\"http:\/\/209.133.219.102\/~newunicas\/blog\/wp-content\/uploads\/2014\/04\/arrieta-lifweek3.jpg\" alt=\"F\u00e1tima Arrieta dej\u00f3 su sello de moda en el LIF Week 2014\" width=\"600\" srcset=\"https:\/\/www.unicas.pe\/blog\/wp-content\/uploads\/2014\/04\/arrieta-lifweek3.jpg 650w, https:\/\/www.unicas.pe\/blog\/wp-content\/uploads\/2014\/04\/arrieta-lifweek3-300x172.jpg 300w, https:\/\/www.unicas.pe\/blog\/wp-content\/uploads\/2014\/04\/arrieta-lifweek3-648x373.jpg 648w\" sizes=\"(max-width: 650px) 100vw, 650px\" \/><\/p>\n<p>F\u00e1tima Arrieta abri\u00f3 su desfile con una frase de Mart\u00edn Chambi, una escena de familia, y un homenaje a los roaring twenties. Las modelos lucieron peinados al estilo charlest\u00f3n, flecos en faldas, estolas y espaldas con escotes atrevidos. Adem\u00e1s llevaban un look con encajes, bordados y telas rasgadas.<\/p>\n<p><img class=\" size-full wp-image-5037\" style=\"display: block; margin-left: auto; margin-right: auto;\" title=\"F\u00e1tima Arrieta dej\u00f3 su sello de moda en el LIF Week 2014\" src=\"http:\/\/209.133.219.102\/~newunicas\/blog\/wp-content\/uploads\/2014\/04\/arrieta-lifweek4.jpg\" alt=\"F\u00e1tima Arrieta dej\u00f3 su sello de moda en el LIF Week 2014\" width=\"600\" srcset=\"https:\/\/www.unicas.pe\/blog\/wp-content\/uploads\/2014\/04\/arrieta-lifweek4.jpg 650w, https:\/\/www.unicas.pe\/blog\/wp-content\/uploads\/2014\/04\/arrieta-lifweek4-300x172.jpg 300w, https:\/\/www.unicas.pe\/blog\/wp-content\/uploads\/2014\/04\/arrieta-lifweek4-648x373.jpg 648w\" sizes=\"(max-width: 650px) 100vw, 650px\" \/><\/p>\n<p><img class=\" size-full wp-image-5038\" style=\"display: block; margin-left: auto; margin-right: auto;\" title=\"F\u00e1tima Arrieta dej\u00f3 su sello de moda en el LIF Week 2014\" src=\"http:\/\/209.133.219.102\/~newunicas\/blog\/wp-content\/uploads\/2014\/04\/arrieta-lifweek5.jpg\" alt=\"F\u00e1tima Arrieta dej\u00f3 su sello de moda en el LIF Week 2014\" width=\"600\" srcset=\"https:\/\/www.unicas.pe\/blog\/wp-content\/uploads\/2014\/04\/arrieta-lifweek5.jpg 650w, https:\/\/www.unicas.pe\/blog\/wp-content\/uploads\/2014\/04\/arrieta-lifweek5-300x172.jpg 300w, https:\/\/www.unicas.pe\/blog\/wp-content\/uploads\/2014\/04\/arrieta-lifweek5-648x373.jpg 648w\" sizes=\"(max-width: 650px) 100vw, 650px\" \/><\/p>\n<p>La carrera de esta dise\u00f1adora se inici\u00f3 hace quince a\u00f1os en el Miami International Fine Arts College. Ha presentado colecciones en Estados Unidos, M\u00e9xico y Par\u00eds, las cuales est\u00e1n fuertemente ligadas a la cultura peruana. Ella trabaja con el algod\u00f3n, la alpaca, de \u00a0la mano con artesanos. Hoy cuenta con su \u201cAtelier de Alta Costura F\u00e1tima Arrieta\u201d y una tienda con la l\u00ednea de Ropa Pr\u00e9t a Port\u00e9r \u201cF\u00c1TIMA\u201d, vestidos de novias y accesorios.<\/p>\n<p><img class=\" size-full wp-image-5039\" style=\"display: block; margin-left: auto; margin-right: auto;\" title=\"F\u00e1tima Arrieta dej\u00f3 su sello de moda en el LIF Week 2014\" src=\"http:\/\/209.133.219.102\/~newunicas\/blog\/wp-content\/uploads\/2014\/04\/arrieta-lifweek6.jpg\" alt=\"F\u00e1tima Arrieta dej\u00f3 su sello de moda en el LIF Week 2014\" width=\"600\" srcset=\"https:\/\/www.unicas.pe\/blog\/wp-content\/uploads\/2014\/04\/arrieta-lifweek6.jpg 650w, https:\/\/www.unicas.pe\/blog\/wp-content\/uploads\/2014\/04\/arrieta-lifweek6-300x172.jpg 300w, https:\/\/www.unicas.pe\/blog\/wp-content\/uploads\/2014\/04\/arrieta-lifweek6-648x373.jpg 648w\" sizes=\"(max-width: 650px) 100vw, 650px\" \/><\/p>\n<p><img class=\" size-full wp-image-5040\" style=\"display: block; margin-left: auto; margin-right: auto;\" title=\"F\u00e1tima Arrieta dej\u00f3 su sello de moda en el LIF Week 2014\" src=\"http:\/\/209.133.219.102\/~newunicas\/blog\/wp-content\/uploads\/2014\/04\/arrieta-lifweek7.jpg\" alt=\"F\u00e1tima Arrieta dej\u00f3 su sello de moda en el LIF Week 2014\" width=\"600\" srcset=\"https:\/\/www.unicas.pe\/blog\/wp-content\/uploads\/2014\/04\/arrieta-lifweek7.jpg 650w, https:\/\/www.unicas.pe\/blog\/wp-content\/uploads\/2014\/04\/arrieta-lifweek7-300x172.jpg 300w, https:\/\/www.unicas.pe\/blog\/wp-content\/uploads\/2014\/04\/arrieta-lifweek7-648x373.jpg 648w\" sizes=\"(max-width: 650px) 100vw, 650px\" \/><\/p>\n<p><img class=\" size-full wp-image-5041\" style=\"display: block; margin-left: auto; margin-right: auto;\" title=\"F\u00e1tima Arrieta dej\u00f3 su sello de moda en el LIF Week 2014\" src=\"http:\/\/209.133.219.102\/~newunicas\/blog\/wp-content\/uploads\/2014\/04\/arrieta-lifweek8.jpg\" alt=\"F\u00e1tima Arrieta dej\u00f3 su sello de moda en el LIF Week 2014\" width=\"600\" srcset=\"https:\/\/www.unicas.pe\/blog\/wp-content\/uploads\/2014\/04\/arrieta-lifweek8.jpg 650w, https:\/\/www.unicas.pe\/blog\/wp-content\/uploads\/2014\/04\/arrieta-lifweek8-300x172.jpg 300w, https:\/\/www.unicas.pe\/blog\/wp-content\/uploads\/2014\/04\/arrieta-lifweek8-648x373.jpg 648w\" sizes=\"(max-width: 650px) 100vw, 650px\" \/><\/p>\n<p>La reconocida dise\u00f1adora de modas se inspira para este desfile en el trabajo de fot\u00f3grafo peruano Mart\u00edn Chambi. Ella cont\u00f3 que durante un viaje al Cusco, conoci\u00f3 al sobrino del c\u00e9lebre fot\u00f3grafo Mart\u00edn Chambi. Tras una larga conversaci\u00f3n en la que supo m\u00e1s de la vida del retratista de los a\u00f1os veinte y ver \u00a0fotograf\u00edas poco conocidas de Chambi, naci\u00f3 dise\u00f1ar una colecci\u00f3n de ropa inspirada en el fot\u00f3grafo.<\/p>\n<p>F\u00e1tima Arrieta regres\u00f3 a la pasarela del LIF Week por todo lo alto y su desfile fue el m\u00e1s aplaudido de la noche.\u00a0<\/p>\n<p><img class=\" size-full wp-image-5042\" style=\"display: block; margin-left: auto; margin-right: auto;\" title=\"F\u00e1tima Arrieta dej\u00f3 su sello de moda en el LIF Week 2014\" src=\"http:\/\/209.133.219.102\/~newunicas\/blog\/wp-content\/uploads\/2014\/04\/arrieta-lifweek9.jpg\" alt=\"F\u00e1tima Arrieta dej\u00f3 su sello de moda en el LIF Week 2014\" width=\"600\" srcset=\"https:\/\/www.unicas.pe\/blog\/wp-content\/uploads\/2014\/04\/arrieta-lifweek9.jpg 650w, https:\/\/www.unicas.pe\/blog\/wp-content\/uploads\/2014\/04\/arrieta-lifweek9-300x172.jpg 300w, https:\/\/www.unicas.pe\/blog\/wp-content\/uploads\/2014\/04\/arrieta-lifweek9-648x373.jpg 648w\" sizes=\"(max-width: 650px) 100vw, 650px\" \/><\/p>\n","protected":false},"excerpt":{"rendered":"<p>La reconocida dise\u00f1adora present\u00f3 en el LIF Week su colecci\u00f3n inspirado en el trabajo del fot\u00f3grafo peruano Mart\u00edn Chambi.\u00a0<\/p>\n","protected":false},"author":1,"featured_media":5034,"comment_status":"closed","ping_status":"open","sticky":false,"template":"","format":"standard","meta":[],"categories":[26],"tags":[6024,2082,6148,1866,3062,6104,6021,5981,6030,2000,6012,6015,6149,1742,5989,6026,6025],"yoast_head":"<!-- This site is optimized with the Yoast SEO plugin v16.0.2 - https:\/\/yoast.com\/wordpress\/plugins\/seo\/ -->\n<link rel=\"canonical\" href=\"https:\/\/www.unicas.pe\/blog\/fatima-arrieta-lifweek-2014\/\" \/>\n<meta property=\"og:locale\" content=\"es_ES\" \/>\n<meta property=\"og:type\" content=\"article\" \/>\n<meta property=\"og:title\" content=\"F\u00e1tima Arrieta dej\u00f3 su sello de moda en el LIF Week 2014 - Unicas\" \/>\n<meta property=\"og:description\" content=\"La reconocida dise\u00f1adora present\u00f3 en el LIF Week su colecci\u00f3n inspirado en el trabajo del fot\u00f3grafo peruano Mart\u00edn Chambi.\u00a0\" \/>\n<meta property=\"og:url\" content=\"https:\/\/www.unicas.pe\/blog\/fatima-arrieta-lifweek-2014\/\" \/>\n<meta property=\"og:site_name\" content=\"Unicas\" \/>\n<meta property=\"article:published_time\" content=\"2014-04-04T03:50:17+00:00\" \/>\n<meta property=\"article:modified_time\" content=\"2019-01-11T02:34:16+00:00\" \/>\n<meta property=\"og:image\" content=\"https:\/\/www.unicas.pe\/blog\/wp-content\/uploads\/2014\/04\/arrieta-lifweek1.jpg\" \/>\n\t<meta property=\"og:image:width\" content=\"650\" \/>\n\t<meta property=\"og:image:height\" content=\"373\" \/>\n<meta name=\"twitter:card\" content=\"summary_large_image\" \/>\n<meta name=\"twitter:label1\" content=\"Tiempo de lectura\">\n\t<meta name=\"twitter:data1\" content=\"2 minutos\">\n<script type=\"application\/ld+json\" class=\"yoast-schema-graph\">{\"@context\":\"https:\/\/schema.org\",\"@graph\":[{\"@type\":\"WebSite\",\"@id\":\"https:\/\/www.unicas.pe\/blog\/#website\",\"url\":\"https:\/\/www.unicas.pe\/blog\/\",\"name\":\"Unicas\",\"description\":\"Blog sobre belleza, maquillaje, moda, y mucho m\\u00e1s.\",\"potentialAction\":[{\"@type\":\"SearchAction\",\"target\":\"https:\/\/www.unicas.pe\/blog\/?s={search_term_string}\",\"query-input\":\"required name=search_term_string\"}],\"inLanguage\":\"es\"},{\"@type\":\"ImageObject\",\"@id\":\"https:\/\/www.unicas.pe\/blog\/fatima-arrieta-lifweek-2014\/#primaryimage\",\"inLanguage\":\"es\",\"url\":\"https:\/\/www.unicas.pe\/blog\/wp-content\/uploads\/2014\/04\/arrieta-lifweek1.jpg\",\"width\":650,\"height\":373,\"caption\":\"F\\u00e1tima Arrieta dej\\u00f3 su sello de moda en el LIF Week 2014\"},{\"@type\":\"WebPage\",\"@id\":\"https:\/\/www.unicas.pe\/blog\/fatima-arrieta-lifweek-2014\/#webpage\",\"url\":\"https:\/\/www.unicas.pe\/blog\/fatima-arrieta-lifweek-2014\/\",\"name\":\"F\\u00e1tima Arrieta dej\\u00f3 su sello de moda en el LIF Week 2014 - Unicas\",\"isPartOf\":{\"@id\":\"https:\/\/www.unicas.pe\/blog\/#website\"},\"primaryImageOfPage\":{\"@id\":\"https:\/\/www.unicas.pe\/blog\/fatima-arrieta-lifweek-2014\/#primaryimage\"},\"datePublished\":\"2014-04-04T03:50:17+00:00\",\"dateModified\":\"2019-01-11T02:34:16+00:00\",\"author\":{\"@id\":\"https:\/\/www.unicas.pe\/blog\/#\/schema\/person\/60053f595c6d0f3f11ed52a01c961cdb\"},\"breadcrumb\":{\"@id\":\"https:\/\/www.unicas.pe\/blog\/fatima-arrieta-lifweek-2014\/#breadcrumb\"},\"inLanguage\":\"es\",\"potentialAction\":[{\"@type\":\"ReadAction\",\"target\":[\"https:\/\/www.unicas.pe\/blog\/fatima-arrieta-lifweek-2014\/\"]}]},{\"@type\":\"BreadcrumbList\",\"@id\":\"https:\/\/www.unicas.pe\/blog\/fatima-arrieta-lifweek-2014\/#breadcrumb\",\"itemListElement\":[{\"@type\":\"ListItem\",\"position\":1,\"item\":{\"@type\":\"WebPage\",\"@id\":\"https:\/\/www.unicas.pe\/blog\/\",\"url\":\"https:\/\/www.unicas.pe\/blog\/\",\"name\":\"Portada\"}},{\"@type\":\"ListItem\",\"position\":2,\"item\":{\"@type\":\"WebPage\",\"@id\":\"https:\/\/www.unicas.pe\/blog\/fatima-arrieta-lifweek-2014\/\",\"url\":\"https:\/\/www.unicas.pe\/blog\/fatima-arrieta-lifweek-2014\/\",\"name\":\"F\\u00e1tima Arrieta dej\\u00f3 su sello de moda en el LIF Week 2014\"}}]},{\"@type\":\"Person\",\"@id\":\"https:\/\/www.unicas.pe\/blog\/#\/schema\/person\/60053f595c6d0f3f11ed52a01c961cdb\",\"name\":\"Katty Gora\",\"image\":{\"@type\":\"ImageObject\",\"@id\":\"https:\/\/www.unicas.pe\/blog\/#personlogo\",\"inLanguage\":\"es\",\"url\":\"https:\/\/www.unicas.pe\/blog\/wp-content\/uploads\/2019\/01\/168392_1786370415133_366102_n-150x150.jpg\",\"caption\":\"Katty Gora\"},\"description\":\"Katty is a passionate blogger, diving into different subjects like fashion, trends, styles and news and more. Discover the great insight of a true quality blogger!\"}]}<\/script>\n<!-- \/ Yoast SEO plugin. -->","_links":{"self":[{"href":"https:\/\/www.unicas.pe\/blog\/wp-json\/wp\/v2\/posts\/5043"}],"collection":[{"href":"https:\/\/www.unicas.pe\/blog\/wp-json\/wp\/v2\/posts"}],"about":[{"href":"https:\/\/www.unicas.pe\/blog\/wp-json\/wp\/v2\/types\/post"}],"author":[{"embeddable":true,"href":"https:\/\/www.unicas.pe\/blog\/wp-json\/wp\/v2\/users\/1"}],"replies":[{"embeddable":true,"href":"https:\/\/www.unicas.pe\/blog\/wp-json\/wp\/v2\/comments?post=5043"}],"version-history":[{"count":1,"href":"https:\/\/www.unicas.pe\/blog\/wp-json\/wp\/v2\/posts\/5043\/revisions"}],"predecessor-version":[{"id":10459,"href":"https:\/\/www.unicas.pe\/blog\/wp-json\/wp\/v2\/posts\/5043\/revisions\/10459"}],"wp:featuredmedia":[{"embeddable":true,"href":"https:\/\/www.unicas.pe\/blog\/wp-json\/wp\/v2\/media\/5034"}],"wp:attachment":[{"href":"https:\/\/www.unicas.pe\/blog\/wp-json\/wp\/v2\/media?parent=5043"}],"wp:term":[{"taxonomy":"category","embeddable":true,"href":"https:\/\/www.unicas.pe\/blog\/wp-json\/wp\/v2\/categories?post=5043"},{"taxonomy":"post_tag","embeddable":true,"href":"https:\/\/www.unicas.pe\/blog\/wp-json\/wp\/v2\/tags?post=5043"}],"curies":[{"name":"wp","href":"https:\/\/api.w.org\/{rel}","templated":true}]}}