{"id":5052,"date":"2014-04-03T23:03:15","date_gmt":"2014-04-04T04:03:15","guid":{"rendered":"http:\/\/209.133.219.102\/~newunicas\/blog\/2014\/04\/03\/roger-loayza-lifweek-2014\/"},"modified":"2019-01-10T21:34:16","modified_gmt":"2019-01-11T02:34:16","slug":"roger-loayza-lifweek-2014","status":"publish","type":"post","link":"https:\/\/www.unicas.pe\/blog\/roger-loayza-lifweek-2014\/","title":{"rendered":"Roger Loayza presenta lo \u00faltimo de su colecci\u00f3n de ropa en LIF Week"},"content":{"rendered":"<p>El distinguido dise\u00f1ador, Roger Loayza estar\u00e1 presente este dos de abril en el LIF Week, para mostrar lo \u00faltimo de su colecci\u00f3n Oto\u00f1o-Invierno.<\/p>\n<p>  <!--more-->  <\/p>\n<p>Roger Loayza , es otro de los dise\u00f1adores que participar\u00e1n en el LIF Week. \u00c9l presentar\u00e1 su colecci\u00f3n el dos de abril a las 7:00pm en el Jockey Club del Per\u00fa. La propuesta para este a\u00f1o se\u00f1al\u00f3 Roger, ser\u00e1 un look juvenil y original.\u00a0<\/p>\n<p><img class=\" size-full wp-image-5044\" style=\"display: block; margin-left: auto; margin-right: auto;\" title=\"Roger Loayza presenta lo \u00faltimo de su colecci\u00f3n de ropa en LIF Wee\" src=\"http:\/\/209.133.219.102\/~newunicas\/blog\/wp-content\/uploads\/2014\/04\/roger-loayza-lifweek1.jpg\" alt=\"Roger Loayza presenta lo \u00faltimo de su colecci\u00f3n de ropa en LIF Wee\" width=\"600\" srcset=\"https:\/\/www.unicas.pe\/blog\/wp-content\/uploads\/2014\/04\/roger-loayza-lifweek1.jpg 650w, https:\/\/www.unicas.pe\/blog\/wp-content\/uploads\/2014\/04\/roger-loayza-lifweek1-201x300.jpg 201w, https:\/\/www.unicas.pe\/blog\/wp-content\/uploads\/2014\/04\/roger-loayza-lifweek1-281x420.jpg 281w, https:\/\/www.unicas.pe\/blog\/wp-content\/uploads\/2014\/04\/roger-loayza-lifweek1-562x840.jpg 562w\" sizes=\"(max-width: 650px) 100vw, 650px\" \/><\/p>\n<p><img class=\" size-full wp-image-5045\" style=\"display: block; margin-left: auto; margin-right: auto;\" title=\"Roger Loayza presenta lo \u00faltimo de su colecci\u00f3n de ropa en LIF Wee\" src=\"http:\/\/209.133.219.102\/~newunicas\/blog\/wp-content\/uploads\/2014\/04\/roger-loayza-lifweek2.jpg\" alt=\"Roger Loayza presenta lo \u00faltimo de su colecci\u00f3n de ropa en LIF Wee\" width=\"600\" srcset=\"https:\/\/www.unicas.pe\/blog\/wp-content\/uploads\/2014\/04\/roger-loayza-lifweek2.jpg 650w, https:\/\/www.unicas.pe\/blog\/wp-content\/uploads\/2014\/04\/roger-loayza-lifweek2-201x300.jpg 201w, https:\/\/www.unicas.pe\/blog\/wp-content\/uploads\/2014\/04\/roger-loayza-lifweek2-281x420.jpg 281w, https:\/\/www.unicas.pe\/blog\/wp-content\/uploads\/2014\/04\/roger-loayza-lifweek2-562x840.jpg 562w\" sizes=\"(max-width: 650px) 100vw, 650px\" \/><\/p>\n<p><img class=\" size-full wp-image-5046\" style=\"display: block; margin-left: auto; margin-right: auto;\" title=\"Roger Loayza presenta lo \u00faltimo de su colecci\u00f3n de ropa en LIF Wee\" src=\"http:\/\/209.133.219.102\/~newunicas\/blog\/wp-content\/uploads\/2014\/04\/roger-loayza-lifweek3.jpg\" alt=\"Roger Loayza presenta lo \u00faltimo de su colecci\u00f3n de ropa en LIF Wee\" width=\"600\" srcset=\"https:\/\/www.unicas.pe\/blog\/wp-content\/uploads\/2014\/04\/roger-loayza-lifweek3.jpg 650w, https:\/\/www.unicas.pe\/blog\/wp-content\/uploads\/2014\/04\/roger-loayza-lifweek3-201x300.jpg 201w, https:\/\/www.unicas.pe\/blog\/wp-content\/uploads\/2014\/04\/roger-loayza-lifweek3-281x420.jpg 281w, https:\/\/www.unicas.pe\/blog\/wp-content\/uploads\/2014\/04\/roger-loayza-lifweek3-562x840.jpg 562w\" sizes=\"(max-width: 650px) 100vw, 650px\" \/><\/p>\n<p>El conocido dise\u00f1ador naci\u00f3 en Rumania, pero radica actualmente en el Per\u00fa. Su gusto por la moda se remonta a su ni\u00f1ez. En 1999 represent\u00f3 a nuestro pa\u00eds en el evento Jeunes Cr\u00e9ateurs de Mode en Par\u00eds y desde ah\u00ed comenz\u00f3 a crear sus propias colecciones. Ha participado, adem\u00e1s, dos veces en la feria internacional pr\u00eat-\u00e0-porter en la Ciudad Luz.<\/p>\n<p><img class=\" size-full wp-image-5047\" style=\"display: block; margin-left: auto; margin-right: auto;\" title=\"Roger Loayza presenta lo \u00faltimo de su colecci\u00f3n de ropa en LIF Wee\" src=\"http:\/\/209.133.219.102\/~newunicas\/blog\/wp-content\/uploads\/2014\/04\/roger-loayza-lifweek4.jpg\" alt=\"Roger Loayza presenta lo \u00faltimo de su colecci\u00f3n de ropa en LIF Wee\" width=\"600\" srcset=\"https:\/\/www.unicas.pe\/blog\/wp-content\/uploads\/2014\/04\/roger-loayza-lifweek4.jpg 650w, https:\/\/www.unicas.pe\/blog\/wp-content\/uploads\/2014\/04\/roger-loayza-lifweek4-242x300.jpg 242w, https:\/\/www.unicas.pe\/blog\/wp-content\/uploads\/2014\/04\/roger-loayza-lifweek4-324x400.jpg 324w, https:\/\/www.unicas.pe\/blog\/wp-content\/uploads\/2014\/04\/roger-loayza-lifweek4-339x420.jpg 339w\" sizes=\"(max-width: 650px) 100vw, 650px\" \/><\/p>\n<p><img class=\" size-full wp-image-5048\" style=\"display: block; margin-left: auto; margin-right: auto;\" title=\"Roger Loayza presenta lo \u00faltimo de su colecci\u00f3n de ropa en LIF Wee\" src=\"http:\/\/209.133.219.102\/~newunicas\/blog\/wp-content\/uploads\/2014\/04\/roger-loayza-lifweek5.jpg\" alt=\"Roger Loayza presenta lo \u00faltimo de su colecci\u00f3n de ropa en LIF Wee\" width=\"600\" srcset=\"https:\/\/www.unicas.pe\/blog\/wp-content\/uploads\/2014\/04\/roger-loayza-lifweek5.jpg 650w, https:\/\/www.unicas.pe\/blog\/wp-content\/uploads\/2014\/04\/roger-loayza-lifweek5-200x300.jpg 200w, https:\/\/www.unicas.pe\/blog\/wp-content\/uploads\/2014\/04\/roger-loayza-lifweek5-281x420.jpg 281w, https:\/\/www.unicas.pe\/blog\/wp-content\/uploads\/2014\/04\/roger-loayza-lifweek5-561x840.jpg 561w\" sizes=\"(max-width: 650px) 100vw, 650px\" \/><\/p>\n<p><img class=\" size-full wp-image-5049\" style=\"display: block; margin-left: auto; margin-right: auto;\" title=\"Roger Loayza presenta lo \u00faltimo de su colecci\u00f3n de ropa en LIF Wee\" src=\"http:\/\/209.133.219.102\/~newunicas\/blog\/wp-content\/uploads\/2014\/04\/roger-loayza-lifweek6.jpg\" alt=\"Roger Loayza presenta lo \u00faltimo de su colecci\u00f3n de ropa en LIF Wee\" width=\"600\" srcset=\"https:\/\/www.unicas.pe\/blog\/wp-content\/uploads\/2014\/04\/roger-loayza-lifweek6.jpg 650w, https:\/\/www.unicas.pe\/blog\/wp-content\/uploads\/2014\/04\/roger-loayza-lifweek6-281x300.jpg 281w, https:\/\/www.unicas.pe\/blog\/wp-content\/uploads\/2014\/04\/roger-loayza-lifweek6-393x420.jpg 393w\" sizes=\"(max-width: 650px) 100vw, 650px\" \/><\/p>\n<p>Roger es considerado como uno de los dise\u00f1adores \u00a0m\u00e1s importantes de la moda lime\u00f1a. Sus dise\u00f1os est\u00e1n inspirados en lo que ve, siente e imagina. Sus dise\u00f1os han estado en Paris y en otros pa\u00edses. Roger Loayza considera que la mujer que usa esta marca tiene sentido del humor y tiene un esp\u00edritu joven. El hombre que utiliza esta marca es moderno y le gusta el estilo preppy. En pocas horas nos deleitaremos con lo mejor de su colecci\u00f3n.<\/p>\n<p><img class=\" size-full wp-image-5050\" style=\"display: block; margin-left: auto; margin-right: auto;\" title=\"Roger Loayza presenta lo \u00faltimo de su colecci\u00f3n de ropa en LIF Wee\" src=\"http:\/\/209.133.219.102\/~newunicas\/blog\/wp-content\/uploads\/2014\/04\/roger-loayza-lifweek7.jpg\" alt=\"Roger Loayza presenta lo \u00faltimo de su colecci\u00f3n de ropa en LIF Wee\" width=\"600\" srcset=\"https:\/\/www.unicas.pe\/blog\/wp-content\/uploads\/2014\/04\/roger-loayza-lifweek7.jpg 650w, https:\/\/www.unicas.pe\/blog\/wp-content\/uploads\/2014\/04\/roger-loayza-lifweek7-200x300.jpg 200w, https:\/\/www.unicas.pe\/blog\/wp-content\/uploads\/2014\/04\/roger-loayza-lifweek7-281x420.jpg 281w, https:\/\/www.unicas.pe\/blog\/wp-content\/uploads\/2014\/04\/roger-loayza-lifweek7-561x840.jpg 561w\" sizes=\"(max-width: 650px) 100vw, 650px\" \/><\/p>\n<p><img class=\" size-full wp-image-5051\" style=\"display: block; margin-left: auto; margin-right: auto;\" title=\"Roger Loayza presenta lo \u00faltimo de su colecci\u00f3n de ropa en LIF Wee\" src=\"http:\/\/209.133.219.102\/~newunicas\/blog\/wp-content\/uploads\/2014\/04\/roger-loayza-lifweek8.jpg\" alt=\"Roger Loayza presenta lo \u00faltimo de su colecci\u00f3n de ropa en LIF Wee\" width=\"600\" srcset=\"https:\/\/www.unicas.pe\/blog\/wp-content\/uploads\/2014\/04\/roger-loayza-lifweek8.jpg 650w, https:\/\/www.unicas.pe\/blog\/wp-content\/uploads\/2014\/04\/roger-loayza-lifweek8-201x300.jpg 201w, https:\/\/www.unicas.pe\/blog\/wp-content\/uploads\/2014\/04\/roger-loayza-lifweek8-281x420.jpg 281w, https:\/\/www.unicas.pe\/blog\/wp-content\/uploads\/2014\/04\/roger-loayza-lifweek8-562x840.jpg 562w\" sizes=\"(max-width: 650px) 100vw, 650px\" \/><\/p>\n","protected":false},"excerpt":{"rendered":"<p>El distinguido dise\u00f1ador, Roger Loayza estar\u00e1 presente este dos de abril en el LIF Week, para mostrar lo \u00faltimo de su colecci\u00f3n Oto\u00f1o-Invierno.<\/p>\n","protected":false},"author":1,"featured_media":5044,"comment_status":"closed","ping_status":"open","sticky":false,"template":"","format":"standard","meta":[],"categories":[26],"tags":[6024,2082,1866,6151,5981,6012,1932,1742,6022,6152,6026,6025],"yoast_head":"<!-- This site is optimized with the Yoast SEO plugin v16.0.2 - https:\/\/yoast.com\/wordpress\/plugins\/seo\/ -->\n<link rel=\"canonical\" href=\"https:\/\/www.unicas.pe\/blog\/roger-loayza-lifweek-2014\/\" \/>\n<meta property=\"og:locale\" content=\"es_ES\" \/>\n<meta property=\"og:type\" content=\"article\" \/>\n<meta property=\"og:title\" content=\"Roger Loayza presenta lo \u00faltimo de su colecci\u00f3n de ropa en LIF Week - Unicas\" \/>\n<meta property=\"og:description\" content=\"El distinguido dise\u00f1ador, Roger Loayza estar\u00e1 presente este dos de abril en el LIF Week, para mostrar lo \u00faltimo de su colecci\u00f3n Oto\u00f1o-Invierno.\" \/>\n<meta property=\"og:url\" content=\"https:\/\/www.unicas.pe\/blog\/roger-loayza-lifweek-2014\/\" \/>\n<meta property=\"og:site_name\" content=\"Unicas\" \/>\n<meta property=\"article:published_time\" content=\"2014-04-04T04:03:15+00:00\" \/>\n<meta property=\"article:modified_time\" content=\"2019-01-11T02:34:16+00:00\" \/>\n<meta property=\"og:image\" content=\"https:\/\/www.unicas.pe\/blog\/wp-content\/uploads\/2014\/04\/roger-loayza-lifweek1.jpg\" \/>\n\t<meta property=\"og:image:width\" content=\"650\" \/>\n\t<meta property=\"og:image:height\" content=\"971\" \/>\n<meta name=\"twitter:card\" content=\"summary_large_image\" \/>\n<meta name=\"twitter:label1\" content=\"Tiempo de lectura\">\n\t<meta name=\"twitter:data1\" content=\"1 minuto\">\n<script type=\"application\/ld+json\" class=\"yoast-schema-graph\">{\"@context\":\"https:\/\/schema.org\",\"@graph\":[{\"@type\":\"WebSite\",\"@id\":\"https:\/\/www.unicas.pe\/blog\/#website\",\"url\":\"https:\/\/www.unicas.pe\/blog\/\",\"name\":\"Unicas\",\"description\":\"Blog sobre belleza, maquillaje, moda, y mucho m\\u00e1s.\",\"potentialAction\":[{\"@type\":\"SearchAction\",\"target\":\"https:\/\/www.unicas.pe\/blog\/?s={search_term_string}\",\"query-input\":\"required name=search_term_string\"}],\"inLanguage\":\"es\"},{\"@type\":\"ImageObject\",\"@id\":\"https:\/\/www.unicas.pe\/blog\/roger-loayza-lifweek-2014\/#primaryimage\",\"inLanguage\":\"es\",\"url\":\"https:\/\/www.unicas.pe\/blog\/wp-content\/uploads\/2014\/04\/roger-loayza-lifweek1.jpg\",\"width\":650,\"height\":971,\"caption\":\"Roger Loayza presenta lo \\u00faltimo de su colecci\\u00f3n de ropa en LIF Wee\"},{\"@type\":\"WebPage\",\"@id\":\"https:\/\/www.unicas.pe\/blog\/roger-loayza-lifweek-2014\/#webpage\",\"url\":\"https:\/\/www.unicas.pe\/blog\/roger-loayza-lifweek-2014\/\",\"name\":\"Roger Loayza presenta lo \\u00faltimo de su colecci\\u00f3n de ropa en LIF Week - Unicas\",\"isPartOf\":{\"@id\":\"https:\/\/www.unicas.pe\/blog\/#website\"},\"primaryImageOfPage\":{\"@id\":\"https:\/\/www.unicas.pe\/blog\/roger-loayza-lifweek-2014\/#primaryimage\"},\"datePublished\":\"2014-04-04T04:03:15+00:00\",\"dateModified\":\"2019-01-11T02:34:16+00:00\",\"author\":{\"@id\":\"https:\/\/www.unicas.pe\/blog\/#\/schema\/person\/60053f595c6d0f3f11ed52a01c961cdb\"},\"breadcrumb\":{\"@id\":\"https:\/\/www.unicas.pe\/blog\/roger-loayza-lifweek-2014\/#breadcrumb\"},\"inLanguage\":\"es\",\"potentialAction\":[{\"@type\":\"ReadAction\",\"target\":[\"https:\/\/www.unicas.pe\/blog\/roger-loayza-lifweek-2014\/\"]}]},{\"@type\":\"BreadcrumbList\",\"@id\":\"https:\/\/www.unicas.pe\/blog\/roger-loayza-lifweek-2014\/#breadcrumb\",\"itemListElement\":[{\"@type\":\"ListItem\",\"position\":1,\"item\":{\"@type\":\"WebPage\",\"@id\":\"https:\/\/www.unicas.pe\/blog\/\",\"url\":\"https:\/\/www.unicas.pe\/blog\/\",\"name\":\"Portada\"}},{\"@type\":\"ListItem\",\"position\":2,\"item\":{\"@type\":\"WebPage\",\"@id\":\"https:\/\/www.unicas.pe\/blog\/roger-loayza-lifweek-2014\/\",\"url\":\"https:\/\/www.unicas.pe\/blog\/roger-loayza-lifweek-2014\/\",\"name\":\"Roger Loayza presenta lo \\u00faltimo de su colecci\\u00f3n de ropa en LIF Week\"}}]},{\"@type\":\"Person\",\"@id\":\"https:\/\/www.unicas.pe\/blog\/#\/schema\/person\/60053f595c6d0f3f11ed52a01c961cdb\",\"name\":\"Katty Gora\",\"image\":{\"@type\":\"ImageObject\",\"@id\":\"https:\/\/www.unicas.pe\/blog\/#personlogo\",\"inLanguage\":\"es\",\"url\":\"https:\/\/www.unicas.pe\/blog\/wp-content\/uploads\/2019\/01\/168392_1786370415133_366102_n-150x150.jpg\",\"caption\":\"Katty Gora\"},\"description\":\"Katty is a passionate blogger, diving into different subjects like fashion, trends, styles and news and more. Discover the great insight of a true quality blogger!\"}]}<\/script>\n<!-- \/ Yoast SEO plugin. -->","_links":{"self":[{"href":"https:\/\/www.unicas.pe\/blog\/wp-json\/wp\/v2\/posts\/5052"}],"collection":[{"href":"https:\/\/www.unicas.pe\/blog\/wp-json\/wp\/v2\/posts"}],"about":[{"href":"https:\/\/www.unicas.pe\/blog\/wp-json\/wp\/v2\/types\/post"}],"author":[{"embeddable":true,"href":"https:\/\/www.unicas.pe\/blog\/wp-json\/wp\/v2\/users\/1"}],"replies":[{"embeddable":true,"href":"https:\/\/www.unicas.pe\/blog\/wp-json\/wp\/v2\/comments?post=5052"}],"version-history":[{"count":1,"href":"https:\/\/www.unicas.pe\/blog\/wp-json\/wp\/v2\/posts\/5052\/revisions"}],"predecessor-version":[{"id":10458,"href":"https:\/\/www.unicas.pe\/blog\/wp-json\/wp\/v2\/posts\/5052\/revisions\/10458"}],"wp:featuredmedia":[{"embeddable":true,"href":"https:\/\/www.unicas.pe\/blog\/wp-json\/wp\/v2\/media\/5044"}],"wp:attachment":[{"href":"https:\/\/www.unicas.pe\/blog\/wp-json\/wp\/v2\/media?parent=5052"}],"wp:term":[{"taxonomy":"category","embeddable":true,"href":"https:\/\/www.unicas.pe\/blog\/wp-json\/wp\/v2\/categories?post=5052"},{"taxonomy":"post_tag","embeddable":true,"href":"https:\/\/www.unicas.pe\/blog\/wp-json\/wp\/v2\/tags?post=5052"}],"curies":[{"name":"wp","href":"https:\/\/api.w.org\/{rel}","templated":true}]}}