{"id":5074,"date":"2014-04-03T23:31:07","date_gmt":"2014-04-04T04:31:07","guid":{"rendered":"http:\/\/209.133.219.102\/~newunicas\/blog\/2014\/04\/03\/lif-week-2014\/"},"modified":"2019-01-10T21:34:16","modified_gmt":"2019-01-11T02:34:16","slug":"lif-week-2014","status":"publish","type":"post","link":"https:\/\/www.unicas.pe\/blog\/lif-week-2014\/","title":{"rendered":"Conoce los dise\u00f1os de los nuevos talentos del LIF Week 2014"},"content":{"rendered":"<p>Las dise\u00f1adoras Angie Schlegel, Susan Wagner y Tal\u00eda Berckemeyer, mostraron lo mejor de sus colecciones de la temporada Oto\u00f1o-Invierno en la pasarela LIF Week.<\/p>\n<p>  <!--more-->  <\/p>\n<p>Fashion \u00a0Week 2014 lleg\u00f3 a su segundo d\u00eda y el inicio de esta jornada se dio con una de las secciones m\u00e1s comentadas desde su creaci\u00f3n: la de los nuevos talentos. Las elegidas fueron: Angie Schlegel, Susan Wagner y Tal\u00eda Berckemeyer. Veamos un poco de sus prendas que desfilaron en la pasarela de la moda en Lima.<\/p>\n<p><img class=\" size-full wp-image-5062\" style=\"display: block; margin-left: auto; margin-right: auto;\" title=\"Conoce los dise\u00f1os de los nuevos talentos del LIF Week 2014\" src=\"http:\/\/209.133.219.102\/~newunicas\/blog\/wp-content\/uploads\/2014\/04\/lif1.jpg\" alt=\"Conoce los dise\u00f1os de los nuevos talentos del LIF Week 2014\" width=\"600\" srcset=\"https:\/\/www.unicas.pe\/blog\/wp-content\/uploads\/2014\/04\/lif1.jpg 650w, https:\/\/www.unicas.pe\/blog\/wp-content\/uploads\/2014\/04\/lif1-300x168.jpg 300w, https:\/\/www.unicas.pe\/blog\/wp-content\/uploads\/2014\/04\/lif1-648x363.jpg 648w\" sizes=\"(max-width: 650px) 100vw, 650px\" \/><\/p>\n<p>\u00abBot\u00e1nica\u00bb es el t\u00edtulo de la nueva colecci\u00f3n de Tal\u00eda Berckemeyer.<\/p>\n<p><img class=\" size-full wp-image-5063\" style=\"display: block; margin-left: auto; margin-right: auto;\" title=\"Conoce los dise\u00f1os de los nuevos talentos del LIF Week 2014\" src=\"http:\/\/209.133.219.102\/~newunicas\/blog\/wp-content\/uploads\/2014\/04\/lif2.jpg\" alt=\"Conoce los dise\u00f1os de los nuevos talentos del LIF Week 2014\" width=\"600\" srcset=\"https:\/\/www.unicas.pe\/blog\/wp-content\/uploads\/2014\/04\/lif2.jpg 650w, https:\/\/www.unicas.pe\/blog\/wp-content\/uploads\/2014\/04\/lif2-300x168.jpg 300w, https:\/\/www.unicas.pe\/blog\/wp-content\/uploads\/2014\/04\/lif2-648x363.jpg 648w\" sizes=\"(max-width: 650px) 100vw, 650px\" \/><\/p>\n<p>La dise\u00f1adora asegur\u00f3 que esta colecci\u00f3n es para ella una met\u00e1fora de su crecimiento.\u00a0<\/p>\n<p><img class=\" size-full wp-image-5064\" style=\"display: block; margin-left: auto; margin-right: auto;\" title=\"Conoce los dise\u00f1os de los nuevos talentos del LIF Week 2014\" src=\"http:\/\/209.133.219.102\/~newunicas\/blog\/wp-content\/uploads\/2014\/04\/lif3.jpg\" alt=\"Conoce los dise\u00f1os de los nuevos talentos del LIF Week 2014\" width=\"600\" srcset=\"https:\/\/www.unicas.pe\/blog\/wp-content\/uploads\/2014\/04\/lif3.jpg 650w, https:\/\/www.unicas.pe\/blog\/wp-content\/uploads\/2014\/04\/lif3-300x168.jpg 300w, https:\/\/www.unicas.pe\/blog\/wp-content\/uploads\/2014\/04\/lif3-648x363.jpg 648w\" sizes=\"(max-width: 650px) 100vw, 650px\" \/><\/p>\n<p>La colecci\u00f3n de Berckemeyer present\u00f3 muchos colores y estampados de flores.<\/p>\n<p><img class=\" size-full wp-image-5065\" style=\"display: block; margin-left: auto; margin-right: auto;\" title=\"Conoce los dise\u00f1os de los nuevos talentos del LIF Week 2014\" src=\"http:\/\/209.133.219.102\/~newunicas\/blog\/wp-content\/uploads\/2014\/04\/lif4.jpg\" alt=\"Conoce los dise\u00f1os de los nuevos talentos del LIF Week 2014\" width=\"600\" srcset=\"https:\/\/www.unicas.pe\/blog\/wp-content\/uploads\/2014\/04\/lif4.jpg 650w, https:\/\/www.unicas.pe\/blog\/wp-content\/uploads\/2014\/04\/lif4-300x168.jpg 300w, https:\/\/www.unicas.pe\/blog\/wp-content\/uploads\/2014\/04\/lif4-648x363.jpg 648w\" sizes=\"(max-width: 650px) 100vw, 650px\" \/><\/p>\n<p>Tal\u00eda Berckemeyer cerr\u00f3 anoche el desfile de los \u00abNuevos talentos\u00bb del LIF Week .<\/p>\n<p><img class=\" size-full wp-image-5066\" style=\"display: block; margin-left: auto; margin-right: auto;\" title=\"Conoce los dise\u00f1os de los nuevos talentos del LIF Week 2014\" src=\"http:\/\/209.133.219.102\/~newunicas\/blog\/wp-content\/uploads\/2014\/04\/lif5.jpg\" alt=\"Conoce los dise\u00f1os de los nuevos talentos del LIF Week 2014\" width=\"600\" srcset=\"https:\/\/www.unicas.pe\/blog\/wp-content\/uploads\/2014\/04\/lif5.jpg 650w, https:\/\/www.unicas.pe\/blog\/wp-content\/uploads\/2014\/04\/lif5-300x168.jpg 300w, https:\/\/www.unicas.pe\/blog\/wp-content\/uploads\/2014\/04\/lif5-648x363.jpg 648w\" sizes=\"(max-width: 650px) 100vw, 650px\" \/><\/p>\n<p>Angie Schlegel es una dise\u00f1adora de origen argentino lleg\u00f3 al Per\u00fa en el 2009.<\/p>\n<p><img class=\" size-full wp-image-5067\" style=\"display: block; margin-left: auto; margin-right: auto;\" title=\"Conoce los dise\u00f1os de los nuevos talentos del LIF Week 2014\" src=\"http:\/\/209.133.219.102\/~newunicas\/blog\/wp-content\/uploads\/2014\/04\/lif6.jpg\" alt=\"Conoce los dise\u00f1os de los nuevos talentos del LIF Week 2014\" width=\"600\" srcset=\"https:\/\/www.unicas.pe\/blog\/wp-content\/uploads\/2014\/04\/lif6.jpg 650w, https:\/\/www.unicas.pe\/blog\/wp-content\/uploads\/2014\/04\/lif6-300x168.jpg 300w, https:\/\/www.unicas.pe\/blog\/wp-content\/uploads\/2014\/04\/lif6-648x363.jpg 648w\" sizes=\"(max-width: 650px) 100vw, 650px\" \/><\/p>\n<p>Angie present\u00f3 prendas con l\u00edneas simples, adem\u00e1s trabaj\u00f3 con alpaca.<\/p>\n<p><img class=\" size-full wp-image-5068\" style=\"display: block; margin-left: auto; margin-right: auto;\" title=\"Conoce los dise\u00f1os de los nuevos talentos del LIF Week 2014\" src=\"http:\/\/209.133.219.102\/~newunicas\/blog\/wp-content\/uploads\/2014\/04\/lif7.jpg\" alt=\"Conoce los dise\u00f1os de los nuevos talentos del LIF Week 2014\" width=\"600\" srcset=\"https:\/\/www.unicas.pe\/blog\/wp-content\/uploads\/2014\/04\/lif7.jpg 650w, https:\/\/www.unicas.pe\/blog\/wp-content\/uploads\/2014\/04\/lif7-300x168.jpg 300w, https:\/\/www.unicas.pe\/blog\/wp-content\/uploads\/2014\/04\/lif7-648x363.jpg 648w\" sizes=\"(max-width: 650px) 100vw, 650px\" \/><\/p>\n<p>La dise\u00f1adora fue parte del desfile de \u00abNuevos talentos\u00bb del LIF Week .<\/p>\n<p><img class=\" size-full wp-image-5069\" style=\"display: block; margin-left: auto; margin-right: auto;\" title=\"Conoce los dise\u00f1os de los nuevos talentos del LIF Week 2014\" src=\"http:\/\/209.133.219.102\/~newunicas\/blog\/wp-content\/uploads\/2014\/04\/lif8.jpg\" alt=\"Conoce los dise\u00f1os de los nuevos talentos del LIF Week 2014\" width=\"600\" srcset=\"https:\/\/www.unicas.pe\/blog\/wp-content\/uploads\/2014\/04\/lif8.jpg 650w, https:\/\/www.unicas.pe\/blog\/wp-content\/uploads\/2014\/04\/lif8-300x168.jpg 300w, https:\/\/www.unicas.pe\/blog\/wp-content\/uploads\/2014\/04\/lif8-648x363.jpg 648w\" sizes=\"(max-width: 650px) 100vw, 650px\" \/><\/p>\n<p>El toque campestre en el desfile de Angie Schlegel \u00a0lo pusieron los sombreros.\u00a0<\/p>\n<p><img class=\" size-full wp-image-5070\" style=\"display: block; margin-left: auto; margin-right: auto;\" title=\"Conoce los dise\u00f1os de los nuevos talentos del LIF Week 2014\" src=\"http:\/\/209.133.219.102\/~newunicas\/blog\/wp-content\/uploads\/2014\/04\/lif9.jpg\" alt=\"Conoce los dise\u00f1os de los nuevos talentos del LIF Week 2014\" width=\"600\" srcset=\"https:\/\/www.unicas.pe\/blog\/wp-content\/uploads\/2014\/04\/lif9.jpg 650w, https:\/\/www.unicas.pe\/blog\/wp-content\/uploads\/2014\/04\/lif9-300x168.jpg 300w, https:\/\/www.unicas.pe\/blog\/wp-content\/uploads\/2014\/04\/lif9-648x363.jpg 648w\" sizes=\"(max-width: 650px) 100vw, 650px\" \/><\/p>\n<p>Susan Wagner fue la primera en incorporar material reciclado y ecol\u00f3gico .<\/p>\n<p><img class=\" size-full wp-image-5071\" style=\"display: block; margin-left: auto; margin-right: auto;\" title=\"Conoce los dise\u00f1os de los nuevos talentos del LIF Week 2014\" src=\"http:\/\/209.133.219.102\/~newunicas\/blog\/wp-content\/uploads\/2014\/04\/lif10.jpg\" alt=\"Conoce los dise\u00f1os de los nuevos talentos del LIF Week 2014\" width=\"600\" srcset=\"https:\/\/www.unicas.pe\/blog\/wp-content\/uploads\/2014\/04\/lif10.jpg 650w, https:\/\/www.unicas.pe\/blog\/wp-content\/uploads\/2014\/04\/lif10-300x168.jpg 300w, https:\/\/www.unicas.pe\/blog\/wp-content\/uploads\/2014\/04\/lif10-648x363.jpg 648w\" sizes=\"(max-width: 650px) 100vw, 650px\" \/><\/p>\n<p>La dise\u00f1adora present\u00f3 una propuesta completamente diferente.<\/p>\n<p><img class=\" size-full wp-image-5072\" style=\"display: block; margin-left: auto; margin-right: auto;\" title=\"Conoce los dise\u00f1os de los nuevos talentos del LIF Week 2014\" src=\"http:\/\/209.133.219.102\/~newunicas\/blog\/wp-content\/uploads\/2014\/04\/lif11.jpg\" alt=\"Conoce los dise\u00f1os de los nuevos talentos del LIF Week 2014\" width=\"600\" srcset=\"https:\/\/www.unicas.pe\/blog\/wp-content\/uploads\/2014\/04\/lif11.jpg 650w, https:\/\/www.unicas.pe\/blog\/wp-content\/uploads\/2014\/04\/lif11-300x168.jpg 300w, https:\/\/www.unicas.pe\/blog\/wp-content\/uploads\/2014\/04\/lif11-648x363.jpg 648w\" sizes=\"(max-width: 650px) 100vw, 650px\" \/><\/p>\n<p>Susan tambi\u00e9n destaca por utilizar t\u00e9cnicas ancestrales de tejido en las chompas.<\/p>\n<p><img class=\" size-full wp-image-5073\" style=\"display: block; margin-left: auto; margin-right: auto;\" title=\"Conoce los dise\u00f1os de los nuevos talentos del LIF Week 2014\" src=\"http:\/\/209.133.219.102\/~newunicas\/blog\/wp-content\/uploads\/2014\/04\/lif12.jpg\" alt=\"Conoce los dise\u00f1os de los nuevos talentos del LIF Week 2014\" width=\"600\" srcset=\"https:\/\/www.unicas.pe\/blog\/wp-content\/uploads\/2014\/04\/lif12.jpg 650w, https:\/\/www.unicas.pe\/blog\/wp-content\/uploads\/2014\/04\/lif12-300x168.jpg 300w, https:\/\/www.unicas.pe\/blog\/wp-content\/uploads\/2014\/04\/lif12-648x363.jpg 648w\" sizes=\"(max-width: 650px) 100vw, 650px\" \/><\/p>\n<p>Susan Wagner fue parte de la secci\u00f3n de \u00abNuevos talentos\u00bb del LIF Week 2014.<\/p>\n","protected":false},"excerpt":{"rendered":"<p>Las dise\u00f1adoras Angie Schlegel, Susan Wagner y Tal\u00eda Berckemeyer, mostraron lo mejor de sus colecciones de la temporada Oto\u00f1o-Invierno en la pasarela LIF Week.<\/p>\n","protected":false},"author":1,"featured_media":5062,"comment_status":"closed","ping_status":"open","sticky":false,"template":"","format":"standard","meta":[],"categories":[26],"tags":[6024,6074,2082,6035,1866,1848,1523,6075,5981,6030,2000,6012,6015,82,1742,5989,6026,6025],"yoast_head":"<!-- This site is optimized with the Yoast SEO plugin v16.0.2 - https:\/\/yoast.com\/wordpress\/plugins\/seo\/ -->\n<link rel=\"canonical\" href=\"https:\/\/www.unicas.pe\/blog\/lif-week-2014\/\" \/>\n<meta property=\"og:locale\" content=\"es_ES\" \/>\n<meta property=\"og:type\" content=\"article\" \/>\n<meta property=\"og:title\" content=\"Conoce los dise\u00f1os de los nuevos talentos del LIF Week 2014 - Unicas\" \/>\n<meta property=\"og:description\" content=\"Las dise\u00f1adoras Angie Schlegel, Susan Wagner y Tal\u00eda Berckemeyer, mostraron lo mejor de sus colecciones de la temporada Oto\u00f1o-Invierno en la pasarela LIF Week.\" \/>\n<meta property=\"og:url\" content=\"https:\/\/www.unicas.pe\/blog\/lif-week-2014\/\" \/>\n<meta property=\"og:site_name\" content=\"Unicas\" \/>\n<meta property=\"article:published_time\" content=\"2014-04-04T04:31:07+00:00\" \/>\n<meta property=\"article:modified_time\" content=\"2019-01-11T02:34:16+00:00\" \/>\n<meta property=\"og:image\" content=\"https:\/\/www.unicas.pe\/blog\/wp-content\/uploads\/2014\/04\/lif1.jpg\" \/>\n\t<meta property=\"og:image:width\" content=\"650\" \/>\n\t<meta property=\"og:image:height\" content=\"363\" \/>\n<meta name=\"twitter:card\" content=\"summary_large_image\" \/>\n<meta name=\"twitter:label1\" content=\"Tiempo de lectura\">\n\t<meta name=\"twitter:data1\" content=\"1 minuto\">\n<script type=\"application\/ld+json\" class=\"yoast-schema-graph\">{\"@context\":\"https:\/\/schema.org\",\"@graph\":[{\"@type\":\"WebSite\",\"@id\":\"https:\/\/www.unicas.pe\/blog\/#website\",\"url\":\"https:\/\/www.unicas.pe\/blog\/\",\"name\":\"Unicas\",\"description\":\"Blog sobre belleza, maquillaje, moda, y mucho m\\u00e1s.\",\"potentialAction\":[{\"@type\":\"SearchAction\",\"target\":\"https:\/\/www.unicas.pe\/blog\/?s={search_term_string}\",\"query-input\":\"required name=search_term_string\"}],\"inLanguage\":\"es\"},{\"@type\":\"ImageObject\",\"@id\":\"https:\/\/www.unicas.pe\/blog\/lif-week-2014\/#primaryimage\",\"inLanguage\":\"es\",\"url\":\"https:\/\/www.unicas.pe\/blog\/wp-content\/uploads\/2014\/04\/lif1.jpg\",\"width\":650,\"height\":363,\"caption\":\"Conoce los dise\\u00f1os de los nuevos talentos del LIF Week 2014\"},{\"@type\":\"WebPage\",\"@id\":\"https:\/\/www.unicas.pe\/blog\/lif-week-2014\/#webpage\",\"url\":\"https:\/\/www.unicas.pe\/blog\/lif-week-2014\/\",\"name\":\"Conoce los dise\\u00f1os de los nuevos talentos del LIF Week 2014 - Unicas\",\"isPartOf\":{\"@id\":\"https:\/\/www.unicas.pe\/blog\/#website\"},\"primaryImageOfPage\":{\"@id\":\"https:\/\/www.unicas.pe\/blog\/lif-week-2014\/#primaryimage\"},\"datePublished\":\"2014-04-04T04:31:07+00:00\",\"dateModified\":\"2019-01-11T02:34:16+00:00\",\"author\":{\"@id\":\"https:\/\/www.unicas.pe\/blog\/#\/schema\/person\/60053f595c6d0f3f11ed52a01c961cdb\"},\"breadcrumb\":{\"@id\":\"https:\/\/www.unicas.pe\/blog\/lif-week-2014\/#breadcrumb\"},\"inLanguage\":\"es\",\"potentialAction\":[{\"@type\":\"ReadAction\",\"target\":[\"https:\/\/www.unicas.pe\/blog\/lif-week-2014\/\"]}]},{\"@type\":\"BreadcrumbList\",\"@id\":\"https:\/\/www.unicas.pe\/blog\/lif-week-2014\/#breadcrumb\",\"itemListElement\":[{\"@type\":\"ListItem\",\"position\":1,\"item\":{\"@type\":\"WebPage\",\"@id\":\"https:\/\/www.unicas.pe\/blog\/\",\"url\":\"https:\/\/www.unicas.pe\/blog\/\",\"name\":\"Portada\"}},{\"@type\":\"ListItem\",\"position\":2,\"item\":{\"@type\":\"WebPage\",\"@id\":\"https:\/\/www.unicas.pe\/blog\/lif-week-2014\/\",\"url\":\"https:\/\/www.unicas.pe\/blog\/lif-week-2014\/\",\"name\":\"Conoce los dise\\u00f1os de los nuevos talentos del LIF Week 2014\"}}]},{\"@type\":\"Person\",\"@id\":\"https:\/\/www.unicas.pe\/blog\/#\/schema\/person\/60053f595c6d0f3f11ed52a01c961cdb\",\"name\":\"Katty Gora\",\"image\":{\"@type\":\"ImageObject\",\"@id\":\"https:\/\/www.unicas.pe\/blog\/#personlogo\",\"inLanguage\":\"es\",\"url\":\"https:\/\/www.unicas.pe\/blog\/wp-content\/uploads\/2019\/01\/168392_1786370415133_366102_n-150x150.jpg\",\"caption\":\"Katty Gora\"},\"description\":\"Katty is a passionate blogger, diving into different subjects like fashion, trends, styles and news and more. Discover the great insight of a true quality blogger!\"}]}<\/script>\n<!-- \/ Yoast SEO plugin. -->","_links":{"self":[{"href":"https:\/\/www.unicas.pe\/blog\/wp-json\/wp\/v2\/posts\/5074"}],"collection":[{"href":"https:\/\/www.unicas.pe\/blog\/wp-json\/wp\/v2\/posts"}],"about":[{"href":"https:\/\/www.unicas.pe\/blog\/wp-json\/wp\/v2\/types\/post"}],"author":[{"embeddable":true,"href":"https:\/\/www.unicas.pe\/blog\/wp-json\/wp\/v2\/users\/1"}],"replies":[{"embeddable":true,"href":"https:\/\/www.unicas.pe\/blog\/wp-json\/wp\/v2\/comments?post=5074"}],"version-history":[{"count":1,"href":"https:\/\/www.unicas.pe\/blog\/wp-json\/wp\/v2\/posts\/5074\/revisions"}],"predecessor-version":[{"id":10456,"href":"https:\/\/www.unicas.pe\/blog\/wp-json\/wp\/v2\/posts\/5074\/revisions\/10456"}],"wp:featuredmedia":[{"embeddable":true,"href":"https:\/\/www.unicas.pe\/blog\/wp-json\/wp\/v2\/media\/5062"}],"wp:attachment":[{"href":"https:\/\/www.unicas.pe\/blog\/wp-json\/wp\/v2\/media?parent=5074"}],"wp:term":[{"taxonomy":"category","embeddable":true,"href":"https:\/\/www.unicas.pe\/blog\/wp-json\/wp\/v2\/categories?post=5074"},{"taxonomy":"post_tag","embeddable":true,"href":"https:\/\/www.unicas.pe\/blog\/wp-json\/wp\/v2\/tags?post=5074"}],"curies":[{"name":"wp","href":"https:\/\/api.w.org\/{rel}","templated":true}]}}