{"id":5096,"date":"2014-04-04T21:24:47","date_gmt":"2014-04-05T02:24:47","guid":{"rendered":"http:\/\/209.133.219.102\/~newunicas\/blog\/2014\/04\/04\/claudia-jimenez-disenadora-lifweek-2014\/"},"modified":"2019-01-10T21:34:16","modified_gmt":"2019-01-11T02:34:16","slug":"claudia-jimenez-disenadora-lifweek-2014","status":"publish","type":"post","link":"https:\/\/www.unicas.pe\/blog\/claudia-jimenez-disenadora-lifweek-2014\/","title":{"rendered":"Claudia Jim\u00e9nez present\u00f3 su \u00faltima colecci\u00f3n en el Lima Fashion Week"},"content":{"rendered":"<p>La joven dise\u00f1adora mostr\u00f3 su \u00faltima colecci\u00f3n \u00a0de ropa de temporada Oto\u00f1o-Invierno, en el LIF Week. Sus dise\u00f1os estuvieron inspirados en los \u00a0vestidos de alta costura.<\/p>\n<p>  <!--more-->  <\/p>\n<p>En el cuarto d\u00eda del Lima Fashion Week 2014, hizo su presentaci\u00f3n en la pasarela, la dise\u00f1adora Claudia Jim\u00e9nez. Su colecci\u00f3n Oto\u00f1o-Invierno apost\u00f3 por las prendas rom\u00e1nticas y elegantes. Fueron cuarenta salidas, entre las que destacan los vestidos de alta costura.\u00a0<\/p>\n<p><img class=\" size-full wp-image-5086\" style=\"display: block; margin-left: auto; margin-right: auto;\" title=\" Claudia Jim\u00e9nez present\u00f3 su \u00faltima colecci\u00f3n en el Lima Fashion Week\" src=\"http:\/\/209.133.219.102\/~newunicas\/blog\/wp-content\/uploads\/2014\/04\/claudia-jimenez-disenadora1.jpg\" alt=\" Claudia Jim\u00e9nez present\u00f3 su \u00faltima colecci\u00f3n en el Lima Fashion Week\" width=\"600\" srcset=\"https:\/\/www.unicas.pe\/blog\/wp-content\/uploads\/2014\/04\/claudia-jimenez-disenadora1.jpg 650w, https:\/\/www.unicas.pe\/blog\/wp-content\/uploads\/2014\/04\/claudia-jimenez-disenadora1-300x225.jpg 300w, https:\/\/www.unicas.pe\/blog\/wp-content\/uploads\/2014\/04\/claudia-jimenez-disenadora1-80x60.jpg 80w, https:\/\/www.unicas.pe\/blog\/wp-content\/uploads\/2014\/04\/claudia-jimenez-disenadora1-160x120.jpg 160w, https:\/\/www.unicas.pe\/blog\/wp-content\/uploads\/2014\/04\/claudia-jimenez-disenadora1-265x198.jpg 265w, https:\/\/www.unicas.pe\/blog\/wp-content\/uploads\/2014\/04\/claudia-jimenez-disenadora1-559x420.jpg 559w\" sizes=\"(max-width: 650px) 100vw, 650px\" \/><\/p>\n<p><img class=\" size-full wp-image-5087\" style=\"display: block; margin-left: auto; margin-right: auto;\" title=\" Claudia Jim\u00e9nez present\u00f3 su \u00faltima colecci\u00f3n en el Lima Fashion Week\" src=\"http:\/\/209.133.219.102\/~newunicas\/blog\/wp-content\/uploads\/2014\/04\/claudia-jimenez-disenadora2.jpg\" alt=\" Claudia Jim\u00e9nez present\u00f3 su \u00faltima colecci\u00f3n en el Lima Fashion Week\" width=\"600\" srcset=\"https:\/\/www.unicas.pe\/blog\/wp-content\/uploads\/2014\/04\/claudia-jimenez-disenadora2.jpg 650w, https:\/\/www.unicas.pe\/blog\/wp-content\/uploads\/2014\/04\/claudia-jimenez-disenadora2-300x225.jpg 300w, https:\/\/www.unicas.pe\/blog\/wp-content\/uploads\/2014\/04\/claudia-jimenez-disenadora2-80x60.jpg 80w, https:\/\/www.unicas.pe\/blog\/wp-content\/uploads\/2014\/04\/claudia-jimenez-disenadora2-160x120.jpg 160w, https:\/\/www.unicas.pe\/blog\/wp-content\/uploads\/2014\/04\/claudia-jimenez-disenadora2-265x198.jpg 265w, https:\/\/www.unicas.pe\/blog\/wp-content\/uploads\/2014\/04\/claudia-jimenez-disenadora2-559x420.jpg 559w\" sizes=\"(max-width: 650px) 100vw, 650px\" \/><\/p>\n<p><img class=\" size-full wp-image-5088\" style=\"display: block; margin-left: auto; margin-right: auto;\" title=\" Claudia Jim\u00e9nez present\u00f3 su \u00faltima colecci\u00f3n en el Lima Fashion Week\" src=\"http:\/\/209.133.219.102\/~newunicas\/blog\/wp-content\/uploads\/2014\/04\/claudia-jimenez-disenadora3.jpg\" alt=\" Claudia Jim\u00e9nez present\u00f3 su \u00faltima colecci\u00f3n en el Lima Fashion Week\" width=\"600\" srcset=\"https:\/\/www.unicas.pe\/blog\/wp-content\/uploads\/2014\/04\/claudia-jimenez-disenadora3.jpg 650w, https:\/\/www.unicas.pe\/blog\/wp-content\/uploads\/2014\/04\/claudia-jimenez-disenadora3-300x225.jpg 300w, https:\/\/www.unicas.pe\/blog\/wp-content\/uploads\/2014\/04\/claudia-jimenez-disenadora3-80x60.jpg 80w, https:\/\/www.unicas.pe\/blog\/wp-content\/uploads\/2014\/04\/claudia-jimenez-disenadora3-160x120.jpg 160w, https:\/\/www.unicas.pe\/blog\/wp-content\/uploads\/2014\/04\/claudia-jimenez-disenadora3-265x198.jpg 265w, https:\/\/www.unicas.pe\/blog\/wp-content\/uploads\/2014\/04\/claudia-jimenez-disenadora3-559x420.jpg 559w\" sizes=\"(max-width: 650px) 100vw, 650px\" \/><\/p>\n<p>La paleta de colores con la que trabaj\u00f3 la joven dise\u00f1adora fue muy vibrante, tonos como el azul, magentas, lilas, rojos, negros y plateados. Antes de salir a la pasarela, Claudia Jim\u00e9nez prometi\u00f3 una colecci\u00f3n \u00abm\u00e1s madura y estructurada\u00bb pero con la esencia femenina y rom\u00e1ntica \u00a0que caracteriza a su marca.<\/p>\n<p><img class=\" size-full wp-image-5089\" style=\"display: block; margin-left: auto; margin-right: auto;\" title=\" Claudia Jim\u00e9nez present\u00f3 su \u00faltima colecci\u00f3n en el Lima Fashion Week\" src=\"http:\/\/209.133.219.102\/~newunicas\/blog\/wp-content\/uploads\/2014\/04\/claudia-jimenez-disenadora4.jpg\" alt=\" Claudia Jim\u00e9nez present\u00f3 su \u00faltima colecci\u00f3n en el Lima Fashion Week\" width=\"600\" srcset=\"https:\/\/www.unicas.pe\/blog\/wp-content\/uploads\/2014\/04\/claudia-jimenez-disenadora4.jpg 650w, https:\/\/www.unicas.pe\/blog\/wp-content\/uploads\/2014\/04\/claudia-jimenez-disenadora4-300x225.jpg 300w, https:\/\/www.unicas.pe\/blog\/wp-content\/uploads\/2014\/04\/claudia-jimenez-disenadora4-80x60.jpg 80w, https:\/\/www.unicas.pe\/blog\/wp-content\/uploads\/2014\/04\/claudia-jimenez-disenadora4-160x120.jpg 160w, https:\/\/www.unicas.pe\/blog\/wp-content\/uploads\/2014\/04\/claudia-jimenez-disenadora4-265x198.jpg 265w, https:\/\/www.unicas.pe\/blog\/wp-content\/uploads\/2014\/04\/claudia-jimenez-disenadora4-559x420.jpg 559w\" sizes=\"(max-width: 650px) 100vw, 650px\" \/><\/p>\n<p><img class=\" size-full wp-image-5090\" style=\"display: block; margin-left: auto; margin-right: auto;\" title=\" Claudia Jim\u00e9nez present\u00f3 su \u00faltima colecci\u00f3n en el Lima Fashion Week\" src=\"http:\/\/209.133.219.102\/~newunicas\/blog\/wp-content\/uploads\/2014\/04\/claudia-jimenez-disenadora5.jpg\" alt=\" Claudia Jim\u00e9nez present\u00f3 su \u00faltima colecci\u00f3n en el Lima Fashion Week\" width=\"600\" srcset=\"https:\/\/www.unicas.pe\/blog\/wp-content\/uploads\/2014\/04\/claudia-jimenez-disenadora5.jpg 650w, https:\/\/www.unicas.pe\/blog\/wp-content\/uploads\/2014\/04\/claudia-jimenez-disenadora5-300x225.jpg 300w, https:\/\/www.unicas.pe\/blog\/wp-content\/uploads\/2014\/04\/claudia-jimenez-disenadora5-80x60.jpg 80w, https:\/\/www.unicas.pe\/blog\/wp-content\/uploads\/2014\/04\/claudia-jimenez-disenadora5-160x120.jpg 160w, https:\/\/www.unicas.pe\/blog\/wp-content\/uploads\/2014\/04\/claudia-jimenez-disenadora5-265x198.jpg 265w, https:\/\/www.unicas.pe\/blog\/wp-content\/uploads\/2014\/04\/claudia-jimenez-disenadora5-559x420.jpg 559w\" sizes=\"(max-width: 650px) 100vw, 650px\" \/><\/p>\n<p>La propuesta de Jim\u00e9nez estuvo compuesta por tules y tocados en el cabello. Adem\u00e1s dentro de su colecci\u00f3n propuso vestidos cortos y largos. Su primer vestido en tono acero ten\u00eda el corpi\u00f1o en transparencia pero con mucho brillo, mangas 3\/4 y una amplia falda con bobos verticales lo cual le dio bastante movimiento. Tambi\u00e9n opt\u00f3 por presentar varios palazzi en gasa negra, acero, azul pastel y nude, todos estos con corpi\u00f1os que pod\u00edan variar de color desde el coral oscuro, azul con celeste.<\/p>\n<p><img class=\" size-full wp-image-5091\" style=\"display: block; margin-left: auto; margin-right: auto;\" title=\" Claudia Jim\u00e9nez present\u00f3 su \u00faltima colecci\u00f3n en el Lima Fashion Week\" src=\"http:\/\/209.133.219.102\/~newunicas\/blog\/wp-content\/uploads\/2014\/04\/claudia-jimenez-disenadora6.jpg\" alt=\" Claudia Jim\u00e9nez present\u00f3 su \u00faltima colecci\u00f3n en el Lima Fashion Week\" width=\"600\" srcset=\"https:\/\/www.unicas.pe\/blog\/wp-content\/uploads\/2014\/04\/claudia-jimenez-disenadora6.jpg 650w, https:\/\/www.unicas.pe\/blog\/wp-content\/uploads\/2014\/04\/claudia-jimenez-disenadora6-300x225.jpg 300w, https:\/\/www.unicas.pe\/blog\/wp-content\/uploads\/2014\/04\/claudia-jimenez-disenadora6-80x60.jpg 80w, https:\/\/www.unicas.pe\/blog\/wp-content\/uploads\/2014\/04\/claudia-jimenez-disenadora6-160x120.jpg 160w, https:\/\/www.unicas.pe\/blog\/wp-content\/uploads\/2014\/04\/claudia-jimenez-disenadora6-265x198.jpg 265w, https:\/\/www.unicas.pe\/blog\/wp-content\/uploads\/2014\/04\/claudia-jimenez-disenadora6-559x420.jpg 559w\" sizes=\"(max-width: 650px) 100vw, 650px\" \/><\/p>\n<p><img class=\" size-full wp-image-5092\" style=\"display: block; margin-left: auto; margin-right: auto;\" title=\" Claudia Jim\u00e9nez present\u00f3 su \u00faltima colecci\u00f3n en el Lima Fashion Week\" src=\"http:\/\/209.133.219.102\/~newunicas\/blog\/wp-content\/uploads\/2014\/04\/claudia-jimenez-disenadora7.jpg\" alt=\" Claudia Jim\u00e9nez present\u00f3 su \u00faltima colecci\u00f3n en el Lima Fashion Week\" width=\"600\" srcset=\"https:\/\/www.unicas.pe\/blog\/wp-content\/uploads\/2014\/04\/claudia-jimenez-disenadora7.jpg 650w, https:\/\/www.unicas.pe\/blog\/wp-content\/uploads\/2014\/04\/claudia-jimenez-disenadora7-300x225.jpg 300w, https:\/\/www.unicas.pe\/blog\/wp-content\/uploads\/2014\/04\/claudia-jimenez-disenadora7-80x60.jpg 80w, https:\/\/www.unicas.pe\/blog\/wp-content\/uploads\/2014\/04\/claudia-jimenez-disenadora7-160x120.jpg 160w, https:\/\/www.unicas.pe\/blog\/wp-content\/uploads\/2014\/04\/claudia-jimenez-disenadora7-265x198.jpg 265w, https:\/\/www.unicas.pe\/blog\/wp-content\/uploads\/2014\/04\/claudia-jimenez-disenadora7-559x420.jpg 559w\" sizes=\"(max-width: 650px) 100vw, 650px\" \/><\/p>\n<p>El universo rom\u00e1ntico y creativo de Claudia Jim\u00e9nez le brinda a su cliente couture una propuesta femenina y chic. Hay que destacar que cada colecci\u00f3n que propone son de la m\u00e1s fina costura, d\u00e1ndole ese toque rom\u00e1ntico, femenino y sensual . Sin duda esta marca es de esencia muy rom\u00e1ntica.\u00a0<\/p>\n<p><img class=\" size-full wp-image-5093\" style=\"display: block; margin-left: auto; margin-right: auto;\" title=\" Claudia Jim\u00e9nez present\u00f3 su \u00faltima colecci\u00f3n en el Lima Fashion Week\" src=\"http:\/\/209.133.219.102\/~newunicas\/blog\/wp-content\/uploads\/2014\/04\/claudia-jimenez-disenadora8.jpg\" alt=\" Claudia Jim\u00e9nez present\u00f3 su \u00faltima colecci\u00f3n en el Lima Fashion Week\" width=\"600\" srcset=\"https:\/\/www.unicas.pe\/blog\/wp-content\/uploads\/2014\/04\/claudia-jimenez-disenadora8.jpg 650w, https:\/\/www.unicas.pe\/blog\/wp-content\/uploads\/2014\/04\/claudia-jimenez-disenadora8-300x225.jpg 300w, https:\/\/www.unicas.pe\/blog\/wp-content\/uploads\/2014\/04\/claudia-jimenez-disenadora8-80x60.jpg 80w, https:\/\/www.unicas.pe\/blog\/wp-content\/uploads\/2014\/04\/claudia-jimenez-disenadora8-160x120.jpg 160w, https:\/\/www.unicas.pe\/blog\/wp-content\/uploads\/2014\/04\/claudia-jimenez-disenadora8-265x198.jpg 265w, https:\/\/www.unicas.pe\/blog\/wp-content\/uploads\/2014\/04\/claudia-jimenez-disenadora8-559x420.jpg 559w\" sizes=\"(max-width: 650px) 100vw, 650px\" \/><\/p>\n<p><img class=\" size-full wp-image-5094\" style=\"display: block; margin-left: auto; margin-right: auto;\" title=\" Claudia Jim\u00e9nez present\u00f3 su \u00faltima colecci\u00f3n en el Lima Fashion Week\" src=\"http:\/\/209.133.219.102\/~newunicas\/blog\/wp-content\/uploads\/2014\/04\/claudia-jimenez-disenadora9.jpg\" alt=\" Claudia Jim\u00e9nez present\u00f3 su \u00faltima colecci\u00f3n en el Lima Fashion Week\" width=\"600\" srcset=\"https:\/\/www.unicas.pe\/blog\/wp-content\/uploads\/2014\/04\/claudia-jimenez-disenadora9.jpg 650w, https:\/\/www.unicas.pe\/blog\/wp-content\/uploads\/2014\/04\/claudia-jimenez-disenadora9-300x225.jpg 300w, https:\/\/www.unicas.pe\/blog\/wp-content\/uploads\/2014\/04\/claudia-jimenez-disenadora9-80x60.jpg 80w, https:\/\/www.unicas.pe\/blog\/wp-content\/uploads\/2014\/04\/claudia-jimenez-disenadora9-160x120.jpg 160w, https:\/\/www.unicas.pe\/blog\/wp-content\/uploads\/2014\/04\/claudia-jimenez-disenadora9-265x198.jpg 265w, https:\/\/www.unicas.pe\/blog\/wp-content\/uploads\/2014\/04\/claudia-jimenez-disenadora9-559x420.jpg 559w\" sizes=\"(max-width: 650px) 100vw, 650px\" \/><\/p>\n<p><img class=\" size-full wp-image-5095\" style=\"display: block; margin-left: auto; margin-right: auto;\" title=\" Claudia Jim\u00e9nez present\u00f3 su \u00faltima colecci\u00f3n en el Lima Fashion Week\" src=\"http:\/\/209.133.219.102\/~newunicas\/blog\/wp-content\/uploads\/2014\/04\/claudia-jimenez-disenadora10.jpg\" alt=\" Claudia Jim\u00e9nez present\u00f3 su \u00faltima colecci\u00f3n en el Lima Fashion Week\" width=\"600\" srcset=\"https:\/\/www.unicas.pe\/blog\/wp-content\/uploads\/2014\/04\/claudia-jimenez-disenadora10.jpg 650w, https:\/\/www.unicas.pe\/blog\/wp-content\/uploads\/2014\/04\/claudia-jimenez-disenadora10-300x225.jpg 300w, https:\/\/www.unicas.pe\/blog\/wp-content\/uploads\/2014\/04\/claudia-jimenez-disenadora10-80x60.jpg 80w, https:\/\/www.unicas.pe\/blog\/wp-content\/uploads\/2014\/04\/claudia-jimenez-disenadora10-160x120.jpg 160w, https:\/\/www.unicas.pe\/blog\/wp-content\/uploads\/2014\/04\/claudia-jimenez-disenadora10-265x198.jpg 265w, https:\/\/www.unicas.pe\/blog\/wp-content\/uploads\/2014\/04\/claudia-jimenez-disenadora10-559x420.jpg 559w\" sizes=\"(max-width: 650px) 100vw, 650px\" \/><\/p>\n","protected":false},"excerpt":{"rendered":"<p>La joven dise\u00f1adora mostr\u00f3 su \u00faltima colecci\u00f3n \u00a0de ropa de temporada Oto\u00f1o-Invierno, en el LIF Week. Sus dise\u00f1os estuvieron inspirados en los \u00a0vestidos de alta costura.<\/p>\n","protected":false},"author":1,"featured_media":5086,"comment_status":"closed","ping_status":"open","sticky":false,"template":"","format":"standard","meta":[],"categories":[26],"tags":[2198,2659,1866,3062,2116,6104,2000,6168,6167,82,3281,2056,6169,1607,5303],"yoast_head":"<!-- This site is optimized with the Yoast SEO plugin v16.0.2 - https:\/\/yoast.com\/wordpress\/plugins\/seo\/ -->\n<link rel=\"canonical\" href=\"https:\/\/www.unicas.pe\/blog\/claudia-jimenez-disenadora-lifweek-2014\/\" \/>\n<meta property=\"og:locale\" content=\"es_ES\" \/>\n<meta property=\"og:type\" content=\"article\" \/>\n<meta property=\"og:title\" content=\"Claudia Jim\u00e9nez present\u00f3 su \u00faltima colecci\u00f3n en el Lima Fashion Week - Unicas\" \/>\n<meta property=\"og:description\" content=\"La joven dise\u00f1adora mostr\u00f3 su \u00faltima colecci\u00f3n \u00a0de ropa de temporada Oto\u00f1o-Invierno, en el LIF Week. Sus dise\u00f1os estuvieron inspirados en los \u00a0vestidos de alta costura.\" \/>\n<meta property=\"og:url\" content=\"https:\/\/www.unicas.pe\/blog\/claudia-jimenez-disenadora-lifweek-2014\/\" \/>\n<meta property=\"og:site_name\" content=\"Unicas\" \/>\n<meta property=\"article:published_time\" content=\"2014-04-05T02:24:47+00:00\" \/>\n<meta property=\"article:modified_time\" content=\"2019-01-11T02:34:16+00:00\" \/>\n<meta property=\"og:image\" content=\"https:\/\/www.unicas.pe\/blog\/wp-content\/uploads\/2014\/04\/claudia-jimenez-disenadora1.jpg\" \/>\n\t<meta property=\"og:image:width\" content=\"650\" \/>\n\t<meta property=\"og:image:height\" content=\"488\" \/>\n<meta name=\"twitter:card\" content=\"summary_large_image\" \/>\n<meta name=\"twitter:label1\" content=\"Tiempo de lectura\">\n\t<meta name=\"twitter:data1\" content=\"1 minuto\">\n<script type=\"application\/ld+json\" class=\"yoast-schema-graph\">{\"@context\":\"https:\/\/schema.org\",\"@graph\":[{\"@type\":\"WebSite\",\"@id\":\"https:\/\/www.unicas.pe\/blog\/#website\",\"url\":\"https:\/\/www.unicas.pe\/blog\/\",\"name\":\"Unicas\",\"description\":\"Blog sobre belleza, maquillaje, moda, y mucho m\\u00e1s.\",\"potentialAction\":[{\"@type\":\"SearchAction\",\"target\":\"https:\/\/www.unicas.pe\/blog\/?s={search_term_string}\",\"query-input\":\"required name=search_term_string\"}],\"inLanguage\":\"es\"},{\"@type\":\"ImageObject\",\"@id\":\"https:\/\/www.unicas.pe\/blog\/claudia-jimenez-disenadora-lifweek-2014\/#primaryimage\",\"inLanguage\":\"es\",\"url\":\"https:\/\/www.unicas.pe\/blog\/wp-content\/uploads\/2014\/04\/claudia-jimenez-disenadora1.jpg\",\"width\":650,\"height\":488,\"caption\":\"Claudia Jim\\u00e9nez present\\u00f3 su \\u00faltima colecci\\u00f3n en el Lima Fashion Week\"},{\"@type\":\"WebPage\",\"@id\":\"https:\/\/www.unicas.pe\/blog\/claudia-jimenez-disenadora-lifweek-2014\/#webpage\",\"url\":\"https:\/\/www.unicas.pe\/blog\/claudia-jimenez-disenadora-lifweek-2014\/\",\"name\":\"Claudia Jim\\u00e9nez present\\u00f3 su \\u00faltima colecci\\u00f3n en el Lima Fashion Week - Unicas\",\"isPartOf\":{\"@id\":\"https:\/\/www.unicas.pe\/blog\/#website\"},\"primaryImageOfPage\":{\"@id\":\"https:\/\/www.unicas.pe\/blog\/claudia-jimenez-disenadora-lifweek-2014\/#primaryimage\"},\"datePublished\":\"2014-04-05T02:24:47+00:00\",\"dateModified\":\"2019-01-11T02:34:16+00:00\",\"author\":{\"@id\":\"https:\/\/www.unicas.pe\/blog\/#\/schema\/person\/60053f595c6d0f3f11ed52a01c961cdb\"},\"breadcrumb\":{\"@id\":\"https:\/\/www.unicas.pe\/blog\/claudia-jimenez-disenadora-lifweek-2014\/#breadcrumb\"},\"inLanguage\":\"es\",\"potentialAction\":[{\"@type\":\"ReadAction\",\"target\":[\"https:\/\/www.unicas.pe\/blog\/claudia-jimenez-disenadora-lifweek-2014\/\"]}]},{\"@type\":\"BreadcrumbList\",\"@id\":\"https:\/\/www.unicas.pe\/blog\/claudia-jimenez-disenadora-lifweek-2014\/#breadcrumb\",\"itemListElement\":[{\"@type\":\"ListItem\",\"position\":1,\"item\":{\"@type\":\"WebPage\",\"@id\":\"https:\/\/www.unicas.pe\/blog\/\",\"url\":\"https:\/\/www.unicas.pe\/blog\/\",\"name\":\"Portada\"}},{\"@type\":\"ListItem\",\"position\":2,\"item\":{\"@type\":\"WebPage\",\"@id\":\"https:\/\/www.unicas.pe\/blog\/claudia-jimenez-disenadora-lifweek-2014\/\",\"url\":\"https:\/\/www.unicas.pe\/blog\/claudia-jimenez-disenadora-lifweek-2014\/\",\"name\":\"Claudia Jim\\u00e9nez present\\u00f3 su \\u00faltima colecci\\u00f3n en el Lima Fashion Week\"}}]},{\"@type\":\"Person\",\"@id\":\"https:\/\/www.unicas.pe\/blog\/#\/schema\/person\/60053f595c6d0f3f11ed52a01c961cdb\",\"name\":\"Katty Gora\",\"image\":{\"@type\":\"ImageObject\",\"@id\":\"https:\/\/www.unicas.pe\/blog\/#personlogo\",\"inLanguage\":\"es\",\"url\":\"https:\/\/www.unicas.pe\/blog\/wp-content\/uploads\/2019\/01\/168392_1786370415133_366102_n-150x150.jpg\",\"caption\":\"Katty Gora\"},\"description\":\"Katty is a passionate blogger, diving into different subjects like fashion, trends, styles and news and more. Discover the great insight of a true quality blogger!\"}]}<\/script>\n<!-- \/ Yoast SEO plugin. -->","_links":{"self":[{"href":"https:\/\/www.unicas.pe\/blog\/wp-json\/wp\/v2\/posts\/5096"}],"collection":[{"href":"https:\/\/www.unicas.pe\/blog\/wp-json\/wp\/v2\/posts"}],"about":[{"href":"https:\/\/www.unicas.pe\/blog\/wp-json\/wp\/v2\/types\/post"}],"author":[{"embeddable":true,"href":"https:\/\/www.unicas.pe\/blog\/wp-json\/wp\/v2\/users\/1"}],"replies":[{"embeddable":true,"href":"https:\/\/www.unicas.pe\/blog\/wp-json\/wp\/v2\/comments?post=5096"}],"version-history":[{"count":1,"href":"https:\/\/www.unicas.pe\/blog\/wp-json\/wp\/v2\/posts\/5096\/revisions"}],"predecessor-version":[{"id":10453,"href":"https:\/\/www.unicas.pe\/blog\/wp-json\/wp\/v2\/posts\/5096\/revisions\/10453"}],"wp:featuredmedia":[{"embeddable":true,"href":"https:\/\/www.unicas.pe\/blog\/wp-json\/wp\/v2\/media\/5086"}],"wp:attachment":[{"href":"https:\/\/www.unicas.pe\/blog\/wp-json\/wp\/v2\/media?parent=5096"}],"wp:term":[{"taxonomy":"category","embeddable":true,"href":"https:\/\/www.unicas.pe\/blog\/wp-json\/wp\/v2\/categories?post=5096"},{"taxonomy":"post_tag","embeddable":true,"href":"https:\/\/www.unicas.pe\/blog\/wp-json\/wp\/v2\/tags?post=5096"}],"curies":[{"name":"wp","href":"https:\/\/api.w.org\/{rel}","templated":true}]}}