{"id":5100,"date":"2014-04-04T21:33:06","date_gmt":"2014-04-05T02:33:06","guid":{"rendered":"http:\/\/209.133.219.102\/~newunicas\/blog\/2014\/04\/04\/mujer-profesional-foro-anual-empresarias\/"},"modified":"2019-01-10T21:34:15","modified_gmt":"2019-01-11T02:34:15","slug":"mujer-profesional-foro-anual-empresarias","status":"publish","type":"post","link":"https:\/\/www.unicas.pe\/blog\/mujer-profesional-foro-anual-empresarias\/","title":{"rendered":"Mujer Profesional: III Foro Anual para empresarias del Per\u00fa"},"content":{"rendered":"<p>Con la finalidad de perfeccionar las capacidades empresariales, WeConnect International, organiza un foro para las \u00a0mujeres profesionales.<\/p>\n<p>  <!--more-->  <\/p>\n<p>Con la finalidad de generar mayores oportunidades en el mercado empresarial a las mujeres profesionales del pa\u00eds, <strong>WeConnect International<\/strong>, organiza un foro para este sector. Este evento \u00a0se realizar\u00e1 \u00a0el 11 de abril en el Hotel J.W. Marriot. Contar\u00e1 con la participaci\u00f3n de importantes personalidades del rubro empresarial en el pa\u00eds, quienes dar\u00e1n algunas recomendaciones y charlas acerca de c\u00f3mo mejorar sus negocios, y los retos que se enfrentan para ser m\u00e1s competitivas en los mercados donde se desarrollan.<\/p>\n<p><img class=\" size-full wp-image-5097\" style=\"display: block; margin-left: auto; margin-right: auto;\" title=\"Mujer Profesional: III Foro Anual para empresarias del Per\u00fa \" src=\"http:\/\/209.133.219.102\/~newunicas\/blog\/wp-content\/uploads\/2014\/04\/foro-anual-empresarias1.jpg\" alt=\"Mujer Profesional: III Foro Anual para empresarias del Per\u00fa\" width=\"600\" srcset=\"https:\/\/www.unicas.pe\/blog\/wp-content\/uploads\/2014\/04\/foro-anual-empresarias1.jpg 650w, https:\/\/www.unicas.pe\/blog\/wp-content\/uploads\/2014\/04\/foro-anual-empresarias1-300x199.jpg 300w, https:\/\/www.unicas.pe\/blog\/wp-content\/uploads\/2014\/04\/foro-anual-empresarias1-648x431.jpg 648w, https:\/\/www.unicas.pe\/blog\/wp-content\/uploads\/2014\/04\/foro-anual-empresarias1-633x420.jpg 633w\" sizes=\"(max-width: 650px) 100vw, 650px\" \/><\/p>\n<p>Este importante evento est\u00e1 orientado a capacitar a las empresas grandes, peque\u00f1as, o medianas, lideradas por mujeres. Ellas adquirir\u00e1n un mayor conocimiento sobre las redes mucho m\u00e1s amplias y de esta manera, incrementen las oportunidades de tener \u00e9xito en cadenas de valor globalizadas.<\/p>\n<p><img class=\" size-full wp-image-5098\" style=\"display: block; margin-left: auto; margin-right: auto;\" title=\"Mujer Profesional: III Foro Anual para empresarias del Per\u00fa \" src=\"http:\/\/209.133.219.102\/~newunicas\/blog\/wp-content\/uploads\/2014\/04\/foro-anual-empresarias2.jpg\" alt=\"Mujer Profesional: III Foro Anual para empresarias del Per\u00fa\" width=\"600\" srcset=\"https:\/\/www.unicas.pe\/blog\/wp-content\/uploads\/2014\/04\/foro-anual-empresarias2.jpg 650w, https:\/\/www.unicas.pe\/blog\/wp-content\/uploads\/2014\/04\/foro-anual-empresarias2-300x200.jpg 300w, https:\/\/www.unicas.pe\/blog\/wp-content\/uploads\/2014\/04\/foro-anual-empresarias2-648x433.jpg 648w, https:\/\/www.unicas.pe\/blog\/wp-content\/uploads\/2014\/04\/foro-anual-empresarias2-630x420.jpg 630w\" sizes=\"(max-width: 650px) 100vw, 650px\" \/><\/p>\n<p>Cabe resaltar que WeConnect International certifica \u00a0aquellas empresas que tengan como pilares a las mujeres profesionales. Asimismo orientan en el \u00e1mbito de la educaci\u00f3n y entrenamiento competitivo. Estos conocimientos permitir\u00e1n que las empresarias puedan aumentar las oportunidades laborales, maximizando su potencial para los negocios y puedan acceder a formar parte de los proveedores de las diversas corporaciones con las que trabaja WeConnect.<\/p>\n<p><img class=\" size-full wp-image-5099\" style=\"display: block; margin-left: auto; margin-right: auto;\" title=\"Mujer Profesional: III Foro Anual para empresarias del Per\u00fa \" src=\"http:\/\/209.133.219.102\/~newunicas\/blog\/wp-content\/uploads\/2014\/04\/foro-anual-empresarias3.jpg\" alt=\"Mujer Profesional: III Foro Anual para empresarias del Per\u00fa\" width=\"600\" srcset=\"https:\/\/www.unicas.pe\/blog\/wp-content\/uploads\/2014\/04\/foro-anual-empresarias3.jpg 650w, https:\/\/www.unicas.pe\/blog\/wp-content\/uploads\/2014\/04\/foro-anual-empresarias3-300x264.jpg 300w, https:\/\/www.unicas.pe\/blog\/wp-content\/uploads\/2014\/04\/foro-anual-empresarias3-476x420.jpg 476w\" sizes=\"(max-width: 650px) 100vw, 650px\" \/><\/p>\n","protected":false},"excerpt":{"rendered":"<p>Con la finalidad de perfeccionar las capacidades empresariales, WeConnect International, organiza un foro para las \u00a0mujeres profesionales.<\/p>\n","protected":false},"author":1,"featured_media":5097,"comment_status":"closed","ping_status":"open","sticky":false,"template":"","format":"standard","meta":[],"categories":[41],"tags":[6184,6176,6183,6178,6179,6177,6172,6171,6180,6181,6185,686,6174,6173,6175,6182,6170],"yoast_head":"<!-- This site is optimized with the Yoast SEO plugin v16.0.2 - https:\/\/yoast.com\/wordpress\/plugins\/seo\/ -->\n<link rel=\"canonical\" href=\"https:\/\/www.unicas.pe\/blog\/mujer-profesional-foro-anual-empresarias\/\" \/>\n<meta property=\"og:locale\" content=\"es_ES\" \/>\n<meta property=\"og:type\" content=\"article\" \/>\n<meta property=\"og:title\" content=\"Mujer Profesional: III Foro Anual para empresarias del Per\u00fa - Unicas\" \/>\n<meta property=\"og:description\" content=\"Con la finalidad de perfeccionar las capacidades empresariales, WeConnect International, organiza un foro para las \u00a0mujeres profesionales.\" \/>\n<meta property=\"og:url\" content=\"https:\/\/www.unicas.pe\/blog\/mujer-profesional-foro-anual-empresarias\/\" \/>\n<meta property=\"og:site_name\" content=\"Unicas\" \/>\n<meta property=\"article:published_time\" content=\"2014-04-05T02:33:06+00:00\" \/>\n<meta property=\"article:modified_time\" content=\"2019-01-11T02:34:15+00:00\" \/>\n<meta property=\"og:image\" content=\"https:\/\/www.unicas.pe\/blog\/wp-content\/uploads\/2014\/04\/foro-anual-empresarias1.jpg\" \/>\n\t<meta property=\"og:image:width\" content=\"650\" \/>\n\t<meta property=\"og:image:height\" content=\"431\" \/>\n<meta name=\"twitter:card\" content=\"summary_large_image\" \/>\n<meta name=\"twitter:label1\" content=\"Tiempo de lectura\">\n\t<meta name=\"twitter:data1\" content=\"1 minuto\">\n<script type=\"application\/ld+json\" class=\"yoast-schema-graph\">{\"@context\":\"https:\/\/schema.org\",\"@graph\":[{\"@type\":\"WebSite\",\"@id\":\"https:\/\/www.unicas.pe\/blog\/#website\",\"url\":\"https:\/\/www.unicas.pe\/blog\/\",\"name\":\"Unicas\",\"description\":\"Blog sobre belleza, maquillaje, moda, y mucho m\\u00e1s.\",\"potentialAction\":[{\"@type\":\"SearchAction\",\"target\":\"https:\/\/www.unicas.pe\/blog\/?s={search_term_string}\",\"query-input\":\"required name=search_term_string\"}],\"inLanguage\":\"es\"},{\"@type\":\"ImageObject\",\"@id\":\"https:\/\/www.unicas.pe\/blog\/mujer-profesional-foro-anual-empresarias\/#primaryimage\",\"inLanguage\":\"es\",\"url\":\"https:\/\/www.unicas.pe\/blog\/wp-content\/uploads\/2014\/04\/foro-anual-empresarias1.jpg\",\"width\":650,\"height\":431,\"caption\":\"Mujer Profesional: III Foro Anual para empresarias del Per\\u00fa\"},{\"@type\":\"WebPage\",\"@id\":\"https:\/\/www.unicas.pe\/blog\/mujer-profesional-foro-anual-empresarias\/#webpage\",\"url\":\"https:\/\/www.unicas.pe\/blog\/mujer-profesional-foro-anual-empresarias\/\",\"name\":\"Mujer Profesional: III Foro Anual para empresarias del Per\\u00fa - Unicas\",\"isPartOf\":{\"@id\":\"https:\/\/www.unicas.pe\/blog\/#website\"},\"primaryImageOfPage\":{\"@id\":\"https:\/\/www.unicas.pe\/blog\/mujer-profesional-foro-anual-empresarias\/#primaryimage\"},\"datePublished\":\"2014-04-05T02:33:06+00:00\",\"dateModified\":\"2019-01-11T02:34:15+00:00\",\"author\":{\"@id\":\"https:\/\/www.unicas.pe\/blog\/#\/schema\/person\/60053f595c6d0f3f11ed52a01c961cdb\"},\"breadcrumb\":{\"@id\":\"https:\/\/www.unicas.pe\/blog\/mujer-profesional-foro-anual-empresarias\/#breadcrumb\"},\"inLanguage\":\"es\",\"potentialAction\":[{\"@type\":\"ReadAction\",\"target\":[\"https:\/\/www.unicas.pe\/blog\/mujer-profesional-foro-anual-empresarias\/\"]}]},{\"@type\":\"BreadcrumbList\",\"@id\":\"https:\/\/www.unicas.pe\/blog\/mujer-profesional-foro-anual-empresarias\/#breadcrumb\",\"itemListElement\":[{\"@type\":\"ListItem\",\"position\":1,\"item\":{\"@type\":\"WebPage\",\"@id\":\"https:\/\/www.unicas.pe\/blog\/\",\"url\":\"https:\/\/www.unicas.pe\/blog\/\",\"name\":\"Portada\"}},{\"@type\":\"ListItem\",\"position\":2,\"item\":{\"@type\":\"WebPage\",\"@id\":\"https:\/\/www.unicas.pe\/blog\/mujer-profesional-foro-anual-empresarias\/\",\"url\":\"https:\/\/www.unicas.pe\/blog\/mujer-profesional-foro-anual-empresarias\/\",\"name\":\"Mujer Profesional: III Foro Anual para empresarias del Per\\u00fa\"}}]},{\"@type\":\"Person\",\"@id\":\"https:\/\/www.unicas.pe\/blog\/#\/schema\/person\/60053f595c6d0f3f11ed52a01c961cdb\",\"name\":\"Katty Gora\",\"image\":{\"@type\":\"ImageObject\",\"@id\":\"https:\/\/www.unicas.pe\/blog\/#personlogo\",\"inLanguage\":\"es\",\"url\":\"https:\/\/www.unicas.pe\/blog\/wp-content\/uploads\/2019\/01\/168392_1786370415133_366102_n-150x150.jpg\",\"caption\":\"Katty Gora\"},\"description\":\"Katty is a passionate blogger, diving into different subjects like fashion, trends, styles and news and more. Discover the great insight of a true quality blogger!\"}]}<\/script>\n<!-- \/ Yoast SEO plugin. -->","_links":{"self":[{"href":"https:\/\/www.unicas.pe\/blog\/wp-json\/wp\/v2\/posts\/5100"}],"collection":[{"href":"https:\/\/www.unicas.pe\/blog\/wp-json\/wp\/v2\/posts"}],"about":[{"href":"https:\/\/www.unicas.pe\/blog\/wp-json\/wp\/v2\/types\/post"}],"author":[{"embeddable":true,"href":"https:\/\/www.unicas.pe\/blog\/wp-json\/wp\/v2\/users\/1"}],"replies":[{"embeddable":true,"href":"https:\/\/www.unicas.pe\/blog\/wp-json\/wp\/v2\/comments?post=5100"}],"version-history":[{"count":1,"href":"https:\/\/www.unicas.pe\/blog\/wp-json\/wp\/v2\/posts\/5100\/revisions"}],"predecessor-version":[{"id":10452,"href":"https:\/\/www.unicas.pe\/blog\/wp-json\/wp\/v2\/posts\/5100\/revisions\/10452"}],"wp:featuredmedia":[{"embeddable":true,"href":"https:\/\/www.unicas.pe\/blog\/wp-json\/wp\/v2\/media\/5097"}],"wp:attachment":[{"href":"https:\/\/www.unicas.pe\/blog\/wp-json\/wp\/v2\/media?parent=5100"}],"wp:term":[{"taxonomy":"category","embeddable":true,"href":"https:\/\/www.unicas.pe\/blog\/wp-json\/wp\/v2\/categories?post=5100"},{"taxonomy":"post_tag","embeddable":true,"href":"https:\/\/www.unicas.pe\/blog\/wp-json\/wp\/v2\/tags?post=5100"}],"curies":[{"name":"wp","href":"https:\/\/api.w.org\/{rel}","templated":true}]}}