{"id":5112,"date":"2014-04-04T21:58:41","date_gmt":"2014-04-05T02:58:41","guid":{"rendered":"http:\/\/209.133.219.102\/~newunicas\/blog\/2014\/04\/04\/esika-auspiciador-moda-lifweek\/"},"modified":"2019-01-10T21:34:15","modified_gmt":"2019-01-11T02:34:15","slug":"esika-auspiciador-moda-lifweek","status":"publish","type":"post","link":"https:\/\/www.unicas.pe\/blog\/esika-auspiciador-moda-lifweek\/","title":{"rendered":"\u00c9sika auspiciador oficial de destacados dise\u00f1adores peruanos"},"content":{"rendered":"<p>La marca l\u00edder de belleza, \u00c9sika, es el auspiciador oficial de Jorge Luis Salinas, Sitka Semsch y Claudia Jim\u00e9nez, para la Semana de la Moda en Lima.<\/p>\n<p>  <!--more-->  <\/p>\n<p>\u00c9sika apoya la moda peruana. La marca l\u00edder de belleza, se hizo presente en los talleres de exhibici\u00f3n de los destacados dise\u00f1adores, Jorge Luis Salinas, Sitka Semsch y Claudia Jim\u00e9nez. Esto como antesala de lo que se presenta en la semana de la moda en Lima.\u00a0<\/p>\n<p><img class=\" size-full wp-image-5108\" style=\"display: block; margin-left: auto; margin-right: auto;\" title=\"\u00c9sika auspiciador oficial de destacados dise\u00f1adores peruanos\" src=\"http:\/\/209.133.219.102\/~newunicas\/blog\/wp-content\/uploads\/2014\/04\/esika-auspiciador1.jpg\" alt=\"\u00c9sika auspiciador oficial de destacados dise\u00f1adores peruanos\" width=\"600\" srcset=\"https:\/\/www.unicas.pe\/blog\/wp-content\/uploads\/2014\/04\/esika-auspiciador1.jpg 650w, https:\/\/www.unicas.pe\/blog\/wp-content\/uploads\/2014\/04\/esika-auspiciador1-300x270.jpg 300w, https:\/\/www.unicas.pe\/blog\/wp-content\/uploads\/2014\/04\/esika-auspiciador1-467x420.jpg 467w\" sizes=\"(max-width: 650px) 100vw, 650px\" \/><\/p>\n<p>Antes de que se d\u00e9 inicio al \u00a0LIF Week 2014, los asistentes pudieron disfrutar en exclusiva la colecci\u00f3n de Jorge Salinas, de alta gama \u00a0\u201cCirco\u201d, la cual ha sido fabricada solo para el evento de moda m\u00e1s esperado a nivel nacional. Sitka Semsch mostr\u00f3 su colecci\u00f3n, que consta de vestidos cortos y largos, pantalones, blusas, tops y chaquetas, todo presentado con botines chatos, logrando as\u00ed un look m\u00e1s urbano. Los colores que predominan van desde el negro, plata, ocre, coral y arena.<\/p>\n<p><img class=\" size-full wp-image-5109\" style=\"display: block; margin-left: auto; margin-right: auto;\" title=\"\u00c9sika auspiciador oficial de destacados dise\u00f1adores peruanos\" src=\"http:\/\/209.133.219.102\/~newunicas\/blog\/wp-content\/uploads\/2014\/04\/esika-auspiciador2.jpg\" alt=\"\u00c9sika auspiciador oficial de destacados dise\u00f1adores peruanos\" width=\"600\" srcset=\"https:\/\/www.unicas.pe\/blog\/wp-content\/uploads\/2014\/04\/esika-auspiciador2.jpg 650w, https:\/\/www.unicas.pe\/blog\/wp-content\/uploads\/2014\/04\/esika-auspiciador2-300x159.jpg 300w, https:\/\/www.unicas.pe\/blog\/wp-content\/uploads\/2014\/04\/esika-auspiciador2-648x345.jpg 648w\" sizes=\"(max-width: 650px) 100vw, 650px\" \/><\/p>\n<p><img class=\" size-full wp-image-5110\" style=\"display: block; margin-left: auto; margin-right: auto;\" title=\"\u00c9sika auspiciador oficial de destacados dise\u00f1adores peruanos\" src=\"http:\/\/209.133.219.102\/~newunicas\/blog\/wp-content\/uploads\/2014\/04\/esika-auspiciador3.jpg\" alt=\"\u00c9sika auspiciador oficial de destacados dise\u00f1adores peruanos\" width=\"600\" srcset=\"https:\/\/www.unicas.pe\/blog\/wp-content\/uploads\/2014\/04\/esika-auspiciador3.jpg 650w, https:\/\/www.unicas.pe\/blog\/wp-content\/uploads\/2014\/04\/esika-auspiciador3-300x168.jpg 300w, https:\/\/www.unicas.pe\/blog\/wp-content\/uploads\/2014\/04\/esika-auspiciador3-648x363.jpg 648w\" sizes=\"(max-width: 650px) 100vw, 650px\" \/><\/p>\n<p>Claudia Jim\u00e9nez, \u00a0por su parte, exhibi\u00f3 su colecci\u00f3n donde predominan fibras naturales, mucha seda en todas sus variantes, organza, gasa, sat\u00e9n, micado y tull. La paleta de colores compuesto por tonos que est\u00e1n de moda para esta temporada; diferente tonos de rojos, malvas, ciruela, mucho azul, platas, todo acompa\u00f1ado de negro y pedrer\u00eda. Cabe indicar que \u00c9sika estuvo a cargo del maquillaje de los talleres, y present\u00f3 su nueva tendencia Oto\u00f1o-Invierno 2014 para resaltar las prendas de los destacados dise\u00f1adores.<\/p>\n<p><img class=\" size-full wp-image-5111\" style=\"display: block; margin-left: auto; margin-right: auto;\" title=\"\u00c9sika auspiciador oficial de destacados dise\u00f1adores peruanos\" src=\"http:\/\/209.133.219.102\/~newunicas\/blog\/wp-content\/uploads\/2014\/04\/esika-auspiciador4.jpg\" alt=\"\u00c9sika auspiciador oficial de destacados dise\u00f1adores peruanos\" width=\"600\" srcset=\"https:\/\/www.unicas.pe\/blog\/wp-content\/uploads\/2014\/04\/esika-auspiciador4.jpg 650w, https:\/\/www.unicas.pe\/blog\/wp-content\/uploads\/2014\/04\/esika-auspiciador4-300x202.jpg 300w, https:\/\/www.unicas.pe\/blog\/wp-content\/uploads\/2014\/04\/esika-auspiciador4-648x438.jpg 648w, https:\/\/www.unicas.pe\/blog\/wp-content\/uploads\/2014\/04\/esika-auspiciador4-623x420.jpg 623w\" sizes=\"(max-width: 650px) 100vw, 650px\" \/><\/p>\n","protected":false},"excerpt":{"rendered":"<p>La marca l\u00edder de belleza, \u00c9sika, es el auspiciador oficial de Jorge Luis Salinas, Sitka Semsch y Claudia Jim\u00e9nez, para la Semana de la Moda en Lima.<\/p>\n","protected":false},"author":1,"featured_media":5108,"comment_status":"closed","ping_status":"open","sticky":false,"template":"","format":"standard","meta":[],"categories":[26],"tags":[6190,103,2198,2116,1862,5981,2000,6191,108,6000,82,3281,686,2391,6105,2139,6192,933,5303],"yoast_head":"<!-- This site is optimized with the Yoast SEO plugin v16.0.2 - https:\/\/yoast.com\/wordpress\/plugins\/seo\/ -->\n<link rel=\"canonical\" href=\"https:\/\/www.unicas.pe\/blog\/esika-auspiciador-moda-lifweek\/\" \/>\n<meta property=\"og:locale\" content=\"es_ES\" \/>\n<meta property=\"og:type\" content=\"article\" \/>\n<meta property=\"og:title\" content=\"\u00c9sika auspiciador oficial de destacados dise\u00f1adores peruanos - Unicas\" \/>\n<meta property=\"og:description\" content=\"La marca l\u00edder de belleza, \u00c9sika, es el auspiciador oficial de Jorge Luis Salinas, Sitka Semsch y Claudia Jim\u00e9nez, para la Semana de la Moda en Lima.\" \/>\n<meta property=\"og:url\" content=\"https:\/\/www.unicas.pe\/blog\/esika-auspiciador-moda-lifweek\/\" \/>\n<meta property=\"og:site_name\" content=\"Unicas\" \/>\n<meta property=\"article:published_time\" content=\"2014-04-05T02:58:41+00:00\" \/>\n<meta property=\"article:modified_time\" content=\"2019-01-11T02:34:15+00:00\" \/>\n<meta property=\"og:image\" content=\"https:\/\/www.unicas.pe\/blog\/wp-content\/uploads\/2014\/04\/esika-auspiciador1.jpg\" \/>\n\t<meta property=\"og:image:width\" content=\"650\" \/>\n\t<meta property=\"og:image:height\" content=\"585\" \/>\n<meta name=\"twitter:card\" content=\"summary_large_image\" \/>\n<meta name=\"twitter:label1\" content=\"Tiempo de lectura\">\n\t<meta name=\"twitter:data1\" content=\"1 minuto\">\n<script type=\"application\/ld+json\" class=\"yoast-schema-graph\">{\"@context\":\"https:\/\/schema.org\",\"@graph\":[{\"@type\":\"WebSite\",\"@id\":\"https:\/\/www.unicas.pe\/blog\/#website\",\"url\":\"https:\/\/www.unicas.pe\/blog\/\",\"name\":\"Unicas\",\"description\":\"Blog sobre belleza, maquillaje, moda, y mucho m\\u00e1s.\",\"potentialAction\":[{\"@type\":\"SearchAction\",\"target\":\"https:\/\/www.unicas.pe\/blog\/?s={search_term_string}\",\"query-input\":\"required name=search_term_string\"}],\"inLanguage\":\"es\"},{\"@type\":\"ImageObject\",\"@id\":\"https:\/\/www.unicas.pe\/blog\/esika-auspiciador-moda-lifweek\/#primaryimage\",\"inLanguage\":\"es\",\"url\":\"https:\/\/www.unicas.pe\/blog\/wp-content\/uploads\/2014\/04\/esika-auspiciador1.jpg\",\"width\":650,\"height\":585,\"caption\":\"\\u00c9sika auspiciador oficial de destacados dise\\u00f1adores peruanos\"},{\"@type\":\"WebPage\",\"@id\":\"https:\/\/www.unicas.pe\/blog\/esika-auspiciador-moda-lifweek\/#webpage\",\"url\":\"https:\/\/www.unicas.pe\/blog\/esika-auspiciador-moda-lifweek\/\",\"name\":\"\\u00c9sika auspiciador oficial de destacados dise\\u00f1adores peruanos - Unicas\",\"isPartOf\":{\"@id\":\"https:\/\/www.unicas.pe\/blog\/#website\"},\"primaryImageOfPage\":{\"@id\":\"https:\/\/www.unicas.pe\/blog\/esika-auspiciador-moda-lifweek\/#primaryimage\"},\"datePublished\":\"2014-04-05T02:58:41+00:00\",\"dateModified\":\"2019-01-11T02:34:15+00:00\",\"author\":{\"@id\":\"https:\/\/www.unicas.pe\/blog\/#\/schema\/person\/60053f595c6d0f3f11ed52a01c961cdb\"},\"breadcrumb\":{\"@id\":\"https:\/\/www.unicas.pe\/blog\/esika-auspiciador-moda-lifweek\/#breadcrumb\"},\"inLanguage\":\"es\",\"potentialAction\":[{\"@type\":\"ReadAction\",\"target\":[\"https:\/\/www.unicas.pe\/blog\/esika-auspiciador-moda-lifweek\/\"]}]},{\"@type\":\"BreadcrumbList\",\"@id\":\"https:\/\/www.unicas.pe\/blog\/esika-auspiciador-moda-lifweek\/#breadcrumb\",\"itemListElement\":[{\"@type\":\"ListItem\",\"position\":1,\"item\":{\"@type\":\"WebPage\",\"@id\":\"https:\/\/www.unicas.pe\/blog\/\",\"url\":\"https:\/\/www.unicas.pe\/blog\/\",\"name\":\"Portada\"}},{\"@type\":\"ListItem\",\"position\":2,\"item\":{\"@type\":\"WebPage\",\"@id\":\"https:\/\/www.unicas.pe\/blog\/esika-auspiciador-moda-lifweek\/\",\"url\":\"https:\/\/www.unicas.pe\/blog\/esika-auspiciador-moda-lifweek\/\",\"name\":\"\\u00c9sika auspiciador oficial de destacados dise\\u00f1adores peruanos\"}}]},{\"@type\":\"Person\",\"@id\":\"https:\/\/www.unicas.pe\/blog\/#\/schema\/person\/60053f595c6d0f3f11ed52a01c961cdb\",\"name\":\"Katty Gora\",\"image\":{\"@type\":\"ImageObject\",\"@id\":\"https:\/\/www.unicas.pe\/blog\/#personlogo\",\"inLanguage\":\"es\",\"url\":\"https:\/\/www.unicas.pe\/blog\/wp-content\/uploads\/2019\/01\/168392_1786370415133_366102_n-150x150.jpg\",\"caption\":\"Katty Gora\"},\"description\":\"Katty is a passionate blogger, diving into different subjects like fashion, trends, styles and news and more. Discover the great insight of a true quality blogger!\"}]}<\/script>\n<!-- \/ Yoast SEO plugin. -->","_links":{"self":[{"href":"https:\/\/www.unicas.pe\/blog\/wp-json\/wp\/v2\/posts\/5112"}],"collection":[{"href":"https:\/\/www.unicas.pe\/blog\/wp-json\/wp\/v2\/posts"}],"about":[{"href":"https:\/\/www.unicas.pe\/blog\/wp-json\/wp\/v2\/types\/post"}],"author":[{"embeddable":true,"href":"https:\/\/www.unicas.pe\/blog\/wp-json\/wp\/v2\/users\/1"}],"replies":[{"embeddable":true,"href":"https:\/\/www.unicas.pe\/blog\/wp-json\/wp\/v2\/comments?post=5112"}],"version-history":[{"count":1,"href":"https:\/\/www.unicas.pe\/blog\/wp-json\/wp\/v2\/posts\/5112\/revisions"}],"predecessor-version":[{"id":10450,"href":"https:\/\/www.unicas.pe\/blog\/wp-json\/wp\/v2\/posts\/5112\/revisions\/10450"}],"wp:featuredmedia":[{"embeddable":true,"href":"https:\/\/www.unicas.pe\/blog\/wp-json\/wp\/v2\/media\/5108"}],"wp:attachment":[{"href":"https:\/\/www.unicas.pe\/blog\/wp-json\/wp\/v2\/media?parent=5112"}],"wp:term":[{"taxonomy":"category","embeddable":true,"href":"https:\/\/www.unicas.pe\/blog\/wp-json\/wp\/v2\/categories?post=5112"},{"taxonomy":"post_tag","embeddable":true,"href":"https:\/\/www.unicas.pe\/blog\/wp-json\/wp\/v2\/tags?post=5112"}],"curies":[{"name":"wp","href":"https:\/\/api.w.org\/{rel}","templated":true}]}}