{"id":5304,"date":"2014-04-14T21:32:45","date_gmt":"2014-04-15T02:32:45","guid":{"rendered":"http:\/\/209.133.219.102\/~newunicas\/blog\/2014\/04\/14\/anahi-de-cardenas-concierto\/"},"modified":"2019-01-10T21:34:13","modified_gmt":"2019-01-11T02:34:13","slug":"anahi-de-cardenas-concierto","status":"publish","type":"post","link":"https:\/\/www.unicas.pe\/blog\/anahi-de-cardenas-concierto\/","title":{"rendered":"Anah\u00ed de C\u00e1rdenas realiz\u00f3 concierto en Barranco"},"content":{"rendered":"<p>Anah\u00ed de C\u00e1rdenas present\u00f3 su nueva producci\u00f3n discogr\u00e1fica \u00abWho\u2019s that girl?\u201d realizado en la noche de Barranco. Este evento fue \u00a0auspiciado por Cyzone.\u00a0<\/p>\n<p>  <!--more-->  <\/p>\n<p>La bella Anah\u00ed de C\u00e1rdenas, fue aplaudida por cientos de fans, el pasado 10 de abril, al presentar un concierto de su \u00faltima producci\u00f3n. El evento fue realizado \u201cLa Noche de Barranco\u201d, donde la cantante deleit\u00f3 a todos los asistentes con todos los temas de su CD debut, Who\u00b4s that Girl y algunos covers.<\/p>\n<p><img class=\" size-full wp-image-5299\" style=\"display: block; margin-left: auto; margin-right: auto;\" title=\"Anah\u00ed de C\u00e1rdenas realiz\u00f3 concierto en Barranco\" src=\"http:\/\/209.133.219.102\/~newunicas\/blog\/wp-content\/uploads\/2014\/04\/anahi-de-cardenas-concierto1.jpg\" alt=\"Anah\u00ed de C\u00e1rdenas realiz\u00f3 concierto en Barranco\" width=\"600\" srcset=\"https:\/\/www.unicas.pe\/blog\/wp-content\/uploads\/2014\/04\/anahi-de-cardenas-concierto1.jpg 650w, https:\/\/www.unicas.pe\/blog\/wp-content\/uploads\/2014\/04\/anahi-de-cardenas-concierto1-225x300.jpg 225w, https:\/\/www.unicas.pe\/blog\/wp-content\/uploads\/2014\/04\/anahi-de-cardenas-concierto1-315x420.jpg 315w, https:\/\/www.unicas.pe\/blog\/wp-content\/uploads\/2014\/04\/anahi-de-cardenas-concierto1-630x840.jpg 630w\" sizes=\"(max-width: 650px) 100vw, 650px\" \/><\/p>\n<p>Antes de su presentaci\u00f3n, Anah\u00ed fue maquillada por la exclusiva marca de belleza, Cyzone, quien actualmente la auspicia en sus eventos. La talentosa cantante, dio unos minutos a la prensa para contar sobre las sorpresas que tiene este nuevo \u00e1lbum y sus pr\u00f3ximas presentaciones.\u00a0<\/p>\n<p><img class=\" size-full wp-image-5300\" style=\"display: block; margin-left: auto; margin-right: auto;\" title=\"Anah\u00ed de C\u00e1rdenas realiz\u00f3 concierto en Barranco\" src=\"http:\/\/209.133.219.102\/~newunicas\/blog\/wp-content\/uploads\/2014\/04\/anahi-de-cardenas-concierto2.jpg\" alt=\"Anah\u00ed de C\u00e1rdenas realiz\u00f3 concierto en Barranco\" width=\"600\" srcset=\"https:\/\/www.unicas.pe\/blog\/wp-content\/uploads\/2014\/04\/anahi-de-cardenas-concierto2.jpg 650w, https:\/\/www.unicas.pe\/blog\/wp-content\/uploads\/2014\/04\/anahi-de-cardenas-concierto2-200x300.jpg 200w, https:\/\/www.unicas.pe\/blog\/wp-content\/uploads\/2014\/04\/anahi-de-cardenas-concierto2-280x420.jpg 280w, https:\/\/www.unicas.pe\/blog\/wp-content\/uploads\/2014\/04\/anahi-de-cardenas-concierto2-560x840.jpg 560w\" sizes=\"(max-width: 650px) 100vw, 650px\" \/><\/p>\n<p><img class=\" size-full wp-image-5301\" style=\"display: block; margin-left: auto; margin-right: auto;\" title=\"Anah\u00ed de C\u00e1rdenas realiz\u00f3 concierto en Barranco\" src=\"http:\/\/209.133.219.102\/~newunicas\/blog\/wp-content\/uploads\/2014\/04\/anahi-de-cardenas-concierto3.jpg\" alt=\"Anah\u00ed de C\u00e1rdenas realiz\u00f3 concierto en Barranco\" width=\"600\" srcset=\"https:\/\/www.unicas.pe\/blog\/wp-content\/uploads\/2014\/04\/anahi-de-cardenas-concierto3.jpg 650w, https:\/\/www.unicas.pe\/blog\/wp-content\/uploads\/2014\/04\/anahi-de-cardenas-concierto3-300x200.jpg 300w, https:\/\/www.unicas.pe\/blog\/wp-content\/uploads\/2014\/04\/anahi-de-cardenas-concierto3-648x433.jpg 648w, https:\/\/www.unicas.pe\/blog\/wp-content\/uploads\/2014\/04\/anahi-de-cardenas-concierto3-630x420.jpg 630w\" sizes=\"(max-width: 650px) 100vw, 650px\" \/><\/p>\n<p>Entre las canciones que present\u00f3, est\u00e1 el tema \u201cGemini\u201d, dirigido por Rodrigo Moreno, el cual estuvo en programaci\u00f3n de MTV y el nuevo tema \u201cDistancia\u201d que pronto ser\u00e1 lanzado y es dirigido por Santiago Zapata.\u00a0<\/p>\n<p><img class=\" size-full wp-image-5302\" style=\"display: block; margin-left: auto; margin-right: auto;\" title=\"Anah\u00ed de C\u00e1rdenas realiz\u00f3 concierto en Barranco\" src=\"http:\/\/209.133.219.102\/~newunicas\/blog\/wp-content\/uploads\/2014\/04\/anahi-de-cardenas-concierto4.jpg\" alt=\"Anah\u00ed de C\u00e1rdenas realiz\u00f3 concierto en Barranco\" width=\"600\" srcset=\"https:\/\/www.unicas.pe\/blog\/wp-content\/uploads\/2014\/04\/anahi-de-cardenas-concierto4.jpg 650w, https:\/\/www.unicas.pe\/blog\/wp-content\/uploads\/2014\/04\/anahi-de-cardenas-concierto4-300x253.jpg 300w, https:\/\/www.unicas.pe\/blog\/wp-content\/uploads\/2014\/04\/anahi-de-cardenas-concierto4-497x420.jpg 497w\" sizes=\"(max-width: 650px) 100vw, 650px\" \/><\/p>\n<p>El concierto se abri\u00f3 con la talentosa Bettine Solf, quien tambi\u00e9n deleit\u00f3 con sus mejores interpretaciones. En el evento auspiciado por Cyzone la guapa modelo mostr\u00f3 su agradecimiento con el p\u00fablico por la acogida del disco.<\/p>\n<p><img class=\" size-full wp-image-5303\" style=\"display: block; margin-left: auto; margin-right: auto;\" title=\"Anah\u00ed de C\u00e1rdenas realiz\u00f3 concierto en Barranco\" src=\"http:\/\/209.133.219.102\/~newunicas\/blog\/wp-content\/uploads\/2014\/04\/anahi-de-cardenas-concierto5.jpg\" alt=\"Anah\u00ed de C\u00e1rdenas realiz\u00f3 concierto en Barranco\" width=\"600\" srcset=\"https:\/\/www.unicas.pe\/blog\/wp-content\/uploads\/2014\/04\/anahi-de-cardenas-concierto5.jpg 650w, https:\/\/www.unicas.pe\/blog\/wp-content\/uploads\/2014\/04\/anahi-de-cardenas-concierto5-300x251.jpg 300w, https:\/\/www.unicas.pe\/blog\/wp-content\/uploads\/2014\/04\/anahi-de-cardenas-concierto5-503x420.jpg 503w\" sizes=\"(max-width: 650px) 100vw, 650px\" \/><\/p>\n","protected":false},"excerpt":{"rendered":"<p>Anah\u00ed de C\u00e1rdenas present\u00f3 su nueva producci\u00f3n discogr\u00e1fica \u00abWho\u2019s that girl?\u201d realizado en la noche de Barranco. Este evento fue \u00a0auspiciado por Cyzone.\u00a0<\/p>\n","protected":false},"author":1,"featured_media":5299,"comment_status":"closed","ping_status":"open","sticky":false,"template":"","format":"standard","meta":[],"categories":[33],"tags":[228,5145,319,6391,1134,6393,6395,5141,6389,6390,6392,6394],"yoast_head":"<!-- This site is optimized with the Yoast SEO plugin v16.0.2 - https:\/\/yoast.com\/wordpress\/plugins\/seo\/ -->\n<link rel=\"canonical\" href=\"https:\/\/www.unicas.pe\/blog\/anahi-de-cardenas-concierto\/\" \/>\n<meta property=\"og:locale\" content=\"es_ES\" \/>\n<meta property=\"og:type\" content=\"article\" \/>\n<meta property=\"og:title\" content=\"Anah\u00ed de C\u00e1rdenas realiz\u00f3 concierto en Barranco - Unicas\" \/>\n<meta property=\"og:description\" content=\"Anah\u00ed de C\u00e1rdenas present\u00f3 su nueva producci\u00f3n discogr\u00e1fica \u00abWho\u2019s that girl?\u201d realizado en la noche de Barranco. Este evento fue \u00a0auspiciado por Cyzone.\u00a0\" \/>\n<meta property=\"og:url\" content=\"https:\/\/www.unicas.pe\/blog\/anahi-de-cardenas-concierto\/\" \/>\n<meta property=\"og:site_name\" content=\"Unicas\" \/>\n<meta property=\"article:published_time\" content=\"2014-04-15T02:32:45+00:00\" \/>\n<meta property=\"article:modified_time\" content=\"2019-01-11T02:34:13+00:00\" \/>\n<meta property=\"og:image\" content=\"https:\/\/www.unicas.pe\/blog\/wp-content\/uploads\/2014\/04\/anahi-de-cardenas-concierto1.jpg\" \/>\n\t<meta property=\"og:image:width\" content=\"650\" \/>\n\t<meta property=\"og:image:height\" content=\"867\" \/>\n<meta name=\"twitter:card\" content=\"summary_large_image\" \/>\n<meta name=\"twitter:label1\" content=\"Tiempo de lectura\">\n\t<meta name=\"twitter:data1\" content=\"1 minuto\">\n<script type=\"application\/ld+json\" class=\"yoast-schema-graph\">{\"@context\":\"https:\/\/schema.org\",\"@graph\":[{\"@type\":\"WebSite\",\"@id\":\"https:\/\/www.unicas.pe\/blog\/#website\",\"url\":\"https:\/\/www.unicas.pe\/blog\/\",\"name\":\"Unicas\",\"description\":\"Blog sobre belleza, maquillaje, moda, y mucho m\\u00e1s.\",\"potentialAction\":[{\"@type\":\"SearchAction\",\"target\":\"https:\/\/www.unicas.pe\/blog\/?s={search_term_string}\",\"query-input\":\"required name=search_term_string\"}],\"inLanguage\":\"es\"},{\"@type\":\"ImageObject\",\"@id\":\"https:\/\/www.unicas.pe\/blog\/anahi-de-cardenas-concierto\/#primaryimage\",\"inLanguage\":\"es\",\"url\":\"https:\/\/www.unicas.pe\/blog\/wp-content\/uploads\/2014\/04\/anahi-de-cardenas-concierto1.jpg\",\"width\":650,\"height\":867,\"caption\":\"Anah\\u00ed de C\\u00e1rdenas realiz\\u00f3 concierto en Barranco\"},{\"@type\":\"WebPage\",\"@id\":\"https:\/\/www.unicas.pe\/blog\/anahi-de-cardenas-concierto\/#webpage\",\"url\":\"https:\/\/www.unicas.pe\/blog\/anahi-de-cardenas-concierto\/\",\"name\":\"Anah\\u00ed de C\\u00e1rdenas realiz\\u00f3 concierto en Barranco - Unicas\",\"isPartOf\":{\"@id\":\"https:\/\/www.unicas.pe\/blog\/#website\"},\"primaryImageOfPage\":{\"@id\":\"https:\/\/www.unicas.pe\/blog\/anahi-de-cardenas-concierto\/#primaryimage\"},\"datePublished\":\"2014-04-15T02:32:45+00:00\",\"dateModified\":\"2019-01-11T02:34:13+00:00\",\"author\":{\"@id\":\"https:\/\/www.unicas.pe\/blog\/#\/schema\/person\/60053f595c6d0f3f11ed52a01c961cdb\"},\"breadcrumb\":{\"@id\":\"https:\/\/www.unicas.pe\/blog\/anahi-de-cardenas-concierto\/#breadcrumb\"},\"inLanguage\":\"es\",\"potentialAction\":[{\"@type\":\"ReadAction\",\"target\":[\"https:\/\/www.unicas.pe\/blog\/anahi-de-cardenas-concierto\/\"]}]},{\"@type\":\"BreadcrumbList\",\"@id\":\"https:\/\/www.unicas.pe\/blog\/anahi-de-cardenas-concierto\/#breadcrumb\",\"itemListElement\":[{\"@type\":\"ListItem\",\"position\":1,\"item\":{\"@type\":\"WebPage\",\"@id\":\"https:\/\/www.unicas.pe\/blog\/\",\"url\":\"https:\/\/www.unicas.pe\/blog\/\",\"name\":\"Portada\"}},{\"@type\":\"ListItem\",\"position\":2,\"item\":{\"@type\":\"WebPage\",\"@id\":\"https:\/\/www.unicas.pe\/blog\/anahi-de-cardenas-concierto\/\",\"url\":\"https:\/\/www.unicas.pe\/blog\/anahi-de-cardenas-concierto\/\",\"name\":\"Anah\\u00ed de C\\u00e1rdenas realiz\\u00f3 concierto en Barranco\"}}]},{\"@type\":\"Person\",\"@id\":\"https:\/\/www.unicas.pe\/blog\/#\/schema\/person\/60053f595c6d0f3f11ed52a01c961cdb\",\"name\":\"Katty Gora\",\"image\":{\"@type\":\"ImageObject\",\"@id\":\"https:\/\/www.unicas.pe\/blog\/#personlogo\",\"inLanguage\":\"es\",\"url\":\"https:\/\/www.unicas.pe\/blog\/wp-content\/uploads\/2019\/01\/168392_1786370415133_366102_n-150x150.jpg\",\"caption\":\"Katty Gora\"},\"description\":\"Katty is a passionate blogger, diving into different subjects like fashion, trends, styles and news and more. Discover the great insight of a true quality blogger!\"}]}<\/script>\n<!-- \/ Yoast SEO plugin. -->","_links":{"self":[{"href":"https:\/\/www.unicas.pe\/blog\/wp-json\/wp\/v2\/posts\/5304"}],"collection":[{"href":"https:\/\/www.unicas.pe\/blog\/wp-json\/wp\/v2\/posts"}],"about":[{"href":"https:\/\/www.unicas.pe\/blog\/wp-json\/wp\/v2\/types\/post"}],"author":[{"embeddable":true,"href":"https:\/\/www.unicas.pe\/blog\/wp-json\/wp\/v2\/users\/1"}],"replies":[{"embeddable":true,"href":"https:\/\/www.unicas.pe\/blog\/wp-json\/wp\/v2\/comments?post=5304"}],"version-history":[{"count":1,"href":"https:\/\/www.unicas.pe\/blog\/wp-json\/wp\/v2\/posts\/5304\/revisions"}],"predecessor-version":[{"id":10420,"href":"https:\/\/www.unicas.pe\/blog\/wp-json\/wp\/v2\/posts\/5304\/revisions\/10420"}],"wp:featuredmedia":[{"embeddable":true,"href":"https:\/\/www.unicas.pe\/blog\/wp-json\/wp\/v2\/media\/5299"}],"wp:attachment":[{"href":"https:\/\/www.unicas.pe\/blog\/wp-json\/wp\/v2\/media?parent=5304"}],"wp:term":[{"taxonomy":"category","embeddable":true,"href":"https:\/\/www.unicas.pe\/blog\/wp-json\/wp\/v2\/categories?post=5304"},{"taxonomy":"post_tag","embeddable":true,"href":"https:\/\/www.unicas.pe\/blog\/wp-json\/wp\/v2\/tags?post=5304"}],"curies":[{"name":"wp","href":"https:\/\/api.w.org\/{rel}","templated":true}]}}