{"id":5546,"date":"2014-05-19T21:58:21","date_gmt":"2014-05-20T02:58:21","guid":{"rendered":"http:\/\/209.133.219.102\/~newunicas\/blog\/2014\/05\/19\/meche-correa-disenadora-peruana\/"},"modified":"2019-01-10T21:34:09","modified_gmt":"2019-01-11T02:34:09","slug":"meche-correa-disenadora-peruana","status":"publish","type":"post","link":"https:\/\/www.unicas.pe\/blog\/meche-correa-disenadora-peruana\/","title":{"rendered":"Meche Correa: Los colores de la moda peruana"},"content":{"rendered":"<p>La distinguida dise\u00f1adora peruana, <strong>Meche Correa<\/strong>, nos muestra lo mejor de su arte\u00a0inspirado en los m\u00e1s bellos lugares del Per\u00fa.<\/p>\n<p>  <!--more-->  <\/p>\n<p>\u201cExisto, porque existe el Per\u00fa\u201d, es as\u00ed como lo define, <strong>Meche Correa<\/strong>, todo el trabajo art\u00edstico que ha creado por amor, pasi\u00f3n y la fortuna de haber nacido en el Per\u00fa. La destacada dise\u00f1adora, convers\u00f3 con Unicas.pe sobre sus proyectos como artista.\u00a0<\/p>\n<p><img class=\" size-full wp-image-5539\" style=\"display: block; margin-left: auto; margin-right: auto;\" title=\"Meche Correa: Los colores de la moda peruana\" src=\"http:\/\/209.133.219.102\/~newunicas\/blog\/wp-content\/uploads\/2014\/05\/meche-correa-disenadora1.jpg\" alt=\"Meche Correa: Los colores de la moda peruana\" width=\"600\" srcset=\"https:\/\/www.unicas.pe\/blog\/wp-content\/uploads\/2014\/05\/meche-correa-disenadora1.jpg 650w, https:\/\/www.unicas.pe\/blog\/wp-content\/uploads\/2014\/05\/meche-correa-disenadora1-300x169.jpg 300w, https:\/\/www.unicas.pe\/blog\/wp-content\/uploads\/2014\/05\/meche-correa-disenadora1-648x366.jpg 648w\" sizes=\"(max-width: 650px) 100vw, 650px\" \/><\/p>\n<p>Las experiencias de mi ni\u00f1ez \u00a0y el amor de mi familia, fueron mis primeros pasos para ser artista. Nos cuenta, <strong>Meche Correa<\/strong>, muy emocionada, al recordar que siendo todav\u00eda muy joven compr\u00f3 telas para confeccionar su primera prenda. Al preguntarle por su principal inspiraci\u00f3n, la dise\u00f1adora se\u00f1al\u00f3: \u201cel Per\u00fa, sus paisajes, fiestas, cultura, colores\u201d. Esos colores vivos que expresan la riqueza de cada lugar que recorre y visita.\u00a0<\/p>\n<p><img class=\" size-full wp-image-5540\" style=\"display: block; margin-left: auto; margin-right: auto;\" title=\"Meche Correa: Los colores de la moda peruana\" src=\"http:\/\/209.133.219.102\/~newunicas\/blog\/wp-content\/uploads\/2014\/05\/meche-correa-disenadora2.jpg\" alt=\"Meche Correa: Los colores de la moda peruana\" width=\"600\" srcset=\"https:\/\/www.unicas.pe\/blog\/wp-content\/uploads\/2014\/05\/meche-correa-disenadora2.jpg 650w, https:\/\/www.unicas.pe\/blog\/wp-content\/uploads\/2014\/05\/meche-correa-disenadora2-300x169.jpg 300w, https:\/\/www.unicas.pe\/blog\/wp-content\/uploads\/2014\/05\/meche-correa-disenadora2-648x366.jpg 648w\" sizes=\"(max-width: 650px) 100vw, 650px\" \/><\/p>\n<p><img class=\" size-full wp-image-5541\" style=\"display: block; margin-left: auto; margin-right: auto;\" title=\"Meche Correa: Los colores de la moda peruana\" src=\"http:\/\/209.133.219.102\/~newunicas\/blog\/wp-content\/uploads\/2014\/05\/meche-correa-disenadora3.jpg\" alt=\"Meche Correa: Los colores de la moda peruana\" width=\"600\" srcset=\"https:\/\/www.unicas.pe\/blog\/wp-content\/uploads\/2014\/05\/meche-correa-disenadora3.jpg 650w, https:\/\/www.unicas.pe\/blog\/wp-content\/uploads\/2014\/05\/meche-correa-disenadora3-300x169.jpg 300w, https:\/\/www.unicas.pe\/blog\/wp-content\/uploads\/2014\/05\/meche-correa-disenadora3-648x366.jpg 648w\" sizes=\"(max-width: 650px) 100vw, 650px\" \/><\/p>\n<p>Con m\u00e1s de 15 a\u00f1os participando en el Per\u00fa Moda, la autodidacta y dise\u00f1adora, se siente muy feliz porque el Per\u00fa est\u00e1 en los ojos del mundo. \u201cHoy el Per\u00fa est\u00e1 de moda, siempre tuve fe, demor\u00f3, pero ahora el mundo ha comenzado a reconocer lo que siempre fue el Per\u00fa\u201d. \u00a0Meche Correa admira la creatividad de los peruanos, ya que ha permitido descubrir grandes emprendedores de todas las artes.\u00a0<\/p>\n<p><img class=\" size-full wp-image-5542\" style=\"display: block; margin-left: auto; margin-right: auto;\" title=\"Meche Correa: Los colores de la moda peruana\" src=\"http:\/\/209.133.219.102\/~newunicas\/blog\/wp-content\/uploads\/2014\/05\/meche-correa-disenadora4.jpg\" alt=\"Meche Correa: Los colores de la moda peruana\" width=\"600\" srcset=\"https:\/\/www.unicas.pe\/blog\/wp-content\/uploads\/2014\/05\/meche-correa-disenadora4.jpg 650w, https:\/\/www.unicas.pe\/blog\/wp-content\/uploads\/2014\/05\/meche-correa-disenadora4-300x169.jpg 300w, https:\/\/www.unicas.pe\/blog\/wp-content\/uploads\/2014\/05\/meche-correa-disenadora4-648x366.jpg 648w\" sizes=\"(max-width: 650px) 100vw, 650px\" \/><\/p>\n<p>Uno de los lugares que visita dos veces por semana, es el emporio de Gamarra. La dise\u00f1adora afirma que puede encontrar de todo en las grandes galer\u00edas. Adem\u00e1s obtienen sus insumos de diversas partes del pa\u00eds, donde le mandan el material que necesita para confeccionar y elaborar sus dise\u00f1os.<\/p>\n<p><img class=\" size-full wp-image-5543\" style=\"display: block; margin-left: auto; margin-right: auto;\" title=\"Meche Correa: Los colores de la moda peruana\" src=\"http:\/\/209.133.219.102\/~newunicas\/blog\/wp-content\/uploads\/2014\/05\/meche-correa-disenadora5.jpg\" alt=\"Meche Correa: Los colores de la moda peruana\" width=\"600\" srcset=\"https:\/\/www.unicas.pe\/blog\/wp-content\/uploads\/2014\/05\/meche-correa-disenadora5.jpg 650w, https:\/\/www.unicas.pe\/blog\/wp-content\/uploads\/2014\/05\/meche-correa-disenadora5-300x200.jpg 300w, https:\/\/www.unicas.pe\/blog\/wp-content\/uploads\/2014\/05\/meche-correa-disenadora5-648x434.jpg 648w, https:\/\/www.unicas.pe\/blog\/wp-content\/uploads\/2014\/05\/meche-correa-disenadora5-629x420.jpg 629w\" sizes=\"(max-width: 650px) 100vw, 650px\" \/><\/p>\n<p><img class=\" size-full wp-image-5544\" style=\"display: block; margin-left: auto; margin-right: auto;\" title=\"Meche Correa: Los colores de la moda peruana\" src=\"http:\/\/209.133.219.102\/~newunicas\/blog\/wp-content\/uploads\/2014\/05\/meche-correa-disenadora6.jpg\" alt=\"Meche Correa: Los colores de la moda peruana\" width=\"600\" srcset=\"https:\/\/www.unicas.pe\/blog\/wp-content\/uploads\/2014\/05\/meche-correa-disenadora6.jpg 650w, https:\/\/www.unicas.pe\/blog\/wp-content\/uploads\/2014\/05\/meche-correa-disenadora6-300x169.jpg 300w, https:\/\/www.unicas.pe\/blog\/wp-content\/uploads\/2014\/05\/meche-correa-disenadora6-648x366.jpg 648w\" sizes=\"(max-width: 650px) 100vw, 650px\" \/><\/p>\n<p>El principal reto \u00a0para Meche Correa es ahora llegar a todas partes, cultivando el alma del Per\u00fa. Para la dise\u00f1adora, llevar una prenda suya, es convertirse en mujeres \u00fanicas, porque llaman la atenci\u00f3n expresando lo que es el pa\u00eds. Ella desea que sus hijos y nietos le sigan sus pasos, y eso ya lo percibe dentro de su generaci\u00f3n.<\/p>\n<p>Nos despedimos de Meche Correa, quien ya se alista para viajar muy pronto a Chile, para participar en el evento de moda de la revista Paula.\u00a0<\/p>\n<p><img class=\" size-full wp-image-5545\" style=\"display: block; margin-left: auto; margin-right: auto;\" title=\"Meche Correa: Los colores de la moda peruana\" src=\"http:\/\/209.133.219.102\/~newunicas\/blog\/wp-content\/uploads\/2014\/05\/meche-correa-disenadora7.jpg\" alt=\"Meche Correa: Los colores de la moda peruana\" width=\"600\" srcset=\"https:\/\/www.unicas.pe\/blog\/wp-content\/uploads\/2014\/05\/meche-correa-disenadora7.jpg 650w, https:\/\/www.unicas.pe\/blog\/wp-content\/uploads\/2014\/05\/meche-correa-disenadora7-300x200.jpg 300w, https:\/\/www.unicas.pe\/blog\/wp-content\/uploads\/2014\/05\/meche-correa-disenadora7-648x434.jpg 648w, https:\/\/www.unicas.pe\/blog\/wp-content\/uploads\/2014\/05\/meche-correa-disenadora7-629x420.jpg 629w\" sizes=\"(max-width: 650px) 100vw, 650px\" \/><\/p>\n","protected":false},"excerpt":{"rendered":"<p>La distinguida dise\u00f1adora peruana, Meche Correa, nos muestra lo mejor de su arte\u00a0inspirado en los m\u00e1s bellos lugares del Per\u00fa.<\/p>\n","protected":false},"author":1,"featured_media":5539,"comment_status":"closed","ping_status":"open","sticky":false,"template":"","format":"standard","meta":[],"categories":[26],"tags":[3307,2659,6656,3062,6655,6658,6654,6653,82,1471,6659,291,6657,452],"yoast_head":"<!-- This site is optimized with the Yoast SEO plugin v16.0.2 - https:\/\/yoast.com\/wordpress\/plugins\/seo\/ -->\n<link rel=\"canonical\" href=\"https:\/\/www.unicas.pe\/blog\/meche-correa-disenadora-peruana\/\" \/>\n<meta property=\"og:locale\" content=\"es_ES\" \/>\n<meta property=\"og:type\" content=\"article\" \/>\n<meta property=\"og:title\" content=\"Meche Correa: Los colores de la moda peruana - Unicas\" \/>\n<meta property=\"og:description\" content=\"La distinguida dise\u00f1adora peruana, Meche Correa, nos muestra lo mejor de su arte\u00a0inspirado en los m\u00e1s bellos lugares del Per\u00fa.\" \/>\n<meta property=\"og:url\" content=\"https:\/\/www.unicas.pe\/blog\/meche-correa-disenadora-peruana\/\" \/>\n<meta property=\"og:site_name\" content=\"Unicas\" \/>\n<meta property=\"article:published_time\" content=\"2014-05-20T02:58:21+00:00\" \/>\n<meta property=\"article:modified_time\" content=\"2019-01-11T02:34:09+00:00\" \/>\n<meta property=\"og:image\" content=\"https:\/\/www.unicas.pe\/blog\/wp-content\/uploads\/2014\/05\/meche-correa-disenadora1.jpg\" \/>\n\t<meta property=\"og:image:width\" content=\"650\" \/>\n\t<meta property=\"og:image:height\" content=\"366\" \/>\n<meta name=\"twitter:card\" content=\"summary_large_image\" \/>\n<meta name=\"twitter:label1\" content=\"Tiempo de lectura\">\n\t<meta name=\"twitter:data1\" content=\"2 minutos\">\n<script type=\"application\/ld+json\" class=\"yoast-schema-graph\">{\"@context\":\"https:\/\/schema.org\",\"@graph\":[{\"@type\":\"WebSite\",\"@id\":\"https:\/\/www.unicas.pe\/blog\/#website\",\"url\":\"https:\/\/www.unicas.pe\/blog\/\",\"name\":\"Unicas\",\"description\":\"Blog sobre belleza, maquillaje, moda, y mucho m\\u00e1s.\",\"potentialAction\":[{\"@type\":\"SearchAction\",\"target\":\"https:\/\/www.unicas.pe\/blog\/?s={search_term_string}\",\"query-input\":\"required name=search_term_string\"}],\"inLanguage\":\"es\"},{\"@type\":\"ImageObject\",\"@id\":\"https:\/\/www.unicas.pe\/blog\/meche-correa-disenadora-peruana\/#primaryimage\",\"inLanguage\":\"es\",\"url\":\"https:\/\/www.unicas.pe\/blog\/wp-content\/uploads\/2014\/05\/meche-correa-disenadora1.jpg\",\"width\":650,\"height\":366,\"caption\":\"Meche Correa: Los colores de la moda peruana\"},{\"@type\":\"WebPage\",\"@id\":\"https:\/\/www.unicas.pe\/blog\/meche-correa-disenadora-peruana\/#webpage\",\"url\":\"https:\/\/www.unicas.pe\/blog\/meche-correa-disenadora-peruana\/\",\"name\":\"Meche Correa: Los colores de la moda peruana - Unicas\",\"isPartOf\":{\"@id\":\"https:\/\/www.unicas.pe\/blog\/#website\"},\"primaryImageOfPage\":{\"@id\":\"https:\/\/www.unicas.pe\/blog\/meche-correa-disenadora-peruana\/#primaryimage\"},\"datePublished\":\"2014-05-20T02:58:21+00:00\",\"dateModified\":\"2019-01-11T02:34:09+00:00\",\"author\":{\"@id\":\"https:\/\/www.unicas.pe\/blog\/#\/schema\/person\/60053f595c6d0f3f11ed52a01c961cdb\"},\"breadcrumb\":{\"@id\":\"https:\/\/www.unicas.pe\/blog\/meche-correa-disenadora-peruana\/#breadcrumb\"},\"inLanguage\":\"es\",\"potentialAction\":[{\"@type\":\"ReadAction\",\"target\":[\"https:\/\/www.unicas.pe\/blog\/meche-correa-disenadora-peruana\/\"]}]},{\"@type\":\"BreadcrumbList\",\"@id\":\"https:\/\/www.unicas.pe\/blog\/meche-correa-disenadora-peruana\/#breadcrumb\",\"itemListElement\":[{\"@type\":\"ListItem\",\"position\":1,\"item\":{\"@type\":\"WebPage\",\"@id\":\"https:\/\/www.unicas.pe\/blog\/\",\"url\":\"https:\/\/www.unicas.pe\/blog\/\",\"name\":\"Portada\"}},{\"@type\":\"ListItem\",\"position\":2,\"item\":{\"@type\":\"WebPage\",\"@id\":\"https:\/\/www.unicas.pe\/blog\/meche-correa-disenadora-peruana\/\",\"url\":\"https:\/\/www.unicas.pe\/blog\/meche-correa-disenadora-peruana\/\",\"name\":\"Meche Correa: Los colores de la moda peruana\"}}]},{\"@type\":\"Person\",\"@id\":\"https:\/\/www.unicas.pe\/blog\/#\/schema\/person\/60053f595c6d0f3f11ed52a01c961cdb\",\"name\":\"Katty Gora\",\"image\":{\"@type\":\"ImageObject\",\"@id\":\"https:\/\/www.unicas.pe\/blog\/#personlogo\",\"inLanguage\":\"es\",\"url\":\"https:\/\/www.unicas.pe\/blog\/wp-content\/uploads\/2019\/01\/168392_1786370415133_366102_n-150x150.jpg\",\"caption\":\"Katty Gora\"},\"description\":\"Katty is a passionate blogger, diving into different subjects like fashion, trends, styles and news and more. Discover the great insight of a true quality blogger!\"}]}<\/script>\n<!-- \/ Yoast SEO plugin. -->","_links":{"self":[{"href":"https:\/\/www.unicas.pe\/blog\/wp-json\/wp\/v2\/posts\/5546"}],"collection":[{"href":"https:\/\/www.unicas.pe\/blog\/wp-json\/wp\/v2\/posts"}],"about":[{"href":"https:\/\/www.unicas.pe\/blog\/wp-json\/wp\/v2\/types\/post"}],"author":[{"embeddable":true,"href":"https:\/\/www.unicas.pe\/blog\/wp-json\/wp\/v2\/users\/1"}],"replies":[{"embeddable":true,"href":"https:\/\/www.unicas.pe\/blog\/wp-json\/wp\/v2\/comments?post=5546"}],"version-history":[{"count":1,"href":"https:\/\/www.unicas.pe\/blog\/wp-json\/wp\/v2\/posts\/5546\/revisions"}],"predecessor-version":[{"id":10371,"href":"https:\/\/www.unicas.pe\/blog\/wp-json\/wp\/v2\/posts\/5546\/revisions\/10371"}],"wp:featuredmedia":[{"embeddable":true,"href":"https:\/\/www.unicas.pe\/blog\/wp-json\/wp\/v2\/media\/5539"}],"wp:attachment":[{"href":"https:\/\/www.unicas.pe\/blog\/wp-json\/wp\/v2\/media?parent=5546"}],"wp:term":[{"taxonomy":"category","embeddable":true,"href":"https:\/\/www.unicas.pe\/blog\/wp-json\/wp\/v2\/categories?post=5546"},{"taxonomy":"post_tag","embeddable":true,"href":"https:\/\/www.unicas.pe\/blog\/wp-json\/wp\/v2\/tags?post=5546"}],"curies":[{"name":"wp","href":"https:\/\/api.w.org\/{rel}","templated":true}]}}