{"id":5569,"date":"2014-05-20T19:43:50","date_gmt":"2014-05-21T00:43:50","guid":{"rendered":"http:\/\/209.133.219.102\/~newunicas\/blog\/2014\/05\/20\/daniel-lazo-si-no-es-contigo-pelicula\/"},"modified":"2019-01-10T21:34:08","modified_gmt":"2019-01-11T02:34:08","slug":"daniel-lazo-si-no-es-contigo-pelicula","status":"publish","type":"post","link":"https:\/\/www.unicas.pe\/blog\/daniel-lazo-si-no-es-contigo-pelicula\/","title":{"rendered":"Daniel Lazo debuta en el cine con \u201cLa \u00daltima Noticia\u201d"},"content":{"rendered":"<p>El joven cantante participar\u00e1 en la nueva pel\u00edcula peruana que produce el grupo Chaski. <strong>Daniel Lazo<\/strong> interpretar\u00e1 a un joven entusiasta asistente de radio.<\/p>\n<p>  <!--more-->  <\/p>\n<p>El cantante, <strong>Daniel Lazo<\/strong>, viene grabando desde el 14 de mayo la pel\u00edcula peruana \u201cLa \u00faltima Noticia\u201d, que representa su primera incursi\u00f3n en la pantalla grande. El ganador de La Voz Per\u00fa, interpretar\u00e1 a \u201cTo\u00f1o\u201d, un joven entusiasta asistente de radio. \u00abMi personaje es el de un joven divertido y p\u00edcaro, me identifico mucho con \u00e9l porque tambi\u00e9n le gusta la m\u00fasica y aspira ser cantante profesional, por eso decidi\u00f3 trabajar en la radio\u00bb, se\u00f1al\u00f3 Daniel.<\/p>\n<p><img class=\" size-full wp-image-5565\" style=\"display: block; margin-left: auto; margin-right: auto;\" title=\"Daniel Lazo debuta en el cine con \u201cLa \u00daltima Noticia\u201d\" src=\"http:\/\/209.133.219.102\/~newunicas\/blog\/wp-content\/uploads\/2014\/05\/si-no-es-contigo-pelicula1.jpg\" alt=\"Daniel Lazo debuta en el cine con \u201cLa \u00daltima Noticia\u201d\" width=\"600\" srcset=\"https:\/\/www.unicas.pe\/blog\/wp-content\/uploads\/2014\/05\/si-no-es-contigo-pelicula1.jpg 650w, https:\/\/www.unicas.pe\/blog\/wp-content\/uploads\/2014\/05\/si-no-es-contigo-pelicula1-300x225.jpg 300w, https:\/\/www.unicas.pe\/blog\/wp-content\/uploads\/2014\/05\/si-no-es-contigo-pelicula1-80x60.jpg 80w, https:\/\/www.unicas.pe\/blog\/wp-content\/uploads\/2014\/05\/si-no-es-contigo-pelicula1-160x120.jpg 160w, https:\/\/www.unicas.pe\/blog\/wp-content\/uploads\/2014\/05\/si-no-es-contigo-pelicula1-265x198.jpg 265w, https:\/\/www.unicas.pe\/blog\/wp-content\/uploads\/2014\/05\/si-no-es-contigo-pelicula1-559x420.jpg 559w\" sizes=\"(max-width: 650px) 100vw, 650px\" \/><\/p>\n<p>La pel\u00edcula est\u00e1 ambientada en una peque\u00f1a ciudad de Ayacucho, durante la convulsionada d\u00e9cada de los ochenta. \u00a0\u00abLa \u00daltima Noticia\u00bb est\u00e1 bajo la producci\u00f3n \u00a0del grupo Chaski, reconocidos por los exitosos largometrajes \u00abGregorio\u00bb y \u00abJuliana\u00bb. La cinta est\u00e1 dirigida por Alejandro Legaspi. Actores como Pietro Sibille, Juli\u00e1n Legaspi, Emilram Cossio Stephany Oru\u00e9, entre otros grandes actores, participan en esta cinta.\u00a0<\/p>\n<p><img class=\" size-full wp-image-5566\" style=\"display: block; margin-left: auto; margin-right: auto;\" title=\"Daniel Lazo debuta en el cine con \u201cLa \u00daltima Noticia\u201d\" src=\"http:\/\/209.133.219.102\/~newunicas\/blog\/wp-content\/uploads\/2014\/05\/si-no-es-contigo-pelicula2.jpg\" alt=\"Daniel Lazo debuta en el cine con \u201cLa \u00daltima Noticia\u201d\" width=\"600\" srcset=\"https:\/\/www.unicas.pe\/blog\/wp-content\/uploads\/2014\/05\/si-no-es-contigo-pelicula2.jpg 650w, https:\/\/www.unicas.pe\/blog\/wp-content\/uploads\/2014\/05\/si-no-es-contigo-pelicula2-300x225.jpg 300w, https:\/\/www.unicas.pe\/blog\/wp-content\/uploads\/2014\/05\/si-no-es-contigo-pelicula2-80x60.jpg 80w, https:\/\/www.unicas.pe\/blog\/wp-content\/uploads\/2014\/05\/si-no-es-contigo-pelicula2-160x120.jpg 160w, https:\/\/www.unicas.pe\/blog\/wp-content\/uploads\/2014\/05\/si-no-es-contigo-pelicula2-265x198.jpg 265w, https:\/\/www.unicas.pe\/blog\/wp-content\/uploads\/2014\/05\/si-no-es-contigo-pelicula2-559x420.jpg 559w\" sizes=\"(max-width: 650px) 100vw, 650px\" \/><\/p>\n<p><strong>Daniel Lazo<\/strong> viene rodando la pel\u00edcula en las locaciones de Lima y luego se trasladar\u00e1 junto al elenco a su natal Huamanga, en donde se desarrollar\u00e1n gran parte de las escenas.\u00bbEstoy ansioso por ir a Ayacucho y demostrarle a la gente mi crecimiento como artista. Esta es una nueva oportunidad para repetir que uno no debe dejar de so\u00f1ar\u00bb. De esta manera, Daniel inicia una nueva faceta art\u00edstica sin descuidar los proyectos musicales, ya que en los pr\u00f3ximos d\u00edas junto a su casa disquera Universal Music, dar\u00e1n a conocer la fecha de lanzamiento del videoclip de su primer single \u00abSi No Es Contigo\u00bb.<\/p>\n<p><img class=\" size-full wp-image-5567\" style=\"display: block; margin-left: auto; margin-right: auto;\" title=\"Daniel Lazo debuta en el cine con \u201cLa \u00daltima Noticia\u201d\" src=\"http:\/\/209.133.219.102\/~newunicas\/blog\/wp-content\/uploads\/2014\/05\/si-no-es-contigo-pelicula3.jpg\" alt=\"Daniel Lazo debuta en el cine con \u201cLa \u00daltima Noticia\u201d\" width=\"600\" srcset=\"https:\/\/www.unicas.pe\/blog\/wp-content\/uploads\/2014\/05\/si-no-es-contigo-pelicula3.jpg 650w, https:\/\/www.unicas.pe\/blog\/wp-content\/uploads\/2014\/05\/si-no-es-contigo-pelicula3-300x225.jpg 300w, https:\/\/www.unicas.pe\/blog\/wp-content\/uploads\/2014\/05\/si-no-es-contigo-pelicula3-80x60.jpg 80w, https:\/\/www.unicas.pe\/blog\/wp-content\/uploads\/2014\/05\/si-no-es-contigo-pelicula3-160x120.jpg 160w, https:\/\/www.unicas.pe\/blog\/wp-content\/uploads\/2014\/05\/si-no-es-contigo-pelicula3-265x198.jpg 265w, https:\/\/www.unicas.pe\/blog\/wp-content\/uploads\/2014\/05\/si-no-es-contigo-pelicula3-559x420.jpg 559w\" sizes=\"(max-width: 650px) 100vw, 650px\" \/><\/p>\n<p><img class=\" size-full wp-image-5568\" style=\"display: block; margin-left: auto; margin-right: auto;\" title=\"Daniel Lazo debuta en el cine con \u201cLa \u00daltima Noticia\u201d\" src=\"http:\/\/209.133.219.102\/~newunicas\/blog\/wp-content\/uploads\/2014\/05\/si-no-es-contigo-pelicula4.jpg\" alt=\"Daniel Lazo debuta en el cine con \u201cLa \u00daltima Noticia\u201d\" width=\"600\" srcset=\"https:\/\/www.unicas.pe\/blog\/wp-content\/uploads\/2014\/05\/si-no-es-contigo-pelicula4.jpg 650w, https:\/\/www.unicas.pe\/blog\/wp-content\/uploads\/2014\/05\/si-no-es-contigo-pelicula4-300x225.jpg 300w, https:\/\/www.unicas.pe\/blog\/wp-content\/uploads\/2014\/05\/si-no-es-contigo-pelicula4-80x60.jpg 80w, https:\/\/www.unicas.pe\/blog\/wp-content\/uploads\/2014\/05\/si-no-es-contigo-pelicula4-160x120.jpg 160w, https:\/\/www.unicas.pe\/blog\/wp-content\/uploads\/2014\/05\/si-no-es-contigo-pelicula4-265x198.jpg 265w, https:\/\/www.unicas.pe\/blog\/wp-content\/uploads\/2014\/05\/si-no-es-contigo-pelicula4-559x420.jpg 559w\" sizes=\"(max-width: 650px) 100vw, 650px\" \/><\/p>\n<p>\u00ab<strong>Si No Es Contigo<\/strong>\u00bb de <strong>Daniel Lazo<\/strong> contin\u00faa disponible en iTunes, y en las plataformas musicales SPOTIFY y DEEZER. Adem\u00e1s, la canci\u00f3n sigue siendo una de las m\u00e1s solicitados en las radios. El jueves 22 tendr\u00e1 una presentaci\u00f3n en Ilo y el s\u00e1bado 24 en Tequendama de Los Olivos.\u00a0<\/p>\n","protected":false},"excerpt":{"rendered":"<p>El joven cantante participar\u00e1 en la nueva pel\u00edcula peruana que produce el grupo Chaski. Daniel Lazo interpretar\u00e1 a un joven entusiasta asistente de radio.<\/p>\n","protected":false},"author":1,"featured_media":5565,"comment_status":"closed","ping_status":"open","sticky":false,"template":"","format":"standard","meta":[],"categories":[22],"tags":[6681,4514,6677,6442,6679,6678,6682,6680,1861,267,6684,325,5806,6683],"yoast_head":"<!-- This site is optimized with the Yoast SEO plugin v16.0.2 - https:\/\/yoast.com\/wordpress\/plugins\/seo\/ -->\n<link rel=\"canonical\" href=\"https:\/\/www.unicas.pe\/blog\/daniel-lazo-si-no-es-contigo-pelicula\/\" \/>\n<meta property=\"og:locale\" content=\"es_ES\" \/>\n<meta property=\"og:type\" content=\"article\" \/>\n<meta property=\"og:title\" content=\"Daniel Lazo debuta en el cine con \u201cLa \u00daltima Noticia\u201d - Unicas\" \/>\n<meta property=\"og:description\" content=\"El joven cantante participar\u00e1 en la nueva pel\u00edcula peruana que produce el grupo Chaski. Daniel Lazo interpretar\u00e1 a un joven entusiasta asistente de radio.\" \/>\n<meta property=\"og:url\" content=\"https:\/\/www.unicas.pe\/blog\/daniel-lazo-si-no-es-contigo-pelicula\/\" \/>\n<meta property=\"og:site_name\" content=\"Unicas\" \/>\n<meta property=\"article:published_time\" content=\"2014-05-21T00:43:50+00:00\" \/>\n<meta property=\"article:modified_time\" content=\"2019-01-11T02:34:08+00:00\" \/>\n<meta property=\"og:image\" content=\"https:\/\/www.unicas.pe\/blog\/wp-content\/uploads\/2014\/05\/si-no-es-contigo-pelicula1.jpg\" \/>\n\t<meta property=\"og:image:width\" content=\"650\" \/>\n\t<meta property=\"og:image:height\" content=\"488\" \/>\n<meta name=\"twitter:card\" content=\"summary_large_image\" \/>\n<meta name=\"twitter:label1\" content=\"Tiempo de lectura\">\n\t<meta name=\"twitter:data1\" content=\"2 minutos\">\n<script type=\"application\/ld+json\" class=\"yoast-schema-graph\">{\"@context\":\"https:\/\/schema.org\",\"@graph\":[{\"@type\":\"WebSite\",\"@id\":\"https:\/\/www.unicas.pe\/blog\/#website\",\"url\":\"https:\/\/www.unicas.pe\/blog\/\",\"name\":\"Unicas\",\"description\":\"Blog sobre belleza, maquillaje, moda, y mucho m\\u00e1s.\",\"potentialAction\":[{\"@type\":\"SearchAction\",\"target\":\"https:\/\/www.unicas.pe\/blog\/?s={search_term_string}\",\"query-input\":\"required name=search_term_string\"}],\"inLanguage\":\"es\"},{\"@type\":\"ImageObject\",\"@id\":\"https:\/\/www.unicas.pe\/blog\/daniel-lazo-si-no-es-contigo-pelicula\/#primaryimage\",\"inLanguage\":\"es\",\"url\":\"https:\/\/www.unicas.pe\/blog\/wp-content\/uploads\/2014\/05\/si-no-es-contigo-pelicula1.jpg\",\"width\":650,\"height\":488,\"caption\":\"Daniel Lazo debuta en el cine con \\u201cLa \\u00daltima Noticia\\u201d\"},{\"@type\":\"WebPage\",\"@id\":\"https:\/\/www.unicas.pe\/blog\/daniel-lazo-si-no-es-contigo-pelicula\/#webpage\",\"url\":\"https:\/\/www.unicas.pe\/blog\/daniel-lazo-si-no-es-contigo-pelicula\/\",\"name\":\"Daniel Lazo debuta en el cine con \\u201cLa \\u00daltima Noticia\\u201d - Unicas\",\"isPartOf\":{\"@id\":\"https:\/\/www.unicas.pe\/blog\/#website\"},\"primaryImageOfPage\":{\"@id\":\"https:\/\/www.unicas.pe\/blog\/daniel-lazo-si-no-es-contigo-pelicula\/#primaryimage\"},\"datePublished\":\"2014-05-21T00:43:50+00:00\",\"dateModified\":\"2019-01-11T02:34:08+00:00\",\"author\":{\"@id\":\"https:\/\/www.unicas.pe\/blog\/#\/schema\/person\/60053f595c6d0f3f11ed52a01c961cdb\"},\"breadcrumb\":{\"@id\":\"https:\/\/www.unicas.pe\/blog\/daniel-lazo-si-no-es-contigo-pelicula\/#breadcrumb\"},\"inLanguage\":\"es\",\"potentialAction\":[{\"@type\":\"ReadAction\",\"target\":[\"https:\/\/www.unicas.pe\/blog\/daniel-lazo-si-no-es-contigo-pelicula\/\"]}]},{\"@type\":\"BreadcrumbList\",\"@id\":\"https:\/\/www.unicas.pe\/blog\/daniel-lazo-si-no-es-contigo-pelicula\/#breadcrumb\",\"itemListElement\":[{\"@type\":\"ListItem\",\"position\":1,\"item\":{\"@type\":\"WebPage\",\"@id\":\"https:\/\/www.unicas.pe\/blog\/\",\"url\":\"https:\/\/www.unicas.pe\/blog\/\",\"name\":\"Portada\"}},{\"@type\":\"ListItem\",\"position\":2,\"item\":{\"@type\":\"WebPage\",\"@id\":\"https:\/\/www.unicas.pe\/blog\/daniel-lazo-si-no-es-contigo-pelicula\/\",\"url\":\"https:\/\/www.unicas.pe\/blog\/daniel-lazo-si-no-es-contigo-pelicula\/\",\"name\":\"Daniel Lazo debuta en el cine con \\u201cLa \\u00daltima Noticia\\u201d\"}}]},{\"@type\":\"Person\",\"@id\":\"https:\/\/www.unicas.pe\/blog\/#\/schema\/person\/60053f595c6d0f3f11ed52a01c961cdb\",\"name\":\"Katty Gora\",\"image\":{\"@type\":\"ImageObject\",\"@id\":\"https:\/\/www.unicas.pe\/blog\/#personlogo\",\"inLanguage\":\"es\",\"url\":\"https:\/\/www.unicas.pe\/blog\/wp-content\/uploads\/2019\/01\/168392_1786370415133_366102_n-150x150.jpg\",\"caption\":\"Katty Gora\"},\"description\":\"Katty is a passionate blogger, diving into different subjects like fashion, trends, styles and news and more. Discover the great insight of a true quality blogger!\"}]}<\/script>\n<!-- \/ Yoast SEO plugin. -->","_links":{"self":[{"href":"https:\/\/www.unicas.pe\/blog\/wp-json\/wp\/v2\/posts\/5569"}],"collection":[{"href":"https:\/\/www.unicas.pe\/blog\/wp-json\/wp\/v2\/posts"}],"about":[{"href":"https:\/\/www.unicas.pe\/blog\/wp-json\/wp\/v2\/types\/post"}],"author":[{"embeddable":true,"href":"https:\/\/www.unicas.pe\/blog\/wp-json\/wp\/v2\/users\/1"}],"replies":[{"embeddable":true,"href":"https:\/\/www.unicas.pe\/blog\/wp-json\/wp\/v2\/comments?post=5569"}],"version-history":[{"count":1,"href":"https:\/\/www.unicas.pe\/blog\/wp-json\/wp\/v2\/posts\/5569\/revisions"}],"predecessor-version":[{"id":10365,"href":"https:\/\/www.unicas.pe\/blog\/wp-json\/wp\/v2\/posts\/5569\/revisions\/10365"}],"wp:featuredmedia":[{"embeddable":true,"href":"https:\/\/www.unicas.pe\/blog\/wp-json\/wp\/v2\/media\/5565"}],"wp:attachment":[{"href":"https:\/\/www.unicas.pe\/blog\/wp-json\/wp\/v2\/media?parent=5569"}],"wp:term":[{"taxonomy":"category","embeddable":true,"href":"https:\/\/www.unicas.pe\/blog\/wp-json\/wp\/v2\/categories?post=5569"},{"taxonomy":"post_tag","embeddable":true,"href":"https:\/\/www.unicas.pe\/blog\/wp-json\/wp\/v2\/tags?post=5569"}],"curies":[{"name":"wp","href":"https:\/\/api.w.org\/{rel}","templated":true}]}}