{"id":5592,"date":"2014-05-20T23:27:31","date_gmt":"2014-05-21T04:27:31","guid":{"rendered":"http:\/\/209.133.219.102\/~newunicas\/blog\/2014\/05\/20\/salvatore-ferragamo-coleccion-primavera-verano-2014\/"},"modified":"2019-01-10T21:34:08","modified_gmt":"2019-01-11T02:34:08","slug":"salvatore-ferragamo-coleccion-primavera-verano-2014","status":"publish","type":"post","link":"https:\/\/www.unicas.pe\/blog\/salvatore-ferragamo-coleccion-primavera-verano-2014\/","title":{"rendered":"Salvatore Ferragamo presenta su colecci\u00f3n Spring-Summer 2014"},"content":{"rendered":"<p>La marca italiana Salvatore Ferragamo, present\u00f3 su colecci\u00f3n Spring-Summer 2014 en un c\u00f3ctel en su boutique del Boulevard del Centro Comercial Jockey Plaza.\u00a0<\/p>\n<p>  <!--more-->  <\/p>\n<p>La Nueva colecci\u00f3n Primavera-Verano 2014 de la marca italiana <strong>Salvatore Ferragamo<\/strong> lleg\u00f3 a su boutique del centro comercial <strong>Jockey Plaza<\/strong> y fue presentado de manera oficial en un exclusivo c\u00f3ctel hace unos d\u00edas.<strong> Unicas.pe<\/strong> estuvo presente en este evento y te trae las \u00faltimas novedades de esta marca para los amantes del buen dise\u00f1o italiano.<\/p>\n<p><img class=\" size-full wp-image-5574\" style=\"display: block; margin-left: auto; margin-right: auto;\" title=\"Salvatore Ferragamo presenta su colecci\u00f3n Spring-Summer 2014\" src=\"http:\/\/209.133.219.102\/~newunicas\/blog\/wp-content\/uploads\/2014\/05\/salvatore-ferragamo-coleccion1.jpg\" alt=\"Salvatore Ferragamo presenta su colecci\u00f3n Spring-Summer 2014\" width=\"600\" srcset=\"https:\/\/www.unicas.pe\/blog\/wp-content\/uploads\/2014\/05\/salvatore-ferragamo-coleccion1.jpg 650w, https:\/\/www.unicas.pe\/blog\/wp-content\/uploads\/2014\/05\/salvatore-ferragamo-coleccion1-300x200.jpg 300w, https:\/\/www.unicas.pe\/blog\/wp-content\/uploads\/2014\/05\/salvatore-ferragamo-coleccion1-648x434.jpg 648w, https:\/\/www.unicas.pe\/blog\/wp-content\/uploads\/2014\/05\/salvatore-ferragamo-coleccion1-629x420.jpg 629w\" sizes=\"(max-width: 650px) 100vw, 650px\" \/><\/p>\n<p>En la l\u00ednea para mujer encontramos una sastrer\u00eda precisa, donde destaca la ligereza de la tela: La selecci\u00f3n mostrada tiene un doble origen, encarnado por la pureza y la sensualidad.<\/p>\n<p><img class=\" size-full wp-image-5575\" style=\"display: block; margin-left: auto; margin-right: auto;\" title=\"Salvatore Ferragamo presenta su colecci\u00f3n Spring-Summer 2014\" src=\"http:\/\/209.133.219.102\/~newunicas\/blog\/wp-content\/uploads\/2014\/05\/salvatore-ferragamo-coleccion2.jpg\" alt=\"Salvatore Ferragamo presenta su colecci\u00f3n Spring-Summer 2014\" width=\"600\" srcset=\"https:\/\/www.unicas.pe\/blog\/wp-content\/uploads\/2014\/05\/salvatore-ferragamo-coleccion2.jpg 650w, https:\/\/www.unicas.pe\/blog\/wp-content\/uploads\/2014\/05\/salvatore-ferragamo-coleccion2-200x300.jpg 200w, https:\/\/www.unicas.pe\/blog\/wp-content\/uploads\/2014\/05\/salvatore-ferragamo-coleccion2-280x420.jpg 280w, https:\/\/www.unicas.pe\/blog\/wp-content\/uploads\/2014\/05\/salvatore-ferragamo-coleccion2-559x840.jpg 559w\" sizes=\"(max-width: 650px) 100vw, 650px\" \/><\/p>\n<p>La <strong>paleta de colores<\/strong> es neutral con destellos repentinos de luz en forma de colores: <strong>beige, mantequilla, arena, carne, rosa peon\u00eda y verde ortiga<\/strong>.<\/p>\n<p>Las l\u00edneas minimalistas y estructuras perfectas se suavizan en la b\u00fasqueda de volumen, mientras que el detalle se multiplica para crear nuevos equilibrios. El resultado es una serie de efectos opuestos: l\u00edneas rectas y curvas, luz contrastada por la sombra y la densidad de la transparencia. Las l\u00edneas est\u00e1n bien definidas: chaquetas y pantalones precisos; abrigos generosos y geom\u00e9tricos complementados con cinturones y blusas adherentes, chaquetas cortas y peque\u00f1os blusones volum\u00e9tricos que revelan y resaltan la cintura.<\/p>\n<p><img class=\" size-full wp-image-5576\" style=\"display: block; margin-left: auto; margin-right: auto;\" title=\"Salvatore Ferragamo presenta su colecci\u00f3n Spring-Summer 2014\" src=\"http:\/\/209.133.219.102\/~newunicas\/blog\/wp-content\/uploads\/2014\/05\/salvatore-ferragamo-coleccion3.jpg\" alt=\"Salvatore Ferragamo presenta su colecci\u00f3n Spring-Summer 2014\" width=\"600\" srcset=\"https:\/\/www.unicas.pe\/blog\/wp-content\/uploads\/2014\/05\/salvatore-ferragamo-coleccion3.jpg 650w, https:\/\/www.unicas.pe\/blog\/wp-content\/uploads\/2014\/05\/salvatore-ferragamo-coleccion3-200x300.jpg 200w, https:\/\/www.unicas.pe\/blog\/wp-content\/uploads\/2014\/05\/salvatore-ferragamo-coleccion3-280x420.jpg 280w, https:\/\/www.unicas.pe\/blog\/wp-content\/uploads\/2014\/05\/salvatore-ferragamo-coleccion3-559x840.jpg 559w\" sizes=\"(max-width: 650px) 100vw, 650px\" \/><\/p>\n<p>Las prendas tejidas son delicadas y seductoras: el cuerpo es el centro de la atenci\u00f3n, exaltado y venerado. Las blusas transparentes revelan el busto o descubren las caderas. Los materiales son est\u00e1ticos y sin peso: lana seca y algodones con acabados innovadores.<\/p>\n<p><img class=\" size-full wp-image-5577\" style=\"display: block; margin-left: auto; margin-right: auto;\" title=\"Salvatore Ferragamo presenta su colecci\u00f3n Spring-Summer 2014\" src=\"http:\/\/209.133.219.102\/~newunicas\/blog\/wp-content\/uploads\/2014\/05\/salvatore-ferragamo-coleccion4.jpg\" alt=\"Salvatore Ferragamo presenta su colecci\u00f3n Spring-Summer 2014\" width=\"600\" srcset=\"https:\/\/www.unicas.pe\/blog\/wp-content\/uploads\/2014\/05\/salvatore-ferragamo-coleccion4.jpg 650w, https:\/\/www.unicas.pe\/blog\/wp-content\/uploads\/2014\/05\/salvatore-ferragamo-coleccion4-200x300.jpg 200w, https:\/\/www.unicas.pe\/blog\/wp-content\/uploads\/2014\/05\/salvatore-ferragamo-coleccion4-280x420.jpg 280w, https:\/\/www.unicas.pe\/blog\/wp-content\/uploads\/2014\/05\/salvatore-ferragamo-coleccion4-559x840.jpg 559w\" sizes=\"(max-width: 650px) 100vw, 650px\" \/><\/p>\n<p>Formas cuadradas y tacones sinuosos son los puntos focales de los zapatos: puntas abiertas, bandas, correas anchas atadas con hebillas en el tobillo. Los bolsos tienen detalles met\u00e1licos que acent\u00faan el perfil, y la bisuter\u00eda es un canto al pragmatismo.<\/p>\n<p><img class=\" size-full wp-image-5578\" style=\"display: block; margin-left: auto; margin-right: auto;\" title=\"Salvatore Ferragamo presenta su colecci\u00f3n Spring-Summer 2014\" src=\"http:\/\/209.133.219.102\/~newunicas\/blog\/wp-content\/uploads\/2014\/05\/salvatore-ferragamo-coleccion5.jpg\" alt=\"Salvatore Ferragamo presenta su colecci\u00f3n Spring-Summer 2014\" width=\"600\" srcset=\"https:\/\/www.unicas.pe\/blog\/wp-content\/uploads\/2014\/05\/salvatore-ferragamo-coleccion5.jpg 650w, https:\/\/www.unicas.pe\/blog\/wp-content\/uploads\/2014\/05\/salvatore-ferragamo-coleccion5-300x200.jpg 300w, https:\/\/www.unicas.pe\/blog\/wp-content\/uploads\/2014\/05\/salvatore-ferragamo-coleccion5-648x434.jpg 648w, https:\/\/www.unicas.pe\/blog\/wp-content\/uploads\/2014\/05\/salvatore-ferragamo-coleccion5-629x420.jpg 629w\" sizes=\"(max-width: 650px) 100vw, 650px\" \/><\/p>\n<h2>Bolsos<\/h2>\n<p>Formas puras acentuadas por detalles llamativos y materiales exquisitos, el ep\u00edtome del trabajo artesanal de la mejor cualidad.\u00a0<\/p>\n<p><img class=\" size-full wp-image-5579\" style=\"display: block; margin-left: auto; margin-right: auto;\" title=\"Salvatore Ferragamo presenta su colecci\u00f3n Spring-Summer 2014\" src=\"http:\/\/209.133.219.102\/~newunicas\/blog\/wp-content\/uploads\/2014\/05\/salvatore-ferragamo-coleccion6.jpg\" alt=\"Salvatore Ferragamo presenta su colecci\u00f3n Spring-Summer 2014\" width=\"600\" srcset=\"https:\/\/www.unicas.pe\/blog\/wp-content\/uploads\/2014\/05\/salvatore-ferragamo-coleccion6.jpg 650w, https:\/\/www.unicas.pe\/blog\/wp-content\/uploads\/2014\/05\/salvatore-ferragamo-coleccion6-300x200.jpg 300w, https:\/\/www.unicas.pe\/blog\/wp-content\/uploads\/2014\/05\/salvatore-ferragamo-coleccion6-648x434.jpg 648w, https:\/\/www.unicas.pe\/blog\/wp-content\/uploads\/2014\/05\/salvatore-ferragamo-coleccion6-629x420.jpg 629w\" sizes=\"(max-width: 650px) 100vw, 650px\" \/><\/p>\n<p><img class=\" size-full wp-image-5580\" style=\"display: block; margin-left: auto; margin-right: auto;\" title=\"Salvatore Ferragamo presenta su colecci\u00f3n Spring-Summer 2014\" src=\"http:\/\/209.133.219.102\/~newunicas\/blog\/wp-content\/uploads\/2014\/05\/salvatore-ferragamo-coleccion7.jpg\" alt=\"Salvatore Ferragamo presenta su colecci\u00f3n Spring-Summer 2014\" width=\"600\" srcset=\"https:\/\/www.unicas.pe\/blog\/wp-content\/uploads\/2014\/05\/salvatore-ferragamo-coleccion7.jpg 650w, https:\/\/www.unicas.pe\/blog\/wp-content\/uploads\/2014\/05\/salvatore-ferragamo-coleccion7-300x200.jpg 300w, https:\/\/www.unicas.pe\/blog\/wp-content\/uploads\/2014\/05\/salvatore-ferragamo-coleccion7-648x434.jpg 648w, https:\/\/www.unicas.pe\/blog\/wp-content\/uploads\/2014\/05\/salvatore-ferragamo-coleccion7-629x420.jpg 629w\" sizes=\"(max-width: 650px) 100vw, 650px\" \/><\/p>\n<p>El pit\u00f3n tiene efectos matizados (en verde, azul o rosa), y se utiliza en un elegante mosaico efecto camuflaje, junto con la piel de caballo, cuero y terciopelo, y se adorna con un patr\u00f3n fino de micro-tacos \u2018d\u00e9grad\u00e9\u2019.\u00a0<\/p>\n<p><img class=\" size-full wp-image-5581\" style=\"display: block; margin-left: auto; margin-right: auto;\" title=\"Salvatore Ferragamo presenta su colecci\u00f3n Spring-Summer 2014\" src=\"http:\/\/209.133.219.102\/~newunicas\/blog\/wp-content\/uploads\/2014\/05\/salvatore-ferragamo-coleccion8.jpg\" alt=\"Salvatore Ferragamo presenta su colecci\u00f3n Spring-Summer 2014\" width=\"600\" srcset=\"https:\/\/www.unicas.pe\/blog\/wp-content\/uploads\/2014\/05\/salvatore-ferragamo-coleccion8.jpg 650w, https:\/\/www.unicas.pe\/blog\/wp-content\/uploads\/2014\/05\/salvatore-ferragamo-coleccion8-300x200.jpg 300w, https:\/\/www.unicas.pe\/blog\/wp-content\/uploads\/2014\/05\/salvatore-ferragamo-coleccion8-648x434.jpg 648w, https:\/\/www.unicas.pe\/blog\/wp-content\/uploads\/2014\/05\/salvatore-ferragamo-coleccion8-629x420.jpg 629w\" sizes=\"(max-width: 650px) 100vw, 650px\" \/><\/p>\n<p><img class=\" size-full wp-image-5582\" style=\"display: block; margin-left: auto; margin-right: auto;\" title=\"Salvatore Ferragamo presenta su colecci\u00f3n Spring-Summer 2014\" src=\"http:\/\/209.133.219.102\/~newunicas\/blog\/wp-content\/uploads\/2014\/05\/salvatore-ferragamo-coleccion9.jpg\" alt=\"Salvatore Ferragamo presenta su colecci\u00f3n Spring-Summer 2014\" width=\"600\" srcset=\"https:\/\/www.unicas.pe\/blog\/wp-content\/uploads\/2014\/05\/salvatore-ferragamo-coleccion9.jpg 650w, https:\/\/www.unicas.pe\/blog\/wp-content\/uploads\/2014\/05\/salvatore-ferragamo-coleccion9-300x200.jpg 300w, https:\/\/www.unicas.pe\/blog\/wp-content\/uploads\/2014\/05\/salvatore-ferragamo-coleccion9-648x434.jpg 648w, https:\/\/www.unicas.pe\/blog\/wp-content\/uploads\/2014\/05\/salvatore-ferragamo-coleccion9-629x420.jpg 629w\" sizes=\"(max-width: 650px) 100vw, 650px\" \/><\/p>\n<p>Un viaje de descubrimiento a trav\u00e9s de una sofisticada gama de efectos \u00f3pticos: todos sobre tacos \u2018appliqu\u00e9\u2019, perforaciones acabados con telas y cueros en colores maravillosamente matizados.<\/p>\n<p><img class=\" size-full wp-image-5583\" style=\"display: block; margin-left: auto; margin-right: auto;\" title=\"Salvatore Ferragamo presenta su colecci\u00f3n Spring-Summer 2014\" src=\"http:\/\/209.133.219.102\/~newunicas\/blog\/wp-content\/uploads\/2014\/05\/salvatore-ferragamo-coleccion10.jpg\" alt=\"Salvatore Ferragamo presenta su colecci\u00f3n Spring-Summer 2014\" width=\"600\" srcset=\"https:\/\/www.unicas.pe\/blog\/wp-content\/uploads\/2014\/05\/salvatore-ferragamo-coleccion10.jpg 650w, https:\/\/www.unicas.pe\/blog\/wp-content\/uploads\/2014\/05\/salvatore-ferragamo-coleccion10-300x200.jpg 300w, https:\/\/www.unicas.pe\/blog\/wp-content\/uploads\/2014\/05\/salvatore-ferragamo-coleccion10-648x434.jpg 648w, https:\/\/www.unicas.pe\/blog\/wp-content\/uploads\/2014\/05\/salvatore-ferragamo-coleccion10-629x420.jpg 629w\" sizes=\"(max-width: 650px) 100vw, 650px\" \/><\/p>\n<p><img class=\" size-full wp-image-5584\" style=\"display: block; margin-left: auto; margin-right: auto;\" title=\"Salvatore Ferragamo presenta su colecci\u00f3n Spring-Summer 2014\" src=\"http:\/\/209.133.219.102\/~newunicas\/blog\/wp-content\/uploads\/2014\/05\/salvatore-ferragamo-coleccion11.jpg\" alt=\"Salvatore Ferragamo presenta su colecci\u00f3n Spring-Summer 2014\" width=\"600\" srcset=\"https:\/\/www.unicas.pe\/blog\/wp-content\/uploads\/2014\/05\/salvatore-ferragamo-coleccion11.jpg 650w, https:\/\/www.unicas.pe\/blog\/wp-content\/uploads\/2014\/05\/salvatore-ferragamo-coleccion11-300x200.jpg 300w, https:\/\/www.unicas.pe\/blog\/wp-content\/uploads\/2014\/05\/salvatore-ferragamo-coleccion11-648x434.jpg 648w, https:\/\/www.unicas.pe\/blog\/wp-content\/uploads\/2014\/05\/salvatore-ferragamo-coleccion11-629x420.jpg 629w\" sizes=\"(max-width: 650px) 100vw, 650px\" \/><\/p>\n<p>En la <strong>propuesta masculina<\/strong>, Massimiliano Giornetti trabaja en una idea sobre la simplicidad energ\u00e9tica. La casa de moda florentina emplea sutilmente la verdadera esencia de su saber hacer en los cortes de las prendas, mediante la alteraci\u00f3n permanente de su estructura, y a trav\u00e9s de un proceso minimalista cuya apreciaci\u00f3n se ve reforzada en los detalles.\u00a0<\/p>\n<p><img class=\" size-full wp-image-5585\" style=\"display: block; margin-left: auto; margin-right: auto;\" title=\"Salvatore Ferragamo presenta su colecci\u00f3n Spring-Summer 2014\" src=\"http:\/\/209.133.219.102\/~newunicas\/blog\/wp-content\/uploads\/2014\/05\/salvatore-ferragamo-coleccion12.jpg\" alt=\"Salvatore Ferragamo presenta su colecci\u00f3n Spring-Summer 2014\" width=\"600\" srcset=\"https:\/\/www.unicas.pe\/blog\/wp-content\/uploads\/2014\/05\/salvatore-ferragamo-coleccion12.jpg 650w, https:\/\/www.unicas.pe\/blog\/wp-content\/uploads\/2014\/05\/salvatore-ferragamo-coleccion12-200x300.jpg 200w, https:\/\/www.unicas.pe\/blog\/wp-content\/uploads\/2014\/05\/salvatore-ferragamo-coleccion12-280x420.jpg 280w, https:\/\/www.unicas.pe\/blog\/wp-content\/uploads\/2014\/05\/salvatore-ferragamo-coleccion12-561x840.jpg 561w\" sizes=\"(max-width: 650px) 100vw, 650px\" \/><\/p>\n<p><img class=\" size-full wp-image-5586\" style=\"display: block; margin-left: auto; margin-right: auto;\" title=\"Salvatore Ferragamo presenta su colecci\u00f3n Spring-Summer 2014\" src=\"http:\/\/209.133.219.102\/~newunicas\/blog\/wp-content\/uploads\/2014\/05\/salvatore-ferragamo-coleccion13.jpg\" alt=\"Salvatore Ferragamo presenta su colecci\u00f3n Spring-Summer 2014\" width=\"600\" srcset=\"https:\/\/www.unicas.pe\/blog\/wp-content\/uploads\/2014\/05\/salvatore-ferragamo-coleccion13.jpg 650w, https:\/\/www.unicas.pe\/blog\/wp-content\/uploads\/2014\/05\/salvatore-ferragamo-coleccion13-200x300.jpg 200w, https:\/\/www.unicas.pe\/blog\/wp-content\/uploads\/2014\/05\/salvatore-ferragamo-coleccion13-280x420.jpg 280w, https:\/\/www.unicas.pe\/blog\/wp-content\/uploads\/2014\/05\/salvatore-ferragamo-coleccion13-561x840.jpg 561w\" sizes=\"(max-width: 650px) 100vw, 650px\" \/><\/p>\n<p>La b\u00fasqueda de la armon\u00eda se centra en torno a la figura masculina, celebrada en su aspecto f\u00edsico y racional. La silueta es limpia, insinuando pero nunca revelando, protegida pero nunca atrapada. La energ\u00eda y vitalidad es perceptible bajo los blusones acolchados, las chaquetas peque\u00f1as con cierres asim\u00e9tricos, y la fuerza de los abrigos cortos y minimalistas.<\/p>\n<p><img class=\" size-full wp-image-5587\" style=\"display: block; margin-left: auto; margin-right: auto;\" title=\"Salvatore Ferragamo presenta su colecci\u00f3n Spring-Summer 2014\" src=\"http:\/\/209.133.219.102\/~newunicas\/blog\/wp-content\/uploads\/2014\/05\/salvatore-ferragamo-coleccion14.jpg\" alt=\"Salvatore Ferragamo presenta su colecci\u00f3n Spring-Summer 2014\" width=\"600\" srcset=\"https:\/\/www.unicas.pe\/blog\/wp-content\/uploads\/2014\/05\/salvatore-ferragamo-coleccion14.jpg 650w, https:\/\/www.unicas.pe\/blog\/wp-content\/uploads\/2014\/05\/salvatore-ferragamo-coleccion14-300x200.jpg 300w, https:\/\/www.unicas.pe\/blog\/wp-content\/uploads\/2014\/05\/salvatore-ferragamo-coleccion14-648x434.jpg 648w, https:\/\/www.unicas.pe\/blog\/wp-content\/uploads\/2014\/05\/salvatore-ferragamo-coleccion14-629x420.jpg 629w\" sizes=\"(max-width: 650px) 100vw, 650px\" \/><\/p>\n<p><img class=\" size-full wp-image-5588\" style=\"display: block; margin-left: auto; margin-right: auto;\" title=\"Salvatore Ferragamo presenta su colecci\u00f3n Spring-Summer 2014\" src=\"http:\/\/209.133.219.102\/~newunicas\/blog\/wp-content\/uploads\/2014\/05\/salvatore-ferragamo-coleccion15.jpg\" alt=\"Salvatore Ferragamo presenta su colecci\u00f3n Spring-Summer 2014\" width=\"600\" srcset=\"https:\/\/www.unicas.pe\/blog\/wp-content\/uploads\/2014\/05\/salvatore-ferragamo-coleccion15.jpg 650w, https:\/\/www.unicas.pe\/blog\/wp-content\/uploads\/2014\/05\/salvatore-ferragamo-coleccion15-300x200.jpg 300w, https:\/\/www.unicas.pe\/blog\/wp-content\/uploads\/2014\/05\/salvatore-ferragamo-coleccion15-648x434.jpg 648w, https:\/\/www.unicas.pe\/blog\/wp-content\/uploads\/2014\/05\/salvatore-ferragamo-coleccion15-629x420.jpg 629w\" sizes=\"(max-width: 650px) 100vw, 650px\" \/><\/p>\n<p><img class=\" size-full wp-image-5589\" style=\"display: block; margin-left: auto; margin-right: auto;\" title=\"Salvatore Ferragamo presenta su colecci\u00f3n Spring-Summer 2014\" src=\"http:\/\/209.133.219.102\/~newunicas\/blog\/wp-content\/uploads\/2014\/05\/salvatore-ferragamo-coleccion16.jpg\" alt=\"Salvatore Ferragamo presenta su colecci\u00f3n Spring-Summer 2014\" width=\"600\" srcset=\"https:\/\/www.unicas.pe\/blog\/wp-content\/uploads\/2014\/05\/salvatore-ferragamo-coleccion16.jpg 650w, https:\/\/www.unicas.pe\/blog\/wp-content\/uploads\/2014\/05\/salvatore-ferragamo-coleccion16-300x200.jpg 300w, https:\/\/www.unicas.pe\/blog\/wp-content\/uploads\/2014\/05\/salvatore-ferragamo-coleccion16-648x434.jpg 648w, https:\/\/www.unicas.pe\/blog\/wp-content\/uploads\/2014\/05\/salvatore-ferragamo-coleccion16-629x420.jpg 629w\" sizes=\"(max-width: 650px) 100vw, 650px\" \/><\/p>\n<p><img class=\" size-full wp-image-5590\" style=\"display: block; margin-left: auto; margin-right: auto;\" title=\"Salvatore Ferragamo presenta su colecci\u00f3n Spring-Summer 2014\" src=\"http:\/\/209.133.219.102\/~newunicas\/blog\/wp-content\/uploads\/2014\/05\/salvatore-ferragamo-coleccion17.jpg\" alt=\"Salvatore Ferragamo presenta su colecci\u00f3n Spring-Summer 2014\" width=\"600\" srcset=\"https:\/\/www.unicas.pe\/blog\/wp-content\/uploads\/2014\/05\/salvatore-ferragamo-coleccion17.jpg 650w, https:\/\/www.unicas.pe\/blog\/wp-content\/uploads\/2014\/05\/salvatore-ferragamo-coleccion17-300x200.jpg 300w, https:\/\/www.unicas.pe\/blog\/wp-content\/uploads\/2014\/05\/salvatore-ferragamo-coleccion17-648x434.jpg 648w, https:\/\/www.unicas.pe\/blog\/wp-content\/uploads\/2014\/05\/salvatore-ferragamo-coleccion17-629x420.jpg 629w\" sizes=\"(max-width: 650px) 100vw, 650px\" \/><\/p>\n<p><img class=\" size-full wp-image-5591\" style=\"display: block; margin-left: auto; margin-right: auto;\" title=\"Salvatore Ferragamo presenta su colecci\u00f3n Spring-Summer 2014\" src=\"http:\/\/209.133.219.102\/~newunicas\/blog\/wp-content\/uploads\/2014\/05\/salvatore-ferragamo-coleccion18.jpg\" alt=\"Salvatore Ferragamo presenta su colecci\u00f3n Spring-Summer 2014\" width=\"600\" srcset=\"https:\/\/www.unicas.pe\/blog\/wp-content\/uploads\/2014\/05\/salvatore-ferragamo-coleccion18.jpg 650w, https:\/\/www.unicas.pe\/blog\/wp-content\/uploads\/2014\/05\/salvatore-ferragamo-coleccion18-300x200.jpg 300w, https:\/\/www.unicas.pe\/blog\/wp-content\/uploads\/2014\/05\/salvatore-ferragamo-coleccion18-648x434.jpg 648w, https:\/\/www.unicas.pe\/blog\/wp-content\/uploads\/2014\/05\/salvatore-ferragamo-coleccion18-629x420.jpg 629w\" sizes=\"(max-width: 650px) 100vw, 650px\" \/><\/p>\n","protected":false},"excerpt":{"rendered":"<p>La marca italiana Salvatore Ferragamo, present\u00f3 su colecci\u00f3n Spring-Summer 2014 en un c\u00f3ctel en su boutique del Boulevard del Centro Comercial Jockey Plaza.\u00a0<\/p>\n","protected":false},"author":1,"featured_media":5574,"comment_status":"closed","ping_status":"open","sticky":false,"template":"","format":"standard","meta":[],"categories":[5],"tags":[6687,4686,1731,6610,2053,6686],"yoast_head":"<!-- This site is optimized with the Yoast SEO plugin v16.0.2 - https:\/\/yoast.com\/wordpress\/plugins\/seo\/ -->\n<link rel=\"canonical\" href=\"https:\/\/www.unicas.pe\/blog\/salvatore-ferragamo-coleccion-primavera-verano-2014\/\" \/>\n<meta property=\"og:locale\" content=\"es_ES\" \/>\n<meta property=\"og:type\" content=\"article\" \/>\n<meta property=\"og:title\" content=\"Salvatore Ferragamo presenta su colecci\u00f3n Spring-Summer 2014 - Unicas\" \/>\n<meta property=\"og:description\" content=\"La marca italiana Salvatore Ferragamo, present\u00f3 su colecci\u00f3n Spring-Summer 2014 en un c\u00f3ctel en su boutique del Boulevard del Centro Comercial Jockey Plaza.\u00a0\" \/>\n<meta property=\"og:url\" content=\"https:\/\/www.unicas.pe\/blog\/salvatore-ferragamo-coleccion-primavera-verano-2014\/\" \/>\n<meta property=\"og:site_name\" content=\"Unicas\" \/>\n<meta property=\"article:published_time\" content=\"2014-05-21T04:27:31+00:00\" \/>\n<meta property=\"article:modified_time\" content=\"2019-01-11T02:34:08+00:00\" \/>\n<meta property=\"og:image\" content=\"https:\/\/www.unicas.pe\/blog\/wp-content\/uploads\/2014\/05\/salvatore-ferragamo-coleccion1.jpg\" \/>\n\t<meta property=\"og:image:width\" content=\"650\" \/>\n\t<meta property=\"og:image:height\" content=\"434\" \/>\n<meta name=\"twitter:card\" content=\"summary_large_image\" \/>\n<meta name=\"twitter:label1\" content=\"Tiempo de lectura\">\n\t<meta name=\"twitter:data1\" content=\"3 minutos\">\n<script type=\"application\/ld+json\" class=\"yoast-schema-graph\">{\"@context\":\"https:\/\/schema.org\",\"@graph\":[{\"@type\":\"WebSite\",\"@id\":\"https:\/\/www.unicas.pe\/blog\/#website\",\"url\":\"https:\/\/www.unicas.pe\/blog\/\",\"name\":\"Unicas\",\"description\":\"Blog sobre belleza, maquillaje, moda, y mucho m\\u00e1s.\",\"potentialAction\":[{\"@type\":\"SearchAction\",\"target\":\"https:\/\/www.unicas.pe\/blog\/?s={search_term_string}\",\"query-input\":\"required name=search_term_string\"}],\"inLanguage\":\"es\"},{\"@type\":\"ImageObject\",\"@id\":\"https:\/\/www.unicas.pe\/blog\/salvatore-ferragamo-coleccion-primavera-verano-2014\/#primaryimage\",\"inLanguage\":\"es\",\"url\":\"https:\/\/www.unicas.pe\/blog\/wp-content\/uploads\/2014\/05\/salvatore-ferragamo-coleccion1.jpg\",\"width\":650,\"height\":434,\"caption\":\"Salvatore Ferragamo presenta su colecci\\u00f3n Spring-Summer 2014\"},{\"@type\":\"WebPage\",\"@id\":\"https:\/\/www.unicas.pe\/blog\/salvatore-ferragamo-coleccion-primavera-verano-2014\/#webpage\",\"url\":\"https:\/\/www.unicas.pe\/blog\/salvatore-ferragamo-coleccion-primavera-verano-2014\/\",\"name\":\"Salvatore Ferragamo presenta su colecci\\u00f3n Spring-Summer 2014 - Unicas\",\"isPartOf\":{\"@id\":\"https:\/\/www.unicas.pe\/blog\/#website\"},\"primaryImageOfPage\":{\"@id\":\"https:\/\/www.unicas.pe\/blog\/salvatore-ferragamo-coleccion-primavera-verano-2014\/#primaryimage\"},\"datePublished\":\"2014-05-21T04:27:31+00:00\",\"dateModified\":\"2019-01-11T02:34:08+00:00\",\"author\":{\"@id\":\"https:\/\/www.unicas.pe\/blog\/#\/schema\/person\/60053f595c6d0f3f11ed52a01c961cdb\"},\"breadcrumb\":{\"@id\":\"https:\/\/www.unicas.pe\/blog\/salvatore-ferragamo-coleccion-primavera-verano-2014\/#breadcrumb\"},\"inLanguage\":\"es\",\"potentialAction\":[{\"@type\":\"ReadAction\",\"target\":[\"https:\/\/www.unicas.pe\/blog\/salvatore-ferragamo-coleccion-primavera-verano-2014\/\"]}]},{\"@type\":\"BreadcrumbList\",\"@id\":\"https:\/\/www.unicas.pe\/blog\/salvatore-ferragamo-coleccion-primavera-verano-2014\/#breadcrumb\",\"itemListElement\":[{\"@type\":\"ListItem\",\"position\":1,\"item\":{\"@type\":\"WebPage\",\"@id\":\"https:\/\/www.unicas.pe\/blog\/\",\"url\":\"https:\/\/www.unicas.pe\/blog\/\",\"name\":\"Portada\"}},{\"@type\":\"ListItem\",\"position\":2,\"item\":{\"@type\":\"WebPage\",\"@id\":\"https:\/\/www.unicas.pe\/blog\/salvatore-ferragamo-coleccion-primavera-verano-2014\/\",\"url\":\"https:\/\/www.unicas.pe\/blog\/salvatore-ferragamo-coleccion-primavera-verano-2014\/\",\"name\":\"Salvatore Ferragamo presenta su colecci\\u00f3n Spring-Summer 2014\"}}]},{\"@type\":\"Person\",\"@id\":\"https:\/\/www.unicas.pe\/blog\/#\/schema\/person\/60053f595c6d0f3f11ed52a01c961cdb\",\"name\":\"Katty Gora\",\"image\":{\"@type\":\"ImageObject\",\"@id\":\"https:\/\/www.unicas.pe\/blog\/#personlogo\",\"inLanguage\":\"es\",\"url\":\"https:\/\/www.unicas.pe\/blog\/wp-content\/uploads\/2019\/01\/168392_1786370415133_366102_n-150x150.jpg\",\"caption\":\"Katty Gora\"},\"description\":\"Katty is a passionate blogger, diving into different subjects like fashion, trends, styles and news and more. Discover the great insight of a true quality blogger!\"}]}<\/script>\n<!-- \/ Yoast SEO plugin. -->","_links":{"self":[{"href":"https:\/\/www.unicas.pe\/blog\/wp-json\/wp\/v2\/posts\/5592"}],"collection":[{"href":"https:\/\/www.unicas.pe\/blog\/wp-json\/wp\/v2\/posts"}],"about":[{"href":"https:\/\/www.unicas.pe\/blog\/wp-json\/wp\/v2\/types\/post"}],"author":[{"embeddable":true,"href":"https:\/\/www.unicas.pe\/blog\/wp-json\/wp\/v2\/users\/1"}],"replies":[{"embeddable":true,"href":"https:\/\/www.unicas.pe\/blog\/wp-json\/wp\/v2\/comments?post=5592"}],"version-history":[{"count":1,"href":"https:\/\/www.unicas.pe\/blog\/wp-json\/wp\/v2\/posts\/5592\/revisions"}],"predecessor-version":[{"id":10363,"href":"https:\/\/www.unicas.pe\/blog\/wp-json\/wp\/v2\/posts\/5592\/revisions\/10363"}],"wp:featuredmedia":[{"embeddable":true,"href":"https:\/\/www.unicas.pe\/blog\/wp-json\/wp\/v2\/media\/5574"}],"wp:attachment":[{"href":"https:\/\/www.unicas.pe\/blog\/wp-json\/wp\/v2\/media?parent=5592"}],"wp:term":[{"taxonomy":"category","embeddable":true,"href":"https:\/\/www.unicas.pe\/blog\/wp-json\/wp\/v2\/categories?post=5592"},{"taxonomy":"post_tag","embeddable":true,"href":"https:\/\/www.unicas.pe\/blog\/wp-json\/wp\/v2\/tags?post=5592"}],"curies":[{"name":"wp","href":"https:\/\/api.w.org\/{rel}","templated":true}]}}