{"id":5614,"date":"2014-05-23T20:06:59","date_gmt":"2014-05-24T01:06:59","guid":{"rendered":"http:\/\/209.133.219.102\/~newunicas\/blog\/2014\/05\/23\/banana-republic-abre-segunda-tienda\/"},"modified":"2019-01-10T21:34:08","modified_gmt":"2019-01-11T02:34:08","slug":"banana-republic-abre-segunda-tienda","status":"publish","type":"post","link":"https:\/\/www.unicas.pe\/blog\/banana-republic-abre-segunda-tienda\/","title":{"rendered":"Banana Republic abre su segunda tienda en Per\u00fa"},"content":{"rendered":"<p>La reconocida marca, <strong>Banana Republic<\/strong>, \u00a0inaugurar\u00e1 su segunda tienda en el Per\u00fa en el centro comercial Real Plaza Salaverry.<\/p>\n<p>  <!--more-->  <\/p>\n<p>La ic\u00f3nica marca americana, <strong>Banana Republic<\/strong>, inaugurar\u00e1 su segunda tienda en el Per\u00fa en el 3er nivel del centro comercial Real Plaza Salaverry, que abrir\u00e1 sus puertas este 22 de mayo. Banana Republic representa la aproximaci\u00f3n a un estilo actual y una forma de vida definida por un guardarropa moderno. La herencia de la marca, tanto como sus ra\u00edces de San Francisco celebran la autenticidad que expresa Banana Republic, Los Aut\u00e9nticos Representantes del Estilo Moderno Americano.<\/p>\n<p>Stephanie Eyzaguirre, Gerente de Marca de Banana Republic en Per\u00fa, se\u00f1al\u00f3 que la nueva tienda permitir\u00e1 seguir avanzando en cuanto a conocimiento y posicionamiento de la marca en nuestro mercado.\u00a0<\/p>\n<p>La nueva tienda ofrecer\u00e1 vestuario moderno, as\u00ed como calzado y accesorios, incluyendo bolsos, bufandas y cinturones de la colecci\u00f3n Oto\u00f1o \/ Invierno. En esta colecci\u00f3n se conecta funcionalidad y estilo trav\u00e9s de colores brillantes y audaces, contrastes de negro y blanco y piezas de inspiraci\u00f3n militar. Tambi\u00e9n se podr\u00e1 apreciar en la tienda variedad de b\u00e1sicos as\u00ed como prendas ic\u00f3nicas de la marca incluyendo los pantalones Sloan, con su toque \u201cchic\u201d para las mujeres o las vers\u00e1tiles camisas non-iron para los hombres, brindando gran variedad de\u00a0opciones para crear looks que se puedan llevar tanto de d\u00eda como de noche.<\/p>\n","protected":false},"excerpt":{"rendered":"<p>La reconocida marca, Banana Republic, \u00a0inaugurar\u00e1 su segunda tienda en el Per\u00fa en el centro comercial Real Plaza Salaverry.<\/p>\n","protected":false},"author":1,"featured_media":0,"comment_status":"closed","ping_status":"open","sticky":false,"template":"","format":"standard","meta":[],"categories":[5],"tags":[3644,6709,6710,4640,3297,2056,6708],"yoast_head":"<!-- This site is optimized with the Yoast SEO plugin v16.0.2 - https:\/\/yoast.com\/wordpress\/plugins\/seo\/ -->\n<link rel=\"canonical\" href=\"https:\/\/www.unicas.pe\/blog\/banana-republic-abre-segunda-tienda\/\" \/>\n<meta property=\"og:locale\" content=\"es_ES\" \/>\n<meta property=\"og:type\" content=\"article\" \/>\n<meta property=\"og:title\" content=\"Banana Republic abre su segunda tienda en Per\u00fa - Unicas\" \/>\n<meta property=\"og:description\" content=\"La reconocida marca, Banana Republic, \u00a0inaugurar\u00e1 su segunda tienda en el Per\u00fa en el centro comercial Real Plaza Salaverry.\" \/>\n<meta property=\"og:url\" content=\"https:\/\/www.unicas.pe\/blog\/banana-republic-abre-segunda-tienda\/\" \/>\n<meta property=\"og:site_name\" content=\"Unicas\" \/>\n<meta property=\"article:published_time\" content=\"2014-05-24T01:06:59+00:00\" \/>\n<meta property=\"article:modified_time\" content=\"2019-01-11T02:34:08+00:00\" \/>\n<meta name=\"twitter:card\" content=\"summary_large_image\" \/>\n<meta name=\"twitter:label1\" content=\"Tiempo de lectura\">\n\t<meta name=\"twitter:data1\" content=\"1 minuto\">\n<script type=\"application\/ld+json\" class=\"yoast-schema-graph\">{\"@context\":\"https:\/\/schema.org\",\"@graph\":[{\"@type\":\"WebSite\",\"@id\":\"https:\/\/www.unicas.pe\/blog\/#website\",\"url\":\"https:\/\/www.unicas.pe\/blog\/\",\"name\":\"Unicas\",\"description\":\"Blog sobre belleza, maquillaje, moda, y mucho m\\u00e1s.\",\"potentialAction\":[{\"@type\":\"SearchAction\",\"target\":\"https:\/\/www.unicas.pe\/blog\/?s={search_term_string}\",\"query-input\":\"required name=search_term_string\"}],\"inLanguage\":\"es\"},{\"@type\":\"WebPage\",\"@id\":\"https:\/\/www.unicas.pe\/blog\/banana-republic-abre-segunda-tienda\/#webpage\",\"url\":\"https:\/\/www.unicas.pe\/blog\/banana-republic-abre-segunda-tienda\/\",\"name\":\"Banana Republic abre su segunda tienda en Per\\u00fa - Unicas\",\"isPartOf\":{\"@id\":\"https:\/\/www.unicas.pe\/blog\/#website\"},\"datePublished\":\"2014-05-24T01:06:59+00:00\",\"dateModified\":\"2019-01-11T02:34:08+00:00\",\"author\":{\"@id\":\"https:\/\/www.unicas.pe\/blog\/#\/schema\/person\/60053f595c6d0f3f11ed52a01c961cdb\"},\"breadcrumb\":{\"@id\":\"https:\/\/www.unicas.pe\/blog\/banana-republic-abre-segunda-tienda\/#breadcrumb\"},\"inLanguage\":\"es\",\"potentialAction\":[{\"@type\":\"ReadAction\",\"target\":[\"https:\/\/www.unicas.pe\/blog\/banana-republic-abre-segunda-tienda\/\"]}]},{\"@type\":\"BreadcrumbList\",\"@id\":\"https:\/\/www.unicas.pe\/blog\/banana-republic-abre-segunda-tienda\/#breadcrumb\",\"itemListElement\":[{\"@type\":\"ListItem\",\"position\":1,\"item\":{\"@type\":\"WebPage\",\"@id\":\"https:\/\/www.unicas.pe\/blog\/\",\"url\":\"https:\/\/www.unicas.pe\/blog\/\",\"name\":\"Portada\"}},{\"@type\":\"ListItem\",\"position\":2,\"item\":{\"@type\":\"WebPage\",\"@id\":\"https:\/\/www.unicas.pe\/blog\/banana-republic-abre-segunda-tienda\/\",\"url\":\"https:\/\/www.unicas.pe\/blog\/banana-republic-abre-segunda-tienda\/\",\"name\":\"Banana Republic abre su segunda tienda en Per\\u00fa\"}}]},{\"@type\":\"Person\",\"@id\":\"https:\/\/www.unicas.pe\/blog\/#\/schema\/person\/60053f595c6d0f3f11ed52a01c961cdb\",\"name\":\"Katty Gora\",\"image\":{\"@type\":\"ImageObject\",\"@id\":\"https:\/\/www.unicas.pe\/blog\/#personlogo\",\"inLanguage\":\"es\",\"url\":\"https:\/\/www.unicas.pe\/blog\/wp-content\/uploads\/2019\/01\/168392_1786370415133_366102_n-150x150.jpg\",\"caption\":\"Katty Gora\"},\"description\":\"Katty is a passionate blogger, diving into different subjects like fashion, trends, styles and news and more. Discover the great insight of a true quality blogger!\"}]}<\/script>\n<!-- \/ Yoast SEO plugin. -->","_links":{"self":[{"href":"https:\/\/www.unicas.pe\/blog\/wp-json\/wp\/v2\/posts\/5614"}],"collection":[{"href":"https:\/\/www.unicas.pe\/blog\/wp-json\/wp\/v2\/posts"}],"about":[{"href":"https:\/\/www.unicas.pe\/blog\/wp-json\/wp\/v2\/types\/post"}],"author":[{"embeddable":true,"href":"https:\/\/www.unicas.pe\/blog\/wp-json\/wp\/v2\/users\/1"}],"replies":[{"embeddable":true,"href":"https:\/\/www.unicas.pe\/blog\/wp-json\/wp\/v2\/comments?post=5614"}],"version-history":[{"count":1,"href":"https:\/\/www.unicas.pe\/blog\/wp-json\/wp\/v2\/posts\/5614\/revisions"}],"predecessor-version":[{"id":10357,"href":"https:\/\/www.unicas.pe\/blog\/wp-json\/wp\/v2\/posts\/5614\/revisions\/10357"}],"wp:attachment":[{"href":"https:\/\/www.unicas.pe\/blog\/wp-json\/wp\/v2\/media?parent=5614"}],"wp:term":[{"taxonomy":"category","embeddable":true,"href":"https:\/\/www.unicas.pe\/blog\/wp-json\/wp\/v2\/categories?post=5614"},{"taxonomy":"post_tag","embeddable":true,"href":"https:\/\/www.unicas.pe\/blog\/wp-json\/wp\/v2\/tags?post=5614"}],"curies":[{"name":"wp","href":"https:\/\/api.w.org\/{rel}","templated":true}]}}