{"id":5626,"date":"2014-05-26T20:01:47","date_gmt":"2014-05-27T01:01:47","guid":{"rendered":"http:\/\/209.133.219.102\/~newunicas\/blog\/2014\/05\/26\/tartan-tendencias-de-moda\/"},"modified":"2019-01-10T21:34:08","modified_gmt":"2019-01-11T02:34:08","slug":"tartan-tendencias-de-moda","status":"publish","type":"post","link":"https:\/\/www.unicas.pe\/blog\/tartan-tendencias-de-moda\/","title":{"rendered":"Tart\u00e1n: El estampado de \u00faltima temporada"},"content":{"rendered":"<p>Decenas de celebridades de Hollywood ya han adoptado la moda tart\u00e1n. Este estampado est\u00e1 presente en abrigos, pantalones, gorros, faldas y blusas.<\/p>\n<p>  <!--more-->  <\/p>\n<p>La \u00faltima tendencia de moda en cuanto a tejidos es el tart\u00e1n. Esta pieza de ropa se define como un dise\u00f1o geom\u00e9trico que se deriva de una secuencia de l\u00edneas de colores que forman cuadros. El uso de esta prenda empieza en el siglo XVI \u00a0en Escocia, pero fue en el siglo XVII donde se utiliza como una larga tira de tela donde el hombre cubr\u00eda su cuerpo de la cintura para abajo.<\/p>\n<p><img class=\" size-full wp-image-5619\" style=\"display: block; margin-left: auto; margin-right: auto;\" title=\"Tart\u00e1n: El estampado de \u00faltima temporada\" src=\"http:\/\/209.133.219.102\/~newunicas\/blog\/wp-content\/uploads\/2014\/05\/tartan-tendencias1.jpg\" alt=\"Tart\u00e1n: El estampado de \u00faltima temporada\" width=\"600\" srcset=\"https:\/\/www.unicas.pe\/blog\/wp-content\/uploads\/2014\/05\/tartan-tendencias1.jpg 650w, https:\/\/www.unicas.pe\/blog\/wp-content\/uploads\/2014\/05\/tartan-tendencias1-206x300.jpg 206w, https:\/\/www.unicas.pe\/blog\/wp-content\/uploads\/2014\/05\/tartan-tendencias1-288x420.jpg 288w, https:\/\/www.unicas.pe\/blog\/wp-content\/uploads\/2014\/05\/tartan-tendencias1-576x840.jpg 576w\" sizes=\"(max-width: 650px) 100vw, 650px\" \/><\/p>\n<p><img class=\" size-full wp-image-5620\" style=\"display: block; margin-left: auto; margin-right: auto;\" title=\"Tart\u00e1n: El estampado de \u00faltima temporada\" src=\"http:\/\/209.133.219.102\/~newunicas\/blog\/wp-content\/uploads\/2014\/05\/tartan-tendencias2.jpg\" alt=\"Tart\u00e1n: El estampado de \u00faltima temporada\" width=\"600\" srcset=\"https:\/\/www.unicas.pe\/blog\/wp-content\/uploads\/2014\/05\/tartan-tendencias2.jpg 650w, https:\/\/www.unicas.pe\/blog\/wp-content\/uploads\/2014\/05\/tartan-tendencias2-181x300.jpg 181w, https:\/\/www.unicas.pe\/blog\/wp-content\/uploads\/2014\/05\/tartan-tendencias2-619x1024.jpg 619w, https:\/\/www.unicas.pe\/blog\/wp-content\/uploads\/2014\/05\/tartan-tendencias2-254x420.jpg 254w, https:\/\/www.unicas.pe\/blog\/wp-content\/uploads\/2014\/05\/tartan-tendencias2-507x840.jpg 507w\" sizes=\"(max-width: 650px) 100vw, 650px\" \/><\/p>\n<p>La dise\u00f1adora Vivienne Westwood fue una de las impulsoras de esta prenda en las pasarelas. Su devoci\u00f3n por las formas geom\u00e9tricas del tart\u00e1n, la llevaron hacer denominada como la madre de la est\u00e9tica punk de la \u00e9poca. A lo largo de su historia el tart\u00e1n no s\u00f3lo se adapta al estilo punk, sino tambi\u00e9n con algunos m\u00fasicos como Kurt Cobain de Nirvana o Eddie Veder de Pearl Jam, que comienzan a usarlo.<\/p>\n<p><img class=\" size-full wp-image-5621\" style=\"display: block; margin-left: auto; margin-right: auto;\" title=\"Tart\u00e1n: El estampado de \u00faltima temporada\" src=\"http:\/\/209.133.219.102\/~newunicas\/blog\/wp-content\/uploads\/2014\/05\/tartan-tendencias3.jpg\" alt=\"Tart\u00e1n: El estampado de \u00faltima temporada\" width=\"600\" srcset=\"https:\/\/www.unicas.pe\/blog\/wp-content\/uploads\/2014\/05\/tartan-tendencias3.jpg 650w, https:\/\/www.unicas.pe\/blog\/wp-content\/uploads\/2014\/05\/tartan-tendencias3-181x300.jpg 181w, https:\/\/www.unicas.pe\/blog\/wp-content\/uploads\/2014\/05\/tartan-tendencias3-619x1024.jpg 619w, https:\/\/www.unicas.pe\/blog\/wp-content\/uploads\/2014\/05\/tartan-tendencias3-254x420.jpg 254w, https:\/\/www.unicas.pe\/blog\/wp-content\/uploads\/2014\/05\/tartan-tendencias3-507x840.jpg 507w\" sizes=\"(max-width: 650px) 100vw, 650px\" \/><\/p>\n<p><img class=\" size-full wp-image-5622\" style=\"display: block; margin-left: auto; margin-right: auto;\" title=\"Tart\u00e1n: El estampado de \u00faltima temporada\" src=\"http:\/\/209.133.219.102\/~newunicas\/blog\/wp-content\/uploads\/2014\/05\/tartan-tendencias4.jpg\" alt=\"Tart\u00e1n: El estampado de \u00faltima temporada\" width=\"600\" srcset=\"https:\/\/www.unicas.pe\/blog\/wp-content\/uploads\/2014\/05\/tartan-tendencias4.jpg 650w, https:\/\/www.unicas.pe\/blog\/wp-content\/uploads\/2014\/05\/tartan-tendencias4-200x300.jpg 200w, https:\/\/www.unicas.pe\/blog\/wp-content\/uploads\/2014\/05\/tartan-tendencias4-281x420.jpg 281w, https:\/\/www.unicas.pe\/blog\/wp-content\/uploads\/2014\/05\/tartan-tendencias4-561x840.jpg 561w\" sizes=\"(max-width: 650px) 100vw, 650px\" \/><\/p>\n<p>Hoy, en pleno siglo XXI, el tart\u00e1n ha regresado de la mano de Moschino, Mulberry, Saint Laurent, Tommy Hilfiger,DKNY,entre otros grandes dise\u00f1adores internacionales.Podemos \u00a0ver tambi\u00e9n su influencia en tendencias urbanas como Zara.Por eso en esta temporada Oto\u00f1o-Invierno, no puede faltar en tu armario alguna prenda de tart\u00e1n. Tienes una variedad de alternativas como las faldas, blusas, pantalones, abrigos, sombreros, camisas, zapatos, sacos y bufandas, todo en tart\u00e1n. Estas alternativas podr\u00e1s combinarlas con tu look y estilo, an\u00edmate a probar las nuevas tendencias de moda.<\/p>\n<p><img class=\" size-full wp-image-5623\" style=\"display: block; margin-left: auto; margin-right: auto;\" title=\"Tart\u00e1n: El estampado de \u00faltima temporada\" src=\"http:\/\/209.133.219.102\/~newunicas\/blog\/wp-content\/uploads\/2014\/05\/tartan-tendencias5.jpg\" alt=\"Tart\u00e1n: El estampado de \u00faltima temporada\" width=\"600\" srcset=\"https:\/\/www.unicas.pe\/blog\/wp-content\/uploads\/2014\/05\/tartan-tendencias5.jpg 650w, https:\/\/www.unicas.pe\/blog\/wp-content\/uploads\/2014\/05\/tartan-tendencias5-165x300.jpg 165w, https:\/\/www.unicas.pe\/blog\/wp-content\/uploads\/2014\/05\/tartan-tendencias5-562x1024.jpg 562w, https:\/\/www.unicas.pe\/blog\/wp-content\/uploads\/2014\/05\/tartan-tendencias5-231x420.jpg 231w, https:\/\/www.unicas.pe\/blog\/wp-content\/uploads\/2014\/05\/tartan-tendencias5-461x840.jpg 461w\" sizes=\"(max-width: 650px) 100vw, 650px\" \/><\/p>\n<p><img class=\" size-full wp-image-5624\" style=\"display: block; margin-left: auto; margin-right: auto;\" title=\"Tart\u00e1n: El estampado de \u00faltima temporada\" src=\"http:\/\/209.133.219.102\/~newunicas\/blog\/wp-content\/uploads\/2014\/05\/tartan-tendencias6.jpg\" alt=\"Tart\u00e1n: El estampado de \u00faltima temporada\" width=\"600\" srcset=\"https:\/\/www.unicas.pe\/blog\/wp-content\/uploads\/2014\/05\/tartan-tendencias6.jpg 650w, https:\/\/www.unicas.pe\/blog\/wp-content\/uploads\/2014\/05\/tartan-tendencias6-200x300.jpg 200w, https:\/\/www.unicas.pe\/blog\/wp-content\/uploads\/2014\/05\/tartan-tendencias6-281x420.jpg 281w, https:\/\/www.unicas.pe\/blog\/wp-content\/uploads\/2014\/05\/tartan-tendencias6-561x840.jpg 561w\" sizes=\"(max-width: 650px) 100vw, 650px\" \/><\/p>\n<p><img class=\" size-full wp-image-5625\" style=\"display: block; margin-left: auto; margin-right: auto;\" title=\"Tart\u00e1n: El estampado de \u00faltima temporada\" src=\"http:\/\/209.133.219.102\/~newunicas\/blog\/wp-content\/uploads\/2014\/05\/tartan-tendencias7.jpg\" alt=\"Tart\u00e1n: El estampado de \u00faltima temporada\" width=\"600\" srcset=\"https:\/\/www.unicas.pe\/blog\/wp-content\/uploads\/2014\/05\/tartan-tendencias7.jpg 650w, https:\/\/www.unicas.pe\/blog\/wp-content\/uploads\/2014\/05\/tartan-tendencias7-300x204.jpg 300w, https:\/\/www.unicas.pe\/blog\/wp-content\/uploads\/2014\/05\/tartan-tendencias7-648x442.jpg 648w, https:\/\/www.unicas.pe\/blog\/wp-content\/uploads\/2014\/05\/tartan-tendencias7-618x420.jpg 618w\" sizes=\"(max-width: 650px) 100vw, 650px\" \/><\/p>\n","protected":false},"excerpt":{"rendered":"<p>Decenas de celebridades de Hollywood ya han adoptado la moda tart\u00e1n. Este estampado est\u00e1 presente en abrigos, pantalones, gorros, faldas y blusas.<\/p>\n","protected":false},"author":1,"featured_media":5619,"comment_status":"closed","ping_status":"open","sticky":false,"template":"","format":"standard","meta":[],"categories":[5],"tags":[1523,6723,5782,5722,6722,84,82,3281,5376,6720,6721,3693,933,6724],"yoast_head":"<!-- This site is optimized with the Yoast SEO plugin v16.0.2 - https:\/\/yoast.com\/wordpress\/plugins\/seo\/ -->\n<link rel=\"canonical\" href=\"https:\/\/www.unicas.pe\/blog\/tartan-tendencias-de-moda\/\" \/>\n<meta property=\"og:locale\" content=\"es_ES\" \/>\n<meta property=\"og:type\" content=\"article\" \/>\n<meta property=\"og:title\" content=\"Tart\u00e1n: El estampado de \u00faltima temporada - Unicas\" \/>\n<meta property=\"og:description\" content=\"Decenas de celebridades de Hollywood ya han adoptado la moda tart\u00e1n. Este estampado est\u00e1 presente en abrigos, pantalones, gorros, faldas y blusas.\" \/>\n<meta property=\"og:url\" content=\"https:\/\/www.unicas.pe\/blog\/tartan-tendencias-de-moda\/\" \/>\n<meta property=\"og:site_name\" content=\"Unicas\" \/>\n<meta property=\"article:published_time\" content=\"2014-05-27T01:01:47+00:00\" \/>\n<meta property=\"article:modified_time\" content=\"2019-01-11T02:34:08+00:00\" \/>\n<meta property=\"og:image\" content=\"https:\/\/www.unicas.pe\/blog\/wp-content\/uploads\/2014\/05\/tartan-tendencias1.jpg\" \/>\n\t<meta property=\"og:image:width\" content=\"650\" \/>\n\t<meta property=\"og:image:height\" content=\"948\" \/>\n<meta name=\"twitter:card\" content=\"summary_large_image\" \/>\n<meta name=\"twitter:label1\" content=\"Tiempo de lectura\">\n\t<meta name=\"twitter:data1\" content=\"1 minuto\">\n<script type=\"application\/ld+json\" class=\"yoast-schema-graph\">{\"@context\":\"https:\/\/schema.org\",\"@graph\":[{\"@type\":\"WebSite\",\"@id\":\"https:\/\/www.unicas.pe\/blog\/#website\",\"url\":\"https:\/\/www.unicas.pe\/blog\/\",\"name\":\"Unicas\",\"description\":\"Blog sobre belleza, maquillaje, moda, y mucho m\\u00e1s.\",\"potentialAction\":[{\"@type\":\"SearchAction\",\"target\":\"https:\/\/www.unicas.pe\/blog\/?s={search_term_string}\",\"query-input\":\"required name=search_term_string\"}],\"inLanguage\":\"es\"},{\"@type\":\"ImageObject\",\"@id\":\"https:\/\/www.unicas.pe\/blog\/tartan-tendencias-de-moda\/#primaryimage\",\"inLanguage\":\"es\",\"url\":\"https:\/\/www.unicas.pe\/blog\/wp-content\/uploads\/2014\/05\/tartan-tendencias1.jpg\",\"width\":650,\"height\":948,\"caption\":\"Tart\\u00e1n: El estampado de \\u00faltima temporada\"},{\"@type\":\"WebPage\",\"@id\":\"https:\/\/www.unicas.pe\/blog\/tartan-tendencias-de-moda\/#webpage\",\"url\":\"https:\/\/www.unicas.pe\/blog\/tartan-tendencias-de-moda\/\",\"name\":\"Tart\\u00e1n: El estampado de \\u00faltima temporada - Unicas\",\"isPartOf\":{\"@id\":\"https:\/\/www.unicas.pe\/blog\/#website\"},\"primaryImageOfPage\":{\"@id\":\"https:\/\/www.unicas.pe\/blog\/tartan-tendencias-de-moda\/#primaryimage\"},\"datePublished\":\"2014-05-27T01:01:47+00:00\",\"dateModified\":\"2019-01-11T02:34:08+00:00\",\"author\":{\"@id\":\"https:\/\/www.unicas.pe\/blog\/#\/schema\/person\/60053f595c6d0f3f11ed52a01c961cdb\"},\"breadcrumb\":{\"@id\":\"https:\/\/www.unicas.pe\/blog\/tartan-tendencias-de-moda\/#breadcrumb\"},\"inLanguage\":\"es\",\"potentialAction\":[{\"@type\":\"ReadAction\",\"target\":[\"https:\/\/www.unicas.pe\/blog\/tartan-tendencias-de-moda\/\"]}]},{\"@type\":\"BreadcrumbList\",\"@id\":\"https:\/\/www.unicas.pe\/blog\/tartan-tendencias-de-moda\/#breadcrumb\",\"itemListElement\":[{\"@type\":\"ListItem\",\"position\":1,\"item\":{\"@type\":\"WebPage\",\"@id\":\"https:\/\/www.unicas.pe\/blog\/\",\"url\":\"https:\/\/www.unicas.pe\/blog\/\",\"name\":\"Portada\"}},{\"@type\":\"ListItem\",\"position\":2,\"item\":{\"@type\":\"WebPage\",\"@id\":\"https:\/\/www.unicas.pe\/blog\/tartan-tendencias-de-moda\/\",\"url\":\"https:\/\/www.unicas.pe\/blog\/tartan-tendencias-de-moda\/\",\"name\":\"Tart\\u00e1n: El estampado de \\u00faltima temporada\"}}]},{\"@type\":\"Person\",\"@id\":\"https:\/\/www.unicas.pe\/blog\/#\/schema\/person\/60053f595c6d0f3f11ed52a01c961cdb\",\"name\":\"Katty Gora\",\"image\":{\"@type\":\"ImageObject\",\"@id\":\"https:\/\/www.unicas.pe\/blog\/#personlogo\",\"inLanguage\":\"es\",\"url\":\"https:\/\/www.unicas.pe\/blog\/wp-content\/uploads\/2019\/01\/168392_1786370415133_366102_n-150x150.jpg\",\"caption\":\"Katty Gora\"},\"description\":\"Katty is a passionate blogger, diving into different subjects like fashion, trends, styles and news and more. Discover the great insight of a true quality blogger!\"}]}<\/script>\n<!-- \/ Yoast SEO plugin. -->","_links":{"self":[{"href":"https:\/\/www.unicas.pe\/blog\/wp-json\/wp\/v2\/posts\/5626"}],"collection":[{"href":"https:\/\/www.unicas.pe\/blog\/wp-json\/wp\/v2\/posts"}],"about":[{"href":"https:\/\/www.unicas.pe\/blog\/wp-json\/wp\/v2\/types\/post"}],"author":[{"embeddable":true,"href":"https:\/\/www.unicas.pe\/blog\/wp-json\/wp\/v2\/users\/1"}],"replies":[{"embeddable":true,"href":"https:\/\/www.unicas.pe\/blog\/wp-json\/wp\/v2\/comments?post=5626"}],"version-history":[{"count":1,"href":"https:\/\/www.unicas.pe\/blog\/wp-json\/wp\/v2\/posts\/5626\/revisions"}],"predecessor-version":[{"id":10354,"href":"https:\/\/www.unicas.pe\/blog\/wp-json\/wp\/v2\/posts\/5626\/revisions\/10354"}],"wp:featuredmedia":[{"embeddable":true,"href":"https:\/\/www.unicas.pe\/blog\/wp-json\/wp\/v2\/media\/5619"}],"wp:attachment":[{"href":"https:\/\/www.unicas.pe\/blog\/wp-json\/wp\/v2\/media?parent=5626"}],"wp:term":[{"taxonomy":"category","embeddable":true,"href":"https:\/\/www.unicas.pe\/blog\/wp-json\/wp\/v2\/categories?post=5626"},{"taxonomy":"post_tag","embeddable":true,"href":"https:\/\/www.unicas.pe\/blog\/wp-json\/wp\/v2\/tags?post=5626"}],"curies":[{"name":"wp","href":"https:\/\/api.w.org\/{rel}","templated":true}]}}