{"id":5903,"date":"2014-06-19T21:17:57","date_gmt":"2014-06-20T02:17:57","guid":{"rendered":"http:\/\/209.133.219.102\/~newunicas\/blog\/2014\/06\/19\/la-reina-letizia-nuevamente-lucio-de-blanco-en-su-coronacion\/"},"modified":"2019-01-10T21:33:23","modified_gmt":"2019-01-11T02:33:23","slug":"la-reina-letizia-nuevamente-lucio-de-blanco-en-su-coronacion","status":"publish","type":"post","link":"https:\/\/www.unicas.pe\/blog\/la-reina-letizia-nuevamente-lucio-de-blanco-en-su-coronacion\/","title":{"rendered":"La reina Letizia nuevamente luci\u00f3 de blanco en su coronaci\u00f3n"},"content":{"rendered":"<p>Felipe Varela, dise\u00f1ador de cabecera de la reina Letizia, fue el creador del hermoso conjunto que luci\u00f3 la flamante reina de los espa\u00f1oles.<\/p>\n<p>  <!--more-->  <\/p>\n<p>La flamante Reina de Espa\u00f1a, la reina Letizia, cautiv\u00f3 a todos los asistentes, con el vestuario que llev\u00f3 en la coronaci\u00f3n de su esposo Felipe VI, como Rey. \u00a0Ella luci\u00f3 un abrigo y vestido en crepe de verano blanco roto con bordado degrad\u00e9 en cristales rub\u00ed, \u00e1mbar y rosa talco, con micro perlas en crema. Esta creaci\u00f3n fue elaborado por su dise\u00f1ador de cabecera, Felipe Varela, quien a su colecci\u00f3n dise\u00f1ada exclusivamente para esta ocasi\u00f3n, la complet\u00f3 con \u00a0una cartera en ante arena, tambi\u00e9n de Varela, y unos zapatos en color nude de Magrit.<\/p>\n<p><img loading=\"lazy\" class=\" size-full wp-image-5899\" style=\"display: block; margin-left: auto; margin-right: auto;\" src=\"http:\/\/209.133.219.102\/~newunicas\/blog\/wp-content\/uploads\/2014\/06\/foto1Letizia.jpg\" alt=\"\" width=\"650\" height=\"971\" srcset=\"https:\/\/www.unicas.pe\/blog\/wp-content\/uploads\/2014\/06\/foto1Letizia.jpg 650w, https:\/\/www.unicas.pe\/blog\/wp-content\/uploads\/2014\/06\/foto1Letizia-201x300.jpg 201w, https:\/\/www.unicas.pe\/blog\/wp-content\/uploads\/2014\/06\/foto1Letizia-281x420.jpg 281w, https:\/\/www.unicas.pe\/blog\/wp-content\/uploads\/2014\/06\/foto1Letizia-562x840.jpg 562w\" sizes=\"(max-width: 650px) 100vw, 650px\" \/><\/p>\n<p>Esta fascinante combinaci\u00f3n, ha ido acompa\u00f1ado de un look bastante discreto, pues la Reina dej\u00f3 suelto su cabello, adornado \u00fanicamente con dos bonitas trenzas de ra\u00edz a modo de diadema. Do\u00f1a Letizia ha optado tambi\u00e9n por un discreto maquillaje y sus pendientes preferidos en forma de estrella. Adem\u00e1s, llevaba el lazo de la Gran Cruz de la Orden de Carlos III, de la que es Dama desde su enlace en 2004.<\/p>\n<p><img loading=\"lazy\" class=\" size-full wp-image-5900\" style=\"display: block; margin-left: auto; margin-right: auto;\" src=\"http:\/\/209.133.219.102\/~newunicas\/blog\/wp-content\/uploads\/2014\/06\/foto2Letizia.jpg\" alt=\"\" width=\"650\" height=\"974\" srcset=\"https:\/\/www.unicas.pe\/blog\/wp-content\/uploads\/2014\/06\/foto2Letizia.jpg 650w, https:\/\/www.unicas.pe\/blog\/wp-content\/uploads\/2014\/06\/foto2Letizia-200x300.jpg 200w, https:\/\/www.unicas.pe\/blog\/wp-content\/uploads\/2014\/06\/foto2Letizia-280x420.jpg 280w, https:\/\/www.unicas.pe\/blog\/wp-content\/uploads\/2014\/06\/foto2Letizia-561x840.jpg 561w\" sizes=\"(max-width: 650px) 100vw, 650px\" \/><\/p>\n<p>El vestido de do\u00f1a Letizia es muy diferente al que luci\u00f3 do\u00f1a Sof\u00eda el 22 de noviembre de 1975 en la proclamaci\u00f3n de don Juan Carlos como Rey. En aquella ocasi\u00f3n, do\u00f1a Sof\u00eda deslumbr\u00f3 con vestido largo con abrigo y bolso a juego en fucsia, el color de los capotes y la alegr\u00eda, adornado con la banda de la Orden de Isabel La Cat\u00f3lica.\u00a0<\/p>\n<p><img loading=\"lazy\" class=\" size-full wp-image-5901\" style=\"display: block; margin-left: auto; margin-right: auto;\" src=\"http:\/\/209.133.219.102\/~newunicas\/blog\/wp-content\/uploads\/2014\/06\/foto3Letizia.jpg\" alt=\"\" width=\"650\" height=\"566\" srcset=\"https:\/\/www.unicas.pe\/blog\/wp-content\/uploads\/2014\/06\/foto3Letizia.jpg 650w, https:\/\/www.unicas.pe\/blog\/wp-content\/uploads\/2014\/06\/foto3Letizia-300x261.jpg 300w, https:\/\/www.unicas.pe\/blog\/wp-content\/uploads\/2014\/06\/foto3Letizia-482x420.jpg 482w\" sizes=\"(max-width: 650px) 100vw, 650px\" \/><\/p>\n<p>La reina Letizia es ya considerada la reina de blanco, ya que en todos sus compromisos y actividades reales, siempre ha llevado una prenda blanca, elaborado por su dise\u00f1ador Felipe Varela. \u00a0El nuevo rey ha recibido m\u00faltiples felicitaciones y muestras de respeto por parte de sus pares, as\u00ed como de jefes de Estado y de otros pa\u00edses. Que viva la nueva reina Leticia. Muy pronto nos cautivar\u00e1 con otros trajes que lucir\u00e1 como reina de Espa\u00f1a.<\/p>\n<p><img loading=\"lazy\" class=\" size-full wp-image-5902\" style=\"display: block; margin-left: auto; margin-right: auto;\" src=\"http:\/\/209.133.219.102\/~newunicas\/blog\/wp-content\/uploads\/2014\/06\/foto4Letizia.jpg\" alt=\"\" width=\"650\" height=\"1028\" srcset=\"https:\/\/www.unicas.pe\/blog\/wp-content\/uploads\/2014\/06\/foto4Letizia.jpg 650w, https:\/\/www.unicas.pe\/blog\/wp-content\/uploads\/2014\/06\/foto4Letizia-190x300.jpg 190w, https:\/\/www.unicas.pe\/blog\/wp-content\/uploads\/2014\/06\/foto4Letizia-647x1024.jpg 647w, https:\/\/www.unicas.pe\/blog\/wp-content\/uploads\/2014\/06\/foto4Letizia-266x420.jpg 266w, https:\/\/www.unicas.pe\/blog\/wp-content\/uploads\/2014\/06\/foto4Letizia-531x840.jpg 531w\" sizes=\"(max-width: 650px) 100vw, 650px\" \/><\/p>\n","protected":false},"excerpt":{"rendered":"<p>Felipe Varela, dise\u00f1ador de cabecera de la reina Letizia, fue el creador del hermoso conjunto que luci\u00f3 la flamante reina de los espa\u00f1oles.<\/p>\n","protected":false},"author":1,"featured_media":5899,"comment_status":"closed","ping_status":"open","sticky":false,"template":"","format":"standard","meta":[],"categories":[22],"tags":[7044,5982,2947,7046,7045,7048,7049,7041,7043,7042,7047,834,7050],"yoast_head":"<!-- This site is optimized with the Yoast SEO plugin v16.0.2 - https:\/\/yoast.com\/wordpress\/plugins\/seo\/ -->\n<link rel=\"canonical\" href=\"https:\/\/www.unicas.pe\/blog\/la-reina-letizia-nuevamente-lucio-de-blanco-en-su-coronacion\/\" \/>\n<meta property=\"og:locale\" content=\"es_ES\" \/>\n<meta property=\"og:type\" content=\"article\" \/>\n<meta property=\"og:title\" content=\"La reina Letizia nuevamente luci\u00f3 de blanco en su coronaci\u00f3n - Unicas\" \/>\n<meta property=\"og:description\" content=\"Felipe Varela, dise\u00f1ador de cabecera de la reina Letizia, fue el creador del hermoso conjunto que luci\u00f3 la flamante reina de los espa\u00f1oles.\" \/>\n<meta property=\"og:url\" content=\"https:\/\/www.unicas.pe\/blog\/la-reina-letizia-nuevamente-lucio-de-blanco-en-su-coronacion\/\" \/>\n<meta property=\"og:site_name\" content=\"Unicas\" \/>\n<meta property=\"article:published_time\" content=\"2014-06-20T02:17:57+00:00\" \/>\n<meta property=\"article:modified_time\" content=\"2019-01-11T02:33:23+00:00\" \/>\n<meta property=\"og:image\" content=\"https:\/\/www.unicas.pe\/blog\/wp-content\/uploads\/2014\/06\/foto1Letizia.jpg\" \/>\n\t<meta property=\"og:image:width\" content=\"650\" \/>\n\t<meta property=\"og:image:height\" content=\"971\" \/>\n<meta name=\"twitter:card\" content=\"summary_large_image\" \/>\n<meta name=\"twitter:label1\" content=\"Tiempo de lectura\">\n\t<meta name=\"twitter:data1\" content=\"2 minutos\">\n<script type=\"application\/ld+json\" class=\"yoast-schema-graph\">{\"@context\":\"https:\/\/schema.org\",\"@graph\":[{\"@type\":\"WebSite\",\"@id\":\"https:\/\/www.unicas.pe\/blog\/#website\",\"url\":\"https:\/\/www.unicas.pe\/blog\/\",\"name\":\"Unicas\",\"description\":\"Blog sobre belleza, maquillaje, moda, y mucho m\\u00e1s.\",\"potentialAction\":[{\"@type\":\"SearchAction\",\"target\":\"https:\/\/www.unicas.pe\/blog\/?s={search_term_string}\",\"query-input\":\"required name=search_term_string\"}],\"inLanguage\":\"es\"},{\"@type\":\"ImageObject\",\"@id\":\"https:\/\/www.unicas.pe\/blog\/la-reina-letizia-nuevamente-lucio-de-blanco-en-su-coronacion\/#primaryimage\",\"inLanguage\":\"es\",\"url\":\"https:\/\/www.unicas.pe\/blog\/wp-content\/uploads\/2014\/06\/foto1Letizia.jpg\",\"width\":650,\"height\":971},{\"@type\":\"WebPage\",\"@id\":\"https:\/\/www.unicas.pe\/blog\/la-reina-letizia-nuevamente-lucio-de-blanco-en-su-coronacion\/#webpage\",\"url\":\"https:\/\/www.unicas.pe\/blog\/la-reina-letizia-nuevamente-lucio-de-blanco-en-su-coronacion\/\",\"name\":\"La reina Letizia nuevamente luci\\u00f3 de blanco en su coronaci\\u00f3n - Unicas\",\"isPartOf\":{\"@id\":\"https:\/\/www.unicas.pe\/blog\/#website\"},\"primaryImageOfPage\":{\"@id\":\"https:\/\/www.unicas.pe\/blog\/la-reina-letizia-nuevamente-lucio-de-blanco-en-su-coronacion\/#primaryimage\"},\"datePublished\":\"2014-06-20T02:17:57+00:00\",\"dateModified\":\"2019-01-11T02:33:23+00:00\",\"author\":{\"@id\":\"https:\/\/www.unicas.pe\/blog\/#\/schema\/person\/60053f595c6d0f3f11ed52a01c961cdb\"},\"breadcrumb\":{\"@id\":\"https:\/\/www.unicas.pe\/blog\/la-reina-letizia-nuevamente-lucio-de-blanco-en-su-coronacion\/#breadcrumb\"},\"inLanguage\":\"es\",\"potentialAction\":[{\"@type\":\"ReadAction\",\"target\":[\"https:\/\/www.unicas.pe\/blog\/la-reina-letizia-nuevamente-lucio-de-blanco-en-su-coronacion\/\"]}]},{\"@type\":\"BreadcrumbList\",\"@id\":\"https:\/\/www.unicas.pe\/blog\/la-reina-letizia-nuevamente-lucio-de-blanco-en-su-coronacion\/#breadcrumb\",\"itemListElement\":[{\"@type\":\"ListItem\",\"position\":1,\"item\":{\"@type\":\"WebPage\",\"@id\":\"https:\/\/www.unicas.pe\/blog\/\",\"url\":\"https:\/\/www.unicas.pe\/blog\/\",\"name\":\"Portada\"}},{\"@type\":\"ListItem\",\"position\":2,\"item\":{\"@type\":\"WebPage\",\"@id\":\"https:\/\/www.unicas.pe\/blog\/la-reina-letizia-nuevamente-lucio-de-blanco-en-su-coronacion\/\",\"url\":\"https:\/\/www.unicas.pe\/blog\/la-reina-letizia-nuevamente-lucio-de-blanco-en-su-coronacion\/\",\"name\":\"La reina Letizia nuevamente luci\\u00f3 de blanco en su coronaci\\u00f3n\"}}]},{\"@type\":\"Person\",\"@id\":\"https:\/\/www.unicas.pe\/blog\/#\/schema\/person\/60053f595c6d0f3f11ed52a01c961cdb\",\"name\":\"Katty Gora\",\"image\":{\"@type\":\"ImageObject\",\"@id\":\"https:\/\/www.unicas.pe\/blog\/#personlogo\",\"inLanguage\":\"es\",\"url\":\"https:\/\/www.unicas.pe\/blog\/wp-content\/uploads\/2019\/01\/168392_1786370415133_366102_n-150x150.jpg\",\"caption\":\"Katty Gora\"},\"description\":\"Katty is a passionate blogger, diving into different subjects like fashion, trends, styles and news and more. Discover the great insight of a true quality blogger!\"}]}<\/script>\n<!-- \/ Yoast SEO plugin. -->","_links":{"self":[{"href":"https:\/\/www.unicas.pe\/blog\/wp-json\/wp\/v2\/posts\/5903"}],"collection":[{"href":"https:\/\/www.unicas.pe\/blog\/wp-json\/wp\/v2\/posts"}],"about":[{"href":"https:\/\/www.unicas.pe\/blog\/wp-json\/wp\/v2\/types\/post"}],"author":[{"embeddable":true,"href":"https:\/\/www.unicas.pe\/blog\/wp-json\/wp\/v2\/users\/1"}],"replies":[{"embeddable":true,"href":"https:\/\/www.unicas.pe\/blog\/wp-json\/wp\/v2\/comments?post=5903"}],"version-history":[{"count":1,"href":"https:\/\/www.unicas.pe\/blog\/wp-json\/wp\/v2\/posts\/5903\/revisions"}],"predecessor-version":[{"id":10293,"href":"https:\/\/www.unicas.pe\/blog\/wp-json\/wp\/v2\/posts\/5903\/revisions\/10293"}],"wp:featuredmedia":[{"embeddable":true,"href":"https:\/\/www.unicas.pe\/blog\/wp-json\/wp\/v2\/media\/5899"}],"wp:attachment":[{"href":"https:\/\/www.unicas.pe\/blog\/wp-json\/wp\/v2\/media?parent=5903"}],"wp:term":[{"taxonomy":"category","embeddable":true,"href":"https:\/\/www.unicas.pe\/blog\/wp-json\/wp\/v2\/categories?post=5903"},{"taxonomy":"post_tag","embeddable":true,"href":"https:\/\/www.unicas.pe\/blog\/wp-json\/wp\/v2\/tags?post=5903"}],"curies":[{"name":"wp","href":"https:\/\/api.w.org\/{rel}","templated":true}]}}