{"id":5916,"date":"2014-06-19T22:38:25","date_gmt":"2014-06-20T03:38:25","guid":{"rendered":"http:\/\/209.133.219.102\/~newunicas\/blog\/2014\/06\/19\/lana-del-rey-presenta-su-nuevo-album-ultraviolence-video\/"},"modified":"2019-01-10T21:33:22","modified_gmt":"2019-01-11T02:33:22","slug":"lana-del-rey-presenta-su-nuevo-album-ultraviolence-video","status":"publish","type":"post","link":"https:\/\/www.unicas.pe\/blog\/lana-del-rey-presenta-su-nuevo-album-ultraviolence-video\/","title":{"rendered":"Lana del Rey presenta su nuevo \u00e1lbum Ultraviolence [Video]"},"content":{"rendered":"<p>La cantante estadounidense, Lana del Rey, present\u00f3 oficialmente su tercer \u00e1lbum, Ultraviolence, donde combina los sonidos de los a\u00f1os 60\u00b4s y 70\u00b4s.<\/p>\n<p>  <!--more-->  <\/p>\n<p>Elizabeth Woolridge Grant, m\u00e1s conocida como <strong>Lana Del Rey<\/strong>, present\u00f3 oficialmente su nuevo \u00e1lbum \u201c<strong>Ultraviolence<\/strong>\u201d. La compositora estadounidense se\u00f1al\u00f3 que este tercer \u00e1lbum tiene influencia minimalista cinematogr\u00e1fico y oscuro. El \u00e1lbum cont\u00f3 con la producci\u00f3n de Dan Auerbach, vocalista de la agrupaci\u00f3n \u00a0The Black Keys, y fue grabado en la m\u00e1gica ciudad musical de Nashville, Tennessee, en el estudio de Dan.\u00a0<\/p>\n<p><img loading=\"lazy\" class=\" size-full wp-image-5914\" style=\"display: block; margin-left: auto; margin-right: auto;\" src=\"http:\/\/209.133.219.102\/~newunicas\/blog\/wp-content\/uploads\/2014\/06\/foto1Lana.jpg\" alt=\"\" width=\"650\" height=\"650\" srcset=\"https:\/\/www.unicas.pe\/blog\/wp-content\/uploads\/2014\/06\/foto1Lana.jpg 650w, https:\/\/www.unicas.pe\/blog\/wp-content\/uploads\/2014\/06\/foto1Lana-150x150.jpg 150w, https:\/\/www.unicas.pe\/blog\/wp-content\/uploads\/2014\/06\/foto1Lana-300x300.jpg 300w, https:\/\/www.unicas.pe\/blog\/wp-content\/uploads\/2014\/06\/foto1Lana-420x420.jpg 420w\" sizes=\"(max-width: 650px) 100vw, 650px\" \/><\/p>\n<p>Para la grabaci\u00f3n de \u201c<strong>Ultraviolence<\/strong>\u201d, se utilizaron \u00fanicamente equipos an\u00e1logos durante la grabaci\u00f3n, mezcla y masterizaci\u00f3n, logrando as\u00ed un sonido como el de las producciones musicales de los 60\u00b4s y 70\u00b4s, resultado final que quer\u00eda \u00a0la misma <strong>Lana<\/strong>.<\/p>\n<p><img loading=\"lazy\" class=\" size-full wp-image-5915\" style=\"display: block; margin-left: auto; margin-right: auto;\" src=\"http:\/\/209.133.219.102\/~newunicas\/blog\/wp-content\/uploads\/2014\/06\/foto2Lana.jpg\" alt=\"\" width=\"650\" height=\"650\" srcset=\"https:\/\/www.unicas.pe\/blog\/wp-content\/uploads\/2014\/06\/foto2Lana.jpg 650w, https:\/\/www.unicas.pe\/blog\/wp-content\/uploads\/2014\/06\/foto2Lana-150x150.jpg 150w, https:\/\/www.unicas.pe\/blog\/wp-content\/uploads\/2014\/06\/foto2Lana-300x300.jpg 300w, https:\/\/www.unicas.pe\/blog\/wp-content\/uploads\/2014\/06\/foto2Lana-420x420.jpg 420w\" sizes=\"(max-width: 650px) 100vw, 650px\" \/><\/p>\n<p><strong>Lana Del Rey<\/strong> actualmente promociona el primer sencillo del \u00e1lbum, titulado \u201d<strong>West Coast<\/strong>\u201d, el cual tiene en su video oficial una impecable fotograf\u00eda con influencias cinematogr\u00e1ficas de los 70\u00b4s, grabado en monocromo. Este nuevo \u00e1lbum ya se encuentra en iTunes en m\u00e1s de 97 pa\u00edses, incluyendo Per\u00fa, Colombia y Ecuador.<\/p>\n<p><object style=\"display: block; margin-left: auto; margin-right: auto;\" data=\"http:\/\/www.youtube.com\/v\/oKxuiw3iMBE?hl=es_MX&amp;version=3\" type=\"application\/x-shockwave-flash\" width=\"650\" height=\"366\"><param name=\"movie\" value=\"http:\/\/www.youtube.com\/v\/oKxuiw3iMBE?hl=es_MX&amp;version=3\" \/><param name=\"allowFullScreen\" value=\"true\" \/><param name=\"allowscriptaccess\" value=\"always\" \/><\/object><\/p>\n","protected":false},"excerpt":{"rendered":"<p>La cantante estadounidense, Lana del Rey, present\u00f3 oficialmente su tercer \u00e1lbum, Ultraviolence, donde combina los sonidos de los a\u00f1os 60\u00b4s y 70\u00b4s.<\/p>\n","protected":false},"author":1,"featured_media":5914,"comment_status":"closed","ping_status":"open","sticky":false,"template":"","format":"standard","meta":[],"categories":[33],"tags":[5435,2108,7061,6842,7060,7062,5173,7056,380,7059,7058,7057],"yoast_head":"<!-- This site is optimized with the Yoast SEO plugin v16.0.2 - https:\/\/yoast.com\/wordpress\/plugins\/seo\/ -->\n<link rel=\"canonical\" href=\"https:\/\/www.unicas.pe\/blog\/lana-del-rey-presenta-su-nuevo-album-ultraviolence-video\/\" \/>\n<meta property=\"og:locale\" content=\"es_ES\" \/>\n<meta property=\"og:type\" content=\"article\" \/>\n<meta property=\"og:title\" content=\"Lana del Rey presenta su nuevo \u00e1lbum Ultraviolence [Video] - Unicas\" \/>\n<meta property=\"og:description\" content=\"La cantante estadounidense, Lana del Rey, present\u00f3 oficialmente su tercer \u00e1lbum, Ultraviolence, donde combina los sonidos de los a\u00f1os 60\u00b4s y 70\u00b4s.\" \/>\n<meta property=\"og:url\" content=\"https:\/\/www.unicas.pe\/blog\/lana-del-rey-presenta-su-nuevo-album-ultraviolence-video\/\" \/>\n<meta property=\"og:site_name\" content=\"Unicas\" \/>\n<meta property=\"article:published_time\" content=\"2014-06-20T03:38:25+00:00\" \/>\n<meta property=\"article:modified_time\" content=\"2019-01-11T02:33:22+00:00\" \/>\n<meta property=\"og:image\" content=\"https:\/\/www.unicas.pe\/blog\/wp-content\/uploads\/2014\/06\/foto1Lana.jpg\" \/>\n\t<meta property=\"og:image:width\" content=\"650\" \/>\n\t<meta property=\"og:image:height\" content=\"650\" \/>\n<meta name=\"twitter:card\" content=\"summary_large_image\" \/>\n<meta name=\"twitter:label1\" content=\"Tiempo de lectura\">\n\t<meta name=\"twitter:data1\" content=\"1 minuto\">\n<script type=\"application\/ld+json\" class=\"yoast-schema-graph\">{\"@context\":\"https:\/\/schema.org\",\"@graph\":[{\"@type\":\"WebSite\",\"@id\":\"https:\/\/www.unicas.pe\/blog\/#website\",\"url\":\"https:\/\/www.unicas.pe\/blog\/\",\"name\":\"Unicas\",\"description\":\"Blog sobre belleza, maquillaje, moda, y mucho m\\u00e1s.\",\"potentialAction\":[{\"@type\":\"SearchAction\",\"target\":\"https:\/\/www.unicas.pe\/blog\/?s={search_term_string}\",\"query-input\":\"required name=search_term_string\"}],\"inLanguage\":\"es\"},{\"@type\":\"ImageObject\",\"@id\":\"https:\/\/www.unicas.pe\/blog\/lana-del-rey-presenta-su-nuevo-album-ultraviolence-video\/#primaryimage\",\"inLanguage\":\"es\",\"url\":\"https:\/\/www.unicas.pe\/blog\/wp-content\/uploads\/2014\/06\/foto1Lana.jpg\",\"width\":650,\"height\":650},{\"@type\":\"WebPage\",\"@id\":\"https:\/\/www.unicas.pe\/blog\/lana-del-rey-presenta-su-nuevo-album-ultraviolence-video\/#webpage\",\"url\":\"https:\/\/www.unicas.pe\/blog\/lana-del-rey-presenta-su-nuevo-album-ultraviolence-video\/\",\"name\":\"Lana del Rey presenta su nuevo \\u00e1lbum Ultraviolence [Video] - Unicas\",\"isPartOf\":{\"@id\":\"https:\/\/www.unicas.pe\/blog\/#website\"},\"primaryImageOfPage\":{\"@id\":\"https:\/\/www.unicas.pe\/blog\/lana-del-rey-presenta-su-nuevo-album-ultraviolence-video\/#primaryimage\"},\"datePublished\":\"2014-06-20T03:38:25+00:00\",\"dateModified\":\"2019-01-11T02:33:22+00:00\",\"author\":{\"@id\":\"https:\/\/www.unicas.pe\/blog\/#\/schema\/person\/60053f595c6d0f3f11ed52a01c961cdb\"},\"breadcrumb\":{\"@id\":\"https:\/\/www.unicas.pe\/blog\/lana-del-rey-presenta-su-nuevo-album-ultraviolence-video\/#breadcrumb\"},\"inLanguage\":\"es\",\"potentialAction\":[{\"@type\":\"ReadAction\",\"target\":[\"https:\/\/www.unicas.pe\/blog\/lana-del-rey-presenta-su-nuevo-album-ultraviolence-video\/\"]}]},{\"@type\":\"BreadcrumbList\",\"@id\":\"https:\/\/www.unicas.pe\/blog\/lana-del-rey-presenta-su-nuevo-album-ultraviolence-video\/#breadcrumb\",\"itemListElement\":[{\"@type\":\"ListItem\",\"position\":1,\"item\":{\"@type\":\"WebPage\",\"@id\":\"https:\/\/www.unicas.pe\/blog\/\",\"url\":\"https:\/\/www.unicas.pe\/blog\/\",\"name\":\"Portada\"}},{\"@type\":\"ListItem\",\"position\":2,\"item\":{\"@type\":\"WebPage\",\"@id\":\"https:\/\/www.unicas.pe\/blog\/lana-del-rey-presenta-su-nuevo-album-ultraviolence-video\/\",\"url\":\"https:\/\/www.unicas.pe\/blog\/lana-del-rey-presenta-su-nuevo-album-ultraviolence-video\/\",\"name\":\"Lana del Rey presenta su nuevo \\u00e1lbum Ultraviolence [Video]\"}}]},{\"@type\":\"Person\",\"@id\":\"https:\/\/www.unicas.pe\/blog\/#\/schema\/person\/60053f595c6d0f3f11ed52a01c961cdb\",\"name\":\"Katty Gora\",\"image\":{\"@type\":\"ImageObject\",\"@id\":\"https:\/\/www.unicas.pe\/blog\/#personlogo\",\"inLanguage\":\"es\",\"url\":\"https:\/\/www.unicas.pe\/blog\/wp-content\/uploads\/2019\/01\/168392_1786370415133_366102_n-150x150.jpg\",\"caption\":\"Katty Gora\"},\"description\":\"Katty is a passionate blogger, diving into different subjects like fashion, trends, styles and news and more. Discover the great insight of a true quality blogger!\"}]}<\/script>\n<!-- \/ Yoast SEO plugin. -->","_links":{"self":[{"href":"https:\/\/www.unicas.pe\/blog\/wp-json\/wp\/v2\/posts\/5916"}],"collection":[{"href":"https:\/\/www.unicas.pe\/blog\/wp-json\/wp\/v2\/posts"}],"about":[{"href":"https:\/\/www.unicas.pe\/blog\/wp-json\/wp\/v2\/types\/post"}],"author":[{"embeddable":true,"href":"https:\/\/www.unicas.pe\/blog\/wp-json\/wp\/v2\/users\/1"}],"replies":[{"embeddable":true,"href":"https:\/\/www.unicas.pe\/blog\/wp-json\/wp\/v2\/comments?post=5916"}],"version-history":[{"count":1,"href":"https:\/\/www.unicas.pe\/blog\/wp-json\/wp\/v2\/posts\/5916\/revisions"}],"predecessor-version":[{"id":10291,"href":"https:\/\/www.unicas.pe\/blog\/wp-json\/wp\/v2\/posts\/5916\/revisions\/10291"}],"wp:featuredmedia":[{"embeddable":true,"href":"https:\/\/www.unicas.pe\/blog\/wp-json\/wp\/v2\/media\/5914"}],"wp:attachment":[{"href":"https:\/\/www.unicas.pe\/blog\/wp-json\/wp\/v2\/media?parent=5916"}],"wp:term":[{"taxonomy":"category","embeddable":true,"href":"https:\/\/www.unicas.pe\/blog\/wp-json\/wp\/v2\/categories?post=5916"},{"taxonomy":"post_tag","embeddable":true,"href":"https:\/\/www.unicas.pe\/blog\/wp-json\/wp\/v2\/tags?post=5916"}],"curies":[{"name":"wp","href":"https:\/\/api.w.org\/{rel}","templated":true}]}}