{"id":606,"date":"2013-09-30T11:00:44","date_gmt":"2013-09-30T16:00:44","guid":{"rendered":"http:\/\/209.133.219.102\/~newunicas\/blog\/2013\/09\/30\/colores-para-2014\/"},"modified":"2019-01-10T21:38:52","modified_gmt":"2019-01-11T02:38:52","slug":"colores-para-2014","status":"publish","type":"post","link":"https:\/\/www.unicas.pe\/blog\/colores-para-2014\/","title":{"rendered":"\u00bfSabes cu\u00e1les ser\u00e1n los colores de moda para el 2014?"},"content":{"rendered":"<p style=\"text-align: justify;\">Intensos y claros ser\u00e1n los <strong>colores<\/strong> de <strong>moda<\/strong> que arrasar\u00e1n el 2014 en faldas, blusas, vestidos y dem\u00e1s prendas para irradiar la pr\u00f3xima temporada.<\/p>\n<p>  <!--more-->  <\/p>\n<p style=\"text-align: justify;\"><span style=\"line-height: 1.3em;\">Tal como se anunci\u00f3 en los distintos desfiles y convenciones, el blanco ser\u00e1 gran protagonista como uno de los <\/span><strong style=\"line-height: 1.3em;\">colores de moda<\/strong><span style=\"line-height: 1.3em;\">. El \u201cnuevo negro\u201d no solo ser\u00e1 motivo de verano y frescura. Por el contrario, se ha dado muestra que en invierno y oto\u00f1o el blanco es un tono tan combinable como bien visto.<\/span><\/p>\n<p><img class=\" size-full wp-image-603\" src=\"http:\/\/209.133.219.102\/~newunicas\/blog\/wp-content\/uploads\/2013\/09\/blanco.jpg\" alt=\"\u00bfSabes cu\u00e1les ser\u00e1n los colores de moda para el 2014?\" title=\"\u00bfSabes cu\u00e1les ser\u00e1n los colores de moda para el 2014?\" width=\"600\" style=\"display: block; margin-left: auto; margin-right: auto;\" srcset=\"https:\/\/www.unicas.pe\/blog\/wp-content\/uploads\/2013\/09\/blanco.jpg 650w, https:\/\/www.unicas.pe\/blog\/wp-content\/uploads\/2013\/09\/blanco-281x300.jpg 281w, https:\/\/www.unicas.pe\/blog\/wp-content\/uploads\/2013\/09\/blanco-394x420.jpg 394w\" sizes=\"(max-width: 650px) 100vw, 650px\" \/><\/p>\n<p style=\"text-align: justify;\">Los tonos claros no excluyen al palo rosa, crema y beige que pueden ser combinados con accesorios m\u00e1s oscuros para generar el contraste en el look. El rosa es otro tono que reaparecer\u00e1 no solo en blusas, sacos y dem\u00e1s, pues los varones tambi\u00e9n podr\u00e1n gozar de este suave matiz en polos, camisas, shorts, entre otros.<\/p>\n<p style=\"text-align: justify;\"><span style=\"line-height: 1.3em;\">Sobre los colores intensos, la historia es otra. Dos inseparables son los reyes: el rojo pasi\u00f3n y el azul Klein. Definitivamente dos tonos que le dar\u00e1n vida a los d\u00edas m\u00e1s oscuros y sobrios para llenar de extravagancia cada momento. Casas como <strong>Dolce &amp; Gabbana<\/strong> viene apost\u00e1ndolo todo en sus vestidos tono rojo para arrasar en la pr\u00f3xima estaci\u00f3n. Mientras tanto, la familia <strong>Coveri<\/strong> se envuelve del azul para matizarlo con tonos grises y otros estampados, dando vida a creaciones de lujo.<\/span><\/p>\n<p><img class=\" size-full wp-image-604\" src=\"http:\/\/209.133.219.102\/~newunicas\/blog\/wp-content\/uploads\/2013\/09\/rojo_pasion.jpg\" alt=\"\u00bfSabes cu\u00e1les ser\u00e1n los colores de moda para el 2014?\" title=\"\u00bfSabes cu\u00e1les ser\u00e1n los colores de moda para el 2014?\" width=\"600\" style=\"display: block; margin-left: auto; margin-right: auto;\" srcset=\"https:\/\/www.unicas.pe\/blog\/wp-content\/uploads\/2013\/09\/rojo_pasion.jpg 650w, https:\/\/www.unicas.pe\/blog\/wp-content\/uploads\/2013\/09\/rojo_pasion-235x300.jpg 235w, https:\/\/www.unicas.pe\/blog\/wp-content\/uploads\/2013\/09\/rojo_pasion-329x420.jpg 329w\" sizes=\"(max-width: 650px) 100vw, 650px\" \/><\/p>\n<p style=\"text-align: justify;\">Y no pod\u00edamos dejar de mencionar el color con el que no podemos dejar de vivir: el negro. Vestidos a l\u00edneas, estampados con superposiciones y m\u00e1s dise\u00f1os ser\u00e1n los que deleiten a quienes gustan tanto de la moda y aprovechen de estos <strong>colores de moda<\/strong> que pondr\u00e1n la cereza en el helado para una distinta temporada.<\/p>\n<p><img class=\" size-full wp-image-605\" src=\"http:\/\/209.133.219.102\/~newunicas\/blog\/wp-content\/uploads\/2013\/09\/azul_klein.jpg\" alt=\"\u00bfSabes cu\u00e1les ser\u00e1n los colores de moda para el 2014?\" title=\"\u00bfSabes cu\u00e1les ser\u00e1n los colores de moda para el 2014?\" width=\"600\" style=\"display: block; margin-left: auto; margin-right: auto;\" srcset=\"https:\/\/www.unicas.pe\/blog\/wp-content\/uploads\/2013\/09\/azul_klein.jpg 650w, https:\/\/www.unicas.pe\/blog\/wp-content\/uploads\/2013\/09\/azul_klein-200x300.jpg 200w, https:\/\/www.unicas.pe\/blog\/wp-content\/uploads\/2013\/09\/azul_klein-280x420.jpg 280w, https:\/\/www.unicas.pe\/blog\/wp-content\/uploads\/2013\/09\/azul_klein-560x840.jpg 560w\" sizes=\"(max-width: 650px) 100vw, 650px\" \/><\/p>\n","protected":false},"excerpt":{"rendered":"<p>Intensos y claros ser\u00e1n los colores de moda que arrasar\u00e1n el 2014 en faldas, blusas, vestidos y dem\u00e1s prendas para irradiar la pr\u00f3xima temporada.<\/p>\n","protected":false},"author":1,"featured_media":603,"comment_status":"closed","ping_status":"open","sticky":false,"template":"","format":"standard","meta":[],"categories":[5],"tags":[936,931,597,939,938,82,934,935,937,933],"yoast_head":"<!-- This site is optimized with the Yoast SEO plugin v16.0.2 - https:\/\/yoast.com\/wordpress\/plugins\/seo\/ -->\n<link rel=\"canonical\" href=\"https:\/\/www.unicas.pe\/blog\/colores-para-2014\/\" \/>\n<meta property=\"og:locale\" content=\"es_ES\" \/>\n<meta property=\"og:type\" content=\"article\" \/>\n<meta property=\"og:title\" content=\"\u00bfSabes cu\u00e1les ser\u00e1n los colores de moda para el 2014? - Unicas\" \/>\n<meta property=\"og:description\" content=\"Intensos y claros ser\u00e1n los colores de moda que arrasar\u00e1n el 2014 en faldas, blusas, vestidos y dem\u00e1s prendas para irradiar la pr\u00f3xima temporada.\" \/>\n<meta property=\"og:url\" content=\"https:\/\/www.unicas.pe\/blog\/colores-para-2014\/\" \/>\n<meta property=\"og:site_name\" content=\"Unicas\" \/>\n<meta property=\"article:published_time\" content=\"2013-09-30T16:00:44+00:00\" \/>\n<meta property=\"article:modified_time\" content=\"2019-01-11T02:38:52+00:00\" \/>\n<meta property=\"og:image\" content=\"https:\/\/www.unicas.pe\/blog\/wp-content\/uploads\/2013\/09\/blanco.jpg\" \/>\n\t<meta property=\"og:image:width\" content=\"650\" \/>\n\t<meta property=\"og:image:height\" content=\"693\" \/>\n<meta name=\"twitter:card\" content=\"summary_large_image\" \/>\n<meta name=\"twitter:label1\" content=\"Tiempo de lectura\">\n\t<meta name=\"twitter:data1\" content=\"1 minuto\">\n<script type=\"application\/ld+json\" class=\"yoast-schema-graph\">{\"@context\":\"https:\/\/schema.org\",\"@graph\":[{\"@type\":\"WebSite\",\"@id\":\"https:\/\/www.unicas.pe\/blog\/#website\",\"url\":\"https:\/\/www.unicas.pe\/blog\/\",\"name\":\"Unicas\",\"description\":\"Blog sobre belleza, maquillaje, moda, y mucho m\\u00e1s.\",\"potentialAction\":[{\"@type\":\"SearchAction\",\"target\":\"https:\/\/www.unicas.pe\/blog\/?s={search_term_string}\",\"query-input\":\"required name=search_term_string\"}],\"inLanguage\":\"es\"},{\"@type\":\"ImageObject\",\"@id\":\"https:\/\/www.unicas.pe\/blog\/colores-para-2014\/#primaryimage\",\"inLanguage\":\"es\",\"url\":\"https:\/\/www.unicas.pe\/blog\/wp-content\/uploads\/2013\/09\/blanco.jpg\",\"width\":650,\"height\":693,\"caption\":\"\\u00bfSabes cu\\u00e1les ser\\u00e1n los colores de moda para el 2014?\"},{\"@type\":\"WebPage\",\"@id\":\"https:\/\/www.unicas.pe\/blog\/colores-para-2014\/#webpage\",\"url\":\"https:\/\/www.unicas.pe\/blog\/colores-para-2014\/\",\"name\":\"\\u00bfSabes cu\\u00e1les ser\\u00e1n los colores de moda para el 2014? - Unicas\",\"isPartOf\":{\"@id\":\"https:\/\/www.unicas.pe\/blog\/#website\"},\"primaryImageOfPage\":{\"@id\":\"https:\/\/www.unicas.pe\/blog\/colores-para-2014\/#primaryimage\"},\"datePublished\":\"2013-09-30T16:00:44+00:00\",\"dateModified\":\"2019-01-11T02:38:52+00:00\",\"author\":{\"@id\":\"https:\/\/www.unicas.pe\/blog\/#\/schema\/person\/60053f595c6d0f3f11ed52a01c961cdb\"},\"breadcrumb\":{\"@id\":\"https:\/\/www.unicas.pe\/blog\/colores-para-2014\/#breadcrumb\"},\"inLanguage\":\"es\",\"potentialAction\":[{\"@type\":\"ReadAction\",\"target\":[\"https:\/\/www.unicas.pe\/blog\/colores-para-2014\/\"]}]},{\"@type\":\"BreadcrumbList\",\"@id\":\"https:\/\/www.unicas.pe\/blog\/colores-para-2014\/#breadcrumb\",\"itemListElement\":[{\"@type\":\"ListItem\",\"position\":1,\"item\":{\"@type\":\"WebPage\",\"@id\":\"https:\/\/www.unicas.pe\/blog\/\",\"url\":\"https:\/\/www.unicas.pe\/blog\/\",\"name\":\"Portada\"}},{\"@type\":\"ListItem\",\"position\":2,\"item\":{\"@type\":\"WebPage\",\"@id\":\"https:\/\/www.unicas.pe\/blog\/colores-para-2014\/\",\"url\":\"https:\/\/www.unicas.pe\/blog\/colores-para-2014\/\",\"name\":\"\\u00bfSabes cu\\u00e1les ser\\u00e1n los colores de moda para el 2014?\"}}]},{\"@type\":\"Person\",\"@id\":\"https:\/\/www.unicas.pe\/blog\/#\/schema\/person\/60053f595c6d0f3f11ed52a01c961cdb\",\"name\":\"Katty Gora\",\"image\":{\"@type\":\"ImageObject\",\"@id\":\"https:\/\/www.unicas.pe\/blog\/#personlogo\",\"inLanguage\":\"es\",\"url\":\"https:\/\/www.unicas.pe\/blog\/wp-content\/uploads\/2019\/01\/168392_1786370415133_366102_n-150x150.jpg\",\"caption\":\"Katty Gora\"},\"description\":\"Katty is a passionate blogger, diving into different subjects like fashion, trends, styles and news and more. Discover the great insight of a true quality blogger!\"}]}<\/script>\n<!-- \/ Yoast SEO plugin. -->","_links":{"self":[{"href":"https:\/\/www.unicas.pe\/blog\/wp-json\/wp\/v2\/posts\/606"}],"collection":[{"href":"https:\/\/www.unicas.pe\/blog\/wp-json\/wp\/v2\/posts"}],"about":[{"href":"https:\/\/www.unicas.pe\/blog\/wp-json\/wp\/v2\/types\/post"}],"author":[{"embeddable":true,"href":"https:\/\/www.unicas.pe\/blog\/wp-json\/wp\/v2\/users\/1"}],"replies":[{"embeddable":true,"href":"https:\/\/www.unicas.pe\/blog\/wp-json\/wp\/v2\/comments?post=606"}],"version-history":[{"count":1,"href":"https:\/\/www.unicas.pe\/blog\/wp-json\/wp\/v2\/posts\/606\/revisions"}],"predecessor-version":[{"id":11389,"href":"https:\/\/www.unicas.pe\/blog\/wp-json\/wp\/v2\/posts\/606\/revisions\/11389"}],"wp:featuredmedia":[{"embeddable":true,"href":"https:\/\/www.unicas.pe\/blog\/wp-json\/wp\/v2\/media\/603"}],"wp:attachment":[{"href":"https:\/\/www.unicas.pe\/blog\/wp-json\/wp\/v2\/media?parent=606"}],"wp:term":[{"taxonomy":"category","embeddable":true,"href":"https:\/\/www.unicas.pe\/blog\/wp-json\/wp\/v2\/categories?post=606"},{"taxonomy":"post_tag","embeddable":true,"href":"https:\/\/www.unicas.pe\/blog\/wp-json\/wp\/v2\/tags?post=606"}],"curies":[{"name":"wp","href":"https:\/\/api.w.org\/{rel}","templated":true}]}}