{"id":6452,"date":"2014-07-30T22:45:54","date_gmt":"2014-07-31T03:45:54","guid":{"rendered":"http:\/\/209.133.219.102\/~newunicas\/blog\/2014\/07\/30\/daniel-lazo-videoclip\/"},"modified":"2019-01-10T21:33:09","modified_gmt":"2019-01-11T02:33:09","slug":"daniel-lazo-videoclip","status":"publish","type":"post","link":"https:\/\/www.unicas.pe\/blog\/daniel-lazo-videoclip\/","title":{"rendered":"Daniel Lazo grabar\u00e1 con Percy C\u00e9spedez"},"content":{"rendered":"<p>El talentoso artista, Daniel Lazo, contin\u00faa con la realizaci\u00f3n del videoclip de su primera producci\u00f3n, Si no es contigo, que estar\u00e1 a cargo por el productor Percy \u00a0C\u00e9spedez.<\/p>\n<p>  <!--more-->  <\/p>\n<p>Luego del \u00e9xito que tuvo con su primer sencillo, \u201cSi no es contigo\u201d, Daniel Lazo est\u00e1 evocado a la realizaci\u00f3n de su videoclip. La producci\u00f3n ser\u00e1 dirigido por el reconocido director y productor Percy C\u00e9spedez.\u00a0<\/p>\n<p style=\"text-align: center;\"><img class=\" size-full wp-image-6450\" src=\"http:\/\/209.133.219.102\/~newunicas\/blog\/wp-content\/uploads\/2014\/07\/daniel-lazo-grabara-con-percy-cespedes-2.jpg\" alt=\"\" width=\"650\" srcset=\"https:\/\/www.unicas.pe\/blog\/wp-content\/uploads\/2014\/07\/daniel-lazo-grabara-con-percy-cespedes-2.jpg 650w, https:\/\/www.unicas.pe\/blog\/wp-content\/uploads\/2014\/07\/daniel-lazo-grabara-con-percy-cespedes-2-300x186.jpg 300w, https:\/\/www.unicas.pe\/blog\/wp-content\/uploads\/2014\/07\/daniel-lazo-grabara-con-percy-cespedes-2-648x404.jpg 648w, https:\/\/www.unicas.pe\/blog\/wp-content\/uploads\/2014\/07\/daniel-lazo-grabara-con-percy-cespedes-2-356x220.jpg 356w\" sizes=\"(max-width: 650px) 100vw, 650px\" \/><\/p>\n<p>El artista aprovech\u00f3 su cuenta de Facebook, para hacer una convocatoria para encontrar a los personajes del videoclip. \u00abEstamos buscando personas reales para que participen en el videoclip&#8230; Pueden ser t\u00fa y tu pareja, t\u00fa y tu mejor amigo o amiga, padres e hijos, abuelos y nietos, novios, enamorados, esposos, grupos de amigos, o cualquier persona con la que tengas una relaci\u00f3n de cari\u00f1o incondicional\u00bb, se\u00f1al\u00f3 Daniel.<\/p>\n<p style=\"text-align: center;\"><img class=\" size-full wp-image-6451\" src=\"http:\/\/209.133.219.102\/~newunicas\/blog\/wp-content\/uploads\/2014\/07\/daniel-lazo-grabara-con-percy-cespedes-3.jpg\" alt=\"\" width=\"650\" srcset=\"https:\/\/www.unicas.pe\/blog\/wp-content\/uploads\/2014\/07\/daniel-lazo-grabara-con-percy-cespedes-3.jpg 650w, https:\/\/www.unicas.pe\/blog\/wp-content\/uploads\/2014\/07\/daniel-lazo-grabara-con-percy-cespedes-3-300x267.jpg 300w, https:\/\/www.unicas.pe\/blog\/wp-content\/uploads\/2014\/07\/daniel-lazo-grabara-con-percy-cespedes-3-472x420.jpg 472w\" sizes=\"(max-width: 650px) 100vw, 650px\" \/><\/p>\n<p>\u00a0Los requisitos para la convocatoria es que las personas que se inscriban tengan alguna relaci\u00f3n de amistad, pareja con alguien. Esto para resaltar lo sincero y especial que es la relaci\u00f3n con su par. La convocatoria terminar\u00e1 el viernes 1 de agosto a la 1 p.m. para posteriormente realizar el casting y elegir al elenco e iniciar las grabaciones con el nominado al Grammy Percy C\u00e9spedes.<\/p>\n<p><strong>\u00abSi No Es Contigo\u00bb<\/strong>, contin\u00faa siendo una de las canciones m\u00e1s producidas en las plataformas musicales Spotify y Deezer, adem\u00e1s de mantenerse como una de las m\u00e1s solicitadas.<\/p>\n<p>Si deseas conocer esta gran oportunidad que te pone Daniel Lazo, te pasamos el link:<\/p>\n<p style=\"text-align: center;\">\u00a0<iframe loading=\"lazy\" src=\"\/\/www.youtube.com\/embed\/nb0GIyQDvqU\" width=\"650\" height=\"366\" frameborder=\"0\" allowfullscreen=\"\"><\/iframe><\/p>\n","protected":false},"excerpt":{"rendered":"<p>El talentoso artista, Daniel Lazo, contin\u00faa con la realizaci\u00f3n del videoclip de su primera producci\u00f3n, Si no es contigo, que estar\u00e1 a cargo por el productor Percy \u00a0C\u00e9spedez.<\/p>\n","protected":false},"author":1,"featured_media":6450,"comment_status":"closed","ping_status":"open","sticky":false,"template":"","format":"standard","meta":[],"categories":[33],"tags":[6316,465,7599,7598,5317,4514,5811,7597,1285,7596,2447,4827],"yoast_head":"<!-- This site is optimized with the Yoast SEO plugin v16.0.2 - https:\/\/yoast.com\/wordpress\/plugins\/seo\/ -->\n<link rel=\"canonical\" href=\"https:\/\/www.unicas.pe\/blog\/daniel-lazo-videoclip\/\" \/>\n<meta property=\"og:locale\" content=\"es_ES\" \/>\n<meta property=\"og:type\" content=\"article\" \/>\n<meta property=\"og:title\" content=\"Daniel Lazo grabar\u00e1 con Percy C\u00e9spedez - Unicas\" \/>\n<meta property=\"og:description\" content=\"El talentoso artista, Daniel Lazo, contin\u00faa con la realizaci\u00f3n del videoclip de su primera producci\u00f3n, Si no es contigo, que estar\u00e1 a cargo por el productor Percy \u00a0C\u00e9spedez.\" \/>\n<meta property=\"og:url\" content=\"https:\/\/www.unicas.pe\/blog\/daniel-lazo-videoclip\/\" \/>\n<meta property=\"og:site_name\" content=\"Unicas\" \/>\n<meta property=\"article:published_time\" content=\"2014-07-31T03:45:54+00:00\" \/>\n<meta property=\"article:modified_time\" content=\"2019-01-11T02:33:09+00:00\" \/>\n<meta property=\"og:image\" content=\"https:\/\/www.unicas.pe\/blog\/wp-content\/uploads\/2014\/07\/daniel-lazo-grabara-con-percy-cespedes-2.jpg\" \/>\n\t<meta property=\"og:image:width\" content=\"650\" \/>\n\t<meta property=\"og:image:height\" content=\"404\" \/>\n<meta name=\"twitter:card\" content=\"summary_large_image\" \/>\n<meta name=\"twitter:label1\" content=\"Tiempo de lectura\">\n\t<meta name=\"twitter:data1\" content=\"1 minuto\">\n<script type=\"application\/ld+json\" class=\"yoast-schema-graph\">{\"@context\":\"https:\/\/schema.org\",\"@graph\":[{\"@type\":\"WebSite\",\"@id\":\"https:\/\/www.unicas.pe\/blog\/#website\",\"url\":\"https:\/\/www.unicas.pe\/blog\/\",\"name\":\"Unicas\",\"description\":\"Blog sobre belleza, maquillaje, moda, y mucho m\\u00e1s.\",\"potentialAction\":[{\"@type\":\"SearchAction\",\"target\":\"https:\/\/www.unicas.pe\/blog\/?s={search_term_string}\",\"query-input\":\"required name=search_term_string\"}],\"inLanguage\":\"es\"},{\"@type\":\"ImageObject\",\"@id\":\"https:\/\/www.unicas.pe\/blog\/daniel-lazo-videoclip\/#primaryimage\",\"inLanguage\":\"es\",\"url\":\"https:\/\/www.unicas.pe\/blog\/wp-content\/uploads\/2014\/07\/daniel-lazo-grabara-con-percy-cespedes-2.jpg\",\"width\":650,\"height\":404},{\"@type\":\"WebPage\",\"@id\":\"https:\/\/www.unicas.pe\/blog\/daniel-lazo-videoclip\/#webpage\",\"url\":\"https:\/\/www.unicas.pe\/blog\/daniel-lazo-videoclip\/\",\"name\":\"Daniel Lazo grabar\\u00e1 con Percy C\\u00e9spedez - Unicas\",\"isPartOf\":{\"@id\":\"https:\/\/www.unicas.pe\/blog\/#website\"},\"primaryImageOfPage\":{\"@id\":\"https:\/\/www.unicas.pe\/blog\/daniel-lazo-videoclip\/#primaryimage\"},\"datePublished\":\"2014-07-31T03:45:54+00:00\",\"dateModified\":\"2019-01-11T02:33:09+00:00\",\"author\":{\"@id\":\"https:\/\/www.unicas.pe\/blog\/#\/schema\/person\/60053f595c6d0f3f11ed52a01c961cdb\"},\"breadcrumb\":{\"@id\":\"https:\/\/www.unicas.pe\/blog\/daniel-lazo-videoclip\/#breadcrumb\"},\"inLanguage\":\"es\",\"potentialAction\":[{\"@type\":\"ReadAction\",\"target\":[\"https:\/\/www.unicas.pe\/blog\/daniel-lazo-videoclip\/\"]}]},{\"@type\":\"BreadcrumbList\",\"@id\":\"https:\/\/www.unicas.pe\/blog\/daniel-lazo-videoclip\/#breadcrumb\",\"itemListElement\":[{\"@type\":\"ListItem\",\"position\":1,\"item\":{\"@type\":\"WebPage\",\"@id\":\"https:\/\/www.unicas.pe\/blog\/\",\"url\":\"https:\/\/www.unicas.pe\/blog\/\",\"name\":\"Portada\"}},{\"@type\":\"ListItem\",\"position\":2,\"item\":{\"@type\":\"WebPage\",\"@id\":\"https:\/\/www.unicas.pe\/blog\/daniel-lazo-videoclip\/\",\"url\":\"https:\/\/www.unicas.pe\/blog\/daniel-lazo-videoclip\/\",\"name\":\"Daniel Lazo grabar\\u00e1 con Percy C\\u00e9spedez\"}}]},{\"@type\":\"Person\",\"@id\":\"https:\/\/www.unicas.pe\/blog\/#\/schema\/person\/60053f595c6d0f3f11ed52a01c961cdb\",\"name\":\"Katty Gora\",\"image\":{\"@type\":\"ImageObject\",\"@id\":\"https:\/\/www.unicas.pe\/blog\/#personlogo\",\"inLanguage\":\"es\",\"url\":\"https:\/\/www.unicas.pe\/blog\/wp-content\/uploads\/2019\/01\/168392_1786370415133_366102_n-150x150.jpg\",\"caption\":\"Katty Gora\"},\"description\":\"Katty is a passionate blogger, diving into different subjects like fashion, trends, styles and news and more. Discover the great insight of a true quality blogger!\"}]}<\/script>\n<!-- \/ Yoast SEO plugin. -->","_links":{"self":[{"href":"https:\/\/www.unicas.pe\/blog\/wp-json\/wp\/v2\/posts\/6452"}],"collection":[{"href":"https:\/\/www.unicas.pe\/blog\/wp-json\/wp\/v2\/posts"}],"about":[{"href":"https:\/\/www.unicas.pe\/blog\/wp-json\/wp\/v2\/types\/post"}],"author":[{"embeddable":true,"href":"https:\/\/www.unicas.pe\/blog\/wp-json\/wp\/v2\/users\/1"}],"replies":[{"embeddable":true,"href":"https:\/\/www.unicas.pe\/blog\/wp-json\/wp\/v2\/comments?post=6452"}],"version-history":[{"count":1,"href":"https:\/\/www.unicas.pe\/blog\/wp-json\/wp\/v2\/posts\/6452\/revisions"}],"predecessor-version":[{"id":10174,"href":"https:\/\/www.unicas.pe\/blog\/wp-json\/wp\/v2\/posts\/6452\/revisions\/10174"}],"wp:featuredmedia":[{"embeddable":true,"href":"https:\/\/www.unicas.pe\/blog\/wp-json\/wp\/v2\/media\/6450"}],"wp:attachment":[{"href":"https:\/\/www.unicas.pe\/blog\/wp-json\/wp\/v2\/media?parent=6452"}],"wp:term":[{"taxonomy":"category","embeddable":true,"href":"https:\/\/www.unicas.pe\/blog\/wp-json\/wp\/v2\/categories?post=6452"},{"taxonomy":"post_tag","embeddable":true,"href":"https:\/\/www.unicas.pe\/blog\/wp-json\/wp\/v2\/tags?post=6452"}],"curies":[{"name":"wp","href":"https:\/\/api.w.org\/{rel}","templated":true}]}}