{"id":6478,"date":"2014-07-31T21:48:09","date_gmt":"2014-08-01T02:48:09","guid":{"rendered":"http:\/\/209.133.219.102\/~newunicas\/blog\/2014\/07\/31\/minifalda-historia-combinacion-moda\/"},"modified":"2019-01-10T21:33:09","modified_gmt":"2019-01-11T02:33:09","slug":"minifalda-historia-combinacion-moda","status":"publish","type":"post","link":"https:\/\/www.unicas.pe\/blog\/minifalda-historia-combinacion-moda\/","title":{"rendered":"Conoce la historia de la sexy minifalda"},"content":{"rendered":"<p>Conoce un poco m\u00e1s sobre la historia de la minifalda, como naci\u00f3 y c\u00f3mo lleg\u00f3 a ser una de las prendas m\u00e1s provocativas y sensuales de las mujeres.<\/p>\n<p>  <!--more-->  <\/p>\n<p>La minifalda fue todo una revoluci\u00f3n. Si viajamos por el tiempo, nos remontaremos a los a\u00f1os 60, cuando Mary Quant y Andr\u00e9 Courr\u00e9ges, cada uno por su lado, cortaron la falda quince cent\u00edmetros. El momento que se viv\u00eda en Europa, como la \u00a0aparici\u00f3n de la p\u00edldora anticonceptiva, las guerras mundiales y la incorporaci\u00f3n de la mujer al mundo laboral impulsaron la revoluci\u00f3n de la moda.<\/p>\n<p style=\"text-align: center;\"><img class=\" size-full wp-image-6474\" src=\"http:\/\/209.133.219.102\/~newunicas\/blog\/wp-content\/uploads\/2014\/07\/historia-minifalda-2.jpg\" alt=\"\" width=\"650\" srcset=\"https:\/\/www.unicas.pe\/blog\/wp-content\/uploads\/2014\/07\/historia-minifalda-2.jpg 650w, https:\/\/www.unicas.pe\/blog\/wp-content\/uploads\/2014\/07\/historia-minifalda-2-150x150.jpg 150w, https:\/\/www.unicas.pe\/blog\/wp-content\/uploads\/2014\/07\/historia-minifalda-2-300x300.jpg 300w, https:\/\/www.unicas.pe\/blog\/wp-content\/uploads\/2014\/07\/historia-minifalda-2-420x420.jpg 420w\" sizes=\"(max-width: 650px) 100vw, 650px\" \/><\/p>\n<p>La aparici\u00f3n de j\u00f3venes dise\u00f1adores, quienes colaboraron en crear nuevos looks femeninos, \u00a0cambio el estilo de vestir en la mujer. La minifalda result\u00f3 ser una prenda vers\u00e1til, pr\u00e1ctica y femenina. Lo que llev\u00f3 a que este accesorio tenga buena aceptaci\u00f3n en la industria de la moda.\u00a0<\/p>\n<p style=\"text-align: center;\"><img class=\" size-full wp-image-6475\" src=\"http:\/\/209.133.219.102\/~newunicas\/blog\/wp-content\/uploads\/2014\/07\/historia-minifalda-3.jpg\" alt=\"\" width=\"650\" srcset=\"https:\/\/www.unicas.pe\/blog\/wp-content\/uploads\/2014\/07\/historia-minifalda-3.jpg 650w, https:\/\/www.unicas.pe\/blog\/wp-content\/uploads\/2014\/07\/historia-minifalda-3-200x300.jpg 200w, https:\/\/www.unicas.pe\/blog\/wp-content\/uploads\/2014\/07\/historia-minifalda-3-280x420.jpg 280w, https:\/\/www.unicas.pe\/blog\/wp-content\/uploads\/2014\/07\/historia-minifalda-3-560x840.jpg 560w\" sizes=\"(max-width: 650px) 100vw, 650px\" \/><\/p>\n<p>La coqueter\u00eda femenina y la libre expresi\u00f3n conquistaron el entorno conservador. Desde entonces, y ya han pasado cincuenta a\u00f1os, esta prenda ha sufrido distintos grados de popularidad, pero, eso s\u00ed, jam\u00e1s ha llegado a desaparecer del guardarropa femenino.<\/p>\n<p>Otra posible creadora de la minifalda, fue la dise\u00f1adora Mary Quant. Para muchos, ella fue quien se atrevi\u00f3 a revolucionar el concepto de la feminidad en las prendas. La historia de la minifalda empieza con un desfile el 10 de julio de 1964, en el que Mary Quant presenta su propuesta de verano a base de faldas minis que dejaban al descubiertos los muslos.<\/p>\n<p style=\"text-align: center;\"><img class=\" size-full wp-image-6476\" src=\"http:\/\/209.133.219.102\/~newunicas\/blog\/wp-content\/uploads\/2014\/07\/historia-minifalda-4.jpg\" alt=\"\" width=\"650\" srcset=\"https:\/\/www.unicas.pe\/blog\/wp-content\/uploads\/2014\/07\/historia-minifalda-4.jpg 650w, https:\/\/www.unicas.pe\/blog\/wp-content\/uploads\/2014\/07\/historia-minifalda-4-150x150.jpg 150w, https:\/\/www.unicas.pe\/blog\/wp-content\/uploads\/2014\/07\/historia-minifalda-4-300x297.jpg 300w, https:\/\/www.unicas.pe\/blog\/wp-content\/uploads\/2014\/07\/historia-minifalda-4-424x420.jpg 424w\" sizes=\"(max-width: 650px) 100vw, 650px\" \/><\/p>\n<p>Este \u00e9xito dio la vuelta al mundo en menos de 80 d\u00edas y, poco despu\u00e9s de ese sensual espect\u00e1culo, empezaron a surgir voces que reivindicaban la autor\u00eda del invento.<\/p>\n<p style=\"text-align: center;\"><img class=\" size-full wp-image-6477\" src=\"http:\/\/209.133.219.102\/~newunicas\/blog\/wp-content\/uploads\/2014\/07\/historia-minifalda-5.jpg\" alt=\"\" width=\"650\" srcset=\"https:\/\/www.unicas.pe\/blog\/wp-content\/uploads\/2014\/07\/historia-minifalda-5.jpg 650w, https:\/\/www.unicas.pe\/blog\/wp-content\/uploads\/2014\/07\/historia-minifalda-5-300x147.jpg 300w, https:\/\/www.unicas.pe\/blog\/wp-content\/uploads\/2014\/07\/historia-minifalda-5-324x160.jpg 324w, https:\/\/www.unicas.pe\/blog\/wp-content\/uploads\/2014\/07\/historia-minifalda-5-648x318.jpg 648w, https:\/\/www.unicas.pe\/blog\/wp-content\/uploads\/2014\/07\/historia-minifalda-5-533x261.jpg 533w\" sizes=\"(max-width: 650px) 100vw, 650px\" \/><\/p>\n<p>Lo cierto es que en el 2014 la minifalda es una prenda b\u00e1sica para todas las mujeres que deseen resaltar su lado sexy. Adem\u00e1s de las formas, colores y cortes, esta prenda es parte de grandes colecciones de artistas de todo el mundo.<\/p>\n","protected":false},"excerpt":{"rendered":"<p>Conoce un poco m\u00e1s sobre la historia de la minifalda, como naci\u00f3 y c\u00f3mo lleg\u00f3 a ser una de las prendas m\u00e1s provocativas y sensuales de las mujeres.<\/p>\n","protected":false},"author":1,"featured_media":6474,"comment_status":"closed","ping_status":"open","sticky":false,"template":"","format":"standard","meta":[],"categories":[4],"tags":[451,7631,2277,1523,7630,2440,82,1399,83,483,1485],"yoast_head":"<!-- This site is optimized with the Yoast SEO plugin v16.0.2 - https:\/\/yoast.com\/wordpress\/plugins\/seo\/ -->\n<link rel=\"canonical\" href=\"https:\/\/www.unicas.pe\/blog\/minifalda-historia-combinacion-moda\/\" \/>\n<meta property=\"og:locale\" content=\"es_ES\" \/>\n<meta property=\"og:type\" content=\"article\" \/>\n<meta property=\"og:title\" content=\"Conoce la historia de la sexy minifalda - Unicas\" \/>\n<meta property=\"og:description\" content=\"Conoce un poco m\u00e1s sobre la historia de la minifalda, como naci\u00f3 y c\u00f3mo lleg\u00f3 a ser una de las prendas m\u00e1s provocativas y sensuales de las mujeres.\" \/>\n<meta property=\"og:url\" content=\"https:\/\/www.unicas.pe\/blog\/minifalda-historia-combinacion-moda\/\" \/>\n<meta property=\"og:site_name\" content=\"Unicas\" \/>\n<meta property=\"article:published_time\" content=\"2014-08-01T02:48:09+00:00\" \/>\n<meta property=\"article:modified_time\" content=\"2019-01-11T02:33:09+00:00\" \/>\n<meta property=\"og:image\" content=\"https:\/\/www.unicas.pe\/blog\/wp-content\/uploads\/2014\/07\/historia-minifalda-2.jpg\" \/>\n\t<meta property=\"og:image:width\" content=\"650\" \/>\n\t<meta property=\"og:image:height\" content=\"650\" \/>\n<meta name=\"twitter:card\" content=\"summary_large_image\" \/>\n<meta name=\"twitter:label1\" content=\"Tiempo de lectura\">\n\t<meta name=\"twitter:data1\" content=\"2 minutos\">\n<script type=\"application\/ld+json\" class=\"yoast-schema-graph\">{\"@context\":\"https:\/\/schema.org\",\"@graph\":[{\"@type\":\"WebSite\",\"@id\":\"https:\/\/www.unicas.pe\/blog\/#website\",\"url\":\"https:\/\/www.unicas.pe\/blog\/\",\"name\":\"Unicas\",\"description\":\"Blog sobre belleza, maquillaje, moda, y mucho m\\u00e1s.\",\"potentialAction\":[{\"@type\":\"SearchAction\",\"target\":\"https:\/\/www.unicas.pe\/blog\/?s={search_term_string}\",\"query-input\":\"required name=search_term_string\"}],\"inLanguage\":\"es\"},{\"@type\":\"ImageObject\",\"@id\":\"https:\/\/www.unicas.pe\/blog\/minifalda-historia-combinacion-moda\/#primaryimage\",\"inLanguage\":\"es\",\"url\":\"https:\/\/www.unicas.pe\/blog\/wp-content\/uploads\/2014\/07\/historia-minifalda-2.jpg\",\"width\":650,\"height\":650},{\"@type\":\"WebPage\",\"@id\":\"https:\/\/www.unicas.pe\/blog\/minifalda-historia-combinacion-moda\/#webpage\",\"url\":\"https:\/\/www.unicas.pe\/blog\/minifalda-historia-combinacion-moda\/\",\"name\":\"Conoce la historia de la sexy minifalda - Unicas\",\"isPartOf\":{\"@id\":\"https:\/\/www.unicas.pe\/blog\/#website\"},\"primaryImageOfPage\":{\"@id\":\"https:\/\/www.unicas.pe\/blog\/minifalda-historia-combinacion-moda\/#primaryimage\"},\"datePublished\":\"2014-08-01T02:48:09+00:00\",\"dateModified\":\"2019-01-11T02:33:09+00:00\",\"author\":{\"@id\":\"https:\/\/www.unicas.pe\/blog\/#\/schema\/person\/60053f595c6d0f3f11ed52a01c961cdb\"},\"breadcrumb\":{\"@id\":\"https:\/\/www.unicas.pe\/blog\/minifalda-historia-combinacion-moda\/#breadcrumb\"},\"inLanguage\":\"es\",\"potentialAction\":[{\"@type\":\"ReadAction\",\"target\":[\"https:\/\/www.unicas.pe\/blog\/minifalda-historia-combinacion-moda\/\"]}]},{\"@type\":\"BreadcrumbList\",\"@id\":\"https:\/\/www.unicas.pe\/blog\/minifalda-historia-combinacion-moda\/#breadcrumb\",\"itemListElement\":[{\"@type\":\"ListItem\",\"position\":1,\"item\":{\"@type\":\"WebPage\",\"@id\":\"https:\/\/www.unicas.pe\/blog\/\",\"url\":\"https:\/\/www.unicas.pe\/blog\/\",\"name\":\"Portada\"}},{\"@type\":\"ListItem\",\"position\":2,\"item\":{\"@type\":\"WebPage\",\"@id\":\"https:\/\/www.unicas.pe\/blog\/minifalda-historia-combinacion-moda\/\",\"url\":\"https:\/\/www.unicas.pe\/blog\/minifalda-historia-combinacion-moda\/\",\"name\":\"Conoce la historia de la sexy minifalda\"}}]},{\"@type\":\"Person\",\"@id\":\"https:\/\/www.unicas.pe\/blog\/#\/schema\/person\/60053f595c6d0f3f11ed52a01c961cdb\",\"name\":\"Katty Gora\",\"image\":{\"@type\":\"ImageObject\",\"@id\":\"https:\/\/www.unicas.pe\/blog\/#personlogo\",\"inLanguage\":\"es\",\"url\":\"https:\/\/www.unicas.pe\/blog\/wp-content\/uploads\/2019\/01\/168392_1786370415133_366102_n-150x150.jpg\",\"caption\":\"Katty Gora\"},\"description\":\"Katty is a passionate blogger, diving into different subjects like fashion, trends, styles and news and more. Discover the great insight of a true quality blogger!\"}]}<\/script>\n<!-- \/ Yoast SEO plugin. -->","_links":{"self":[{"href":"https:\/\/www.unicas.pe\/blog\/wp-json\/wp\/v2\/posts\/6478"}],"collection":[{"href":"https:\/\/www.unicas.pe\/blog\/wp-json\/wp\/v2\/posts"}],"about":[{"href":"https:\/\/www.unicas.pe\/blog\/wp-json\/wp\/v2\/types\/post"}],"author":[{"embeddable":true,"href":"https:\/\/www.unicas.pe\/blog\/wp-json\/wp\/v2\/users\/1"}],"replies":[{"embeddable":true,"href":"https:\/\/www.unicas.pe\/blog\/wp-json\/wp\/v2\/comments?post=6478"}],"version-history":[{"count":1,"href":"https:\/\/www.unicas.pe\/blog\/wp-json\/wp\/v2\/posts\/6478\/revisions"}],"predecessor-version":[{"id":10168,"href":"https:\/\/www.unicas.pe\/blog\/wp-json\/wp\/v2\/posts\/6478\/revisions\/10168"}],"wp:featuredmedia":[{"embeddable":true,"href":"https:\/\/www.unicas.pe\/blog\/wp-json\/wp\/v2\/media\/6474"}],"wp:attachment":[{"href":"https:\/\/www.unicas.pe\/blog\/wp-json\/wp\/v2\/media?parent=6478"}],"wp:term":[{"taxonomy":"category","embeddable":true,"href":"https:\/\/www.unicas.pe\/blog\/wp-json\/wp\/v2\/categories?post=6478"},{"taxonomy":"post_tag","embeddable":true,"href":"https:\/\/www.unicas.pe\/blog\/wp-json\/wp\/v2\/tags?post=6478"}],"curies":[{"name":"wp","href":"https:\/\/api.w.org\/{rel}","templated":true}]}}