{"id":6483,"date":"2014-07-31T23:31:26","date_gmt":"2014-08-01T04:31:26","guid":{"rendered":"http:\/\/209.133.219.102\/~newunicas\/blog\/2014\/07\/31\/maleta-basica-para-viajar\/"},"modified":"2019-01-10T21:33:09","modified_gmt":"2019-01-11T02:33:09","slug":"maleta-basica-para-viajar","status":"publish","type":"post","link":"https:\/\/www.unicas.pe\/blog\/maleta-basica-para-viajar\/","title":{"rendered":"La maleta perfecta para tus vacaciones"},"content":{"rendered":"<p>Para que pases unas lindas vacaciones, te ense\u00f1amos c\u00f3mo armar la maleta perfecta. Qu\u00e9 cosas debes llevar y no olvidar cuando vayas a divertirte.<\/p>\n<p>  <!--more-->  <\/p>\n<p>No hay como tomarse unos d\u00edas de vacaciones. Primero antes de salir de caza y tomar el vuelo o autob\u00fas, debemos alistar la maleta que llevaremos. Si estamos pensando salir de Lima y viajar a las playas del sur, llevaremos un kit completo de crema y lociones para el cuidado de la piel.<\/p>\n<p style=\"text-align: center;\"><img class=\" size-full wp-image-6479\" src=\"http:\/\/209.133.219.102\/~newunicas\/blog\/wp-content\/uploads\/2014\/07\/maleta-perfecta-para-vacaciones-2.jpg\" alt=\"\" width=\"650\" srcset=\"https:\/\/www.unicas.pe\/blog\/wp-content\/uploads\/2014\/07\/maleta-perfecta-para-vacaciones-2.jpg 650w, https:\/\/www.unicas.pe\/blog\/wp-content\/uploads\/2014\/07\/maleta-perfecta-para-vacaciones-2-300x200.jpg 300w, https:\/\/www.unicas.pe\/blog\/wp-content\/uploads\/2014\/07\/maleta-perfecta-para-vacaciones-2-648x434.jpg 648w, https:\/\/www.unicas.pe\/blog\/wp-content\/uploads\/2014\/07\/maleta-perfecta-para-vacaciones-2-629x420.jpg 629w\" sizes=\"(max-width: 650px) 100vw, 650px\" \/><\/p>\n<p>Adem\u00e1s de la piel, el cabello requiere de cierto cuidado, por ello llevando el champ\u00fa correcto podremos hidratar y revitalizar su cuidado.<\/p>\n<p style=\"text-align: center;\"><img class=\" size-full wp-image-6480\" src=\"http:\/\/209.133.219.102\/~newunicas\/blog\/wp-content\/uploads\/2014\/07\/maleta-perfecta-para-vacaciones-3.jpg\" alt=\"\" width=\"650\" srcset=\"https:\/\/www.unicas.pe\/blog\/wp-content\/uploads\/2014\/07\/maleta-perfecta-para-vacaciones-3.jpg 650w, https:\/\/www.unicas.pe\/blog\/wp-content\/uploads\/2014\/07\/maleta-perfecta-para-vacaciones-3-300x229.jpg 300w, https:\/\/www.unicas.pe\/blog\/wp-content\/uploads\/2014\/07\/maleta-perfecta-para-vacaciones-3-80x60.jpg 80w, https:\/\/www.unicas.pe\/blog\/wp-content\/uploads\/2014\/07\/maleta-perfecta-para-vacaciones-3-550x420.jpg 550w\" sizes=\"(max-width: 650px) 100vw, 650px\" \/><\/p>\n<p>Es necesario que se lleve cremas corporales de alta hidrataci\u00f3n, reafirmantes y anticelul\u00edticas. Esto permitir\u00e1 un mayor cuidado luego de estar expuestas largas horas en el sol.<\/p>\n<p style=\"text-align: center;\"><img class=\" size-full wp-image-6481\" src=\"http:\/\/209.133.219.102\/~newunicas\/blog\/wp-content\/uploads\/2014\/07\/maleta-perfecta-para-vacaciones-4.jpg\" alt=\"\" width=\"650\" srcset=\"https:\/\/www.unicas.pe\/blog\/wp-content\/uploads\/2014\/07\/maleta-perfecta-para-vacaciones-4.jpg 650w, https:\/\/www.unicas.pe\/blog\/wp-content\/uploads\/2014\/07\/maleta-perfecta-para-vacaciones-4-150x150.jpg 150w, https:\/\/www.unicas.pe\/blog\/wp-content\/uploads\/2014\/07\/maleta-perfecta-para-vacaciones-4-300x300.jpg 300w, https:\/\/www.unicas.pe\/blog\/wp-content\/uploads\/2014\/07\/maleta-perfecta-para-vacaciones-4-422x420.jpg 422w\" sizes=\"(max-width: 650px) 100vw, 650px\" \/><\/p>\n<p>Una vez que se termine de alistar los utensilios para cuerpo y piel, ahora solo queda alistar las prendas que se llevar\u00e1n. Lo recomendable son las ropas ligeras y de colores frescos, como camisetas, las conocidas marineras, los vestidos playeros.<\/p>\n<p style=\"text-align: center;\"><img class=\" size-full wp-image-6482\" src=\"http:\/\/209.133.219.102\/~newunicas\/blog\/wp-content\/uploads\/2014\/07\/maleta-perfecta-para-vacaciones-5.jpg\" alt=\"\" width=\"650\" srcset=\"https:\/\/www.unicas.pe\/blog\/wp-content\/uploads\/2014\/07\/maleta-perfecta-para-vacaciones-5.jpg 650w, https:\/\/www.unicas.pe\/blog\/wp-content\/uploads\/2014\/07\/maleta-perfecta-para-vacaciones-5-300x254.jpg 300w, https:\/\/www.unicas.pe\/blog\/wp-content\/uploads\/2014\/07\/maleta-perfecta-para-vacaciones-5-496x420.jpg 496w\" sizes=\"(max-width: 650px) 100vw, 650px\" \/><\/p>\n<p>Para el calzado es recomendable sandalias que puede tener el tono amarillo con un poco de dise\u00f1o vintage que combina con todo. No pueden faltar las insuperables hawaianas.\u00a0<\/p>\n<p>Pero sin duda el toque m\u00e1s inn, lo pone las sandalias de plataforma beiges, que cae con todo.<\/p>\n<p>Ahora disfruta de tus vacaciones teniendo todo lo necesario en la maleta.<\/p>\n","protected":false},"excerpt":{"rendered":"<p>Para que pases unas lindas vacaciones, te ense\u00f1amos c\u00f3mo armar la maleta perfecta. Qu\u00e9 cosas debes llevar y no olvidar cuando vayas a divertirte.<\/p>\n","protected":false},"author":1,"featured_media":6479,"comment_status":"closed","ping_status":"open","sticky":false,"template":"","format":"standard","meta":[],"categories":[6],"tags":[7574,1870,3549,7632,1399,1097,83,1805,1701,1028],"yoast_head":"<!-- This site is optimized with the Yoast SEO plugin v16.0.2 - https:\/\/yoast.com\/wordpress\/plugins\/seo\/ -->\n<link rel=\"canonical\" href=\"https:\/\/www.unicas.pe\/blog\/maleta-basica-para-viajar\/\" \/>\n<meta property=\"og:locale\" content=\"es_ES\" \/>\n<meta property=\"og:type\" content=\"article\" \/>\n<meta property=\"og:title\" content=\"La maleta perfecta para tus vacaciones - Unicas\" \/>\n<meta property=\"og:description\" content=\"Para que pases unas lindas vacaciones, te ense\u00f1amos c\u00f3mo armar la maleta perfecta. Qu\u00e9 cosas debes llevar y no olvidar cuando vayas a divertirte.\" \/>\n<meta property=\"og:url\" content=\"https:\/\/www.unicas.pe\/blog\/maleta-basica-para-viajar\/\" \/>\n<meta property=\"og:site_name\" content=\"Unicas\" \/>\n<meta property=\"article:published_time\" content=\"2014-08-01T04:31:26+00:00\" \/>\n<meta property=\"article:modified_time\" content=\"2019-01-11T02:33:09+00:00\" \/>\n<meta property=\"og:image\" content=\"https:\/\/www.unicas.pe\/blog\/wp-content\/uploads\/2014\/07\/maleta-perfecta-para-vacaciones-2.jpg\" \/>\n\t<meta property=\"og:image:width\" content=\"650\" \/>\n\t<meta property=\"og:image:height\" content=\"434\" \/>\n<meta name=\"twitter:card\" content=\"summary_large_image\" \/>\n<meta name=\"twitter:label1\" content=\"Tiempo de lectura\">\n\t<meta name=\"twitter:data1\" content=\"1 minuto\">\n<script type=\"application\/ld+json\" class=\"yoast-schema-graph\">{\"@context\":\"https:\/\/schema.org\",\"@graph\":[{\"@type\":\"WebSite\",\"@id\":\"https:\/\/www.unicas.pe\/blog\/#website\",\"url\":\"https:\/\/www.unicas.pe\/blog\/\",\"name\":\"Unicas\",\"description\":\"Blog sobre belleza, maquillaje, moda, y mucho m\\u00e1s.\",\"potentialAction\":[{\"@type\":\"SearchAction\",\"target\":\"https:\/\/www.unicas.pe\/blog\/?s={search_term_string}\",\"query-input\":\"required name=search_term_string\"}],\"inLanguage\":\"es\"},{\"@type\":\"ImageObject\",\"@id\":\"https:\/\/www.unicas.pe\/blog\/maleta-basica-para-viajar\/#primaryimage\",\"inLanguage\":\"es\",\"url\":\"https:\/\/www.unicas.pe\/blog\/wp-content\/uploads\/2014\/07\/maleta-perfecta-para-vacaciones-2.jpg\",\"width\":650,\"height\":434},{\"@type\":\"WebPage\",\"@id\":\"https:\/\/www.unicas.pe\/blog\/maleta-basica-para-viajar\/#webpage\",\"url\":\"https:\/\/www.unicas.pe\/blog\/maleta-basica-para-viajar\/\",\"name\":\"La maleta perfecta para tus vacaciones - Unicas\",\"isPartOf\":{\"@id\":\"https:\/\/www.unicas.pe\/blog\/#website\"},\"primaryImageOfPage\":{\"@id\":\"https:\/\/www.unicas.pe\/blog\/maleta-basica-para-viajar\/#primaryimage\"},\"datePublished\":\"2014-08-01T04:31:26+00:00\",\"dateModified\":\"2019-01-11T02:33:09+00:00\",\"author\":{\"@id\":\"https:\/\/www.unicas.pe\/blog\/#\/schema\/person\/60053f595c6d0f3f11ed52a01c961cdb\"},\"breadcrumb\":{\"@id\":\"https:\/\/www.unicas.pe\/blog\/maleta-basica-para-viajar\/#breadcrumb\"},\"inLanguage\":\"es\",\"potentialAction\":[{\"@type\":\"ReadAction\",\"target\":[\"https:\/\/www.unicas.pe\/blog\/maleta-basica-para-viajar\/\"]}]},{\"@type\":\"BreadcrumbList\",\"@id\":\"https:\/\/www.unicas.pe\/blog\/maleta-basica-para-viajar\/#breadcrumb\",\"itemListElement\":[{\"@type\":\"ListItem\",\"position\":1,\"item\":{\"@type\":\"WebPage\",\"@id\":\"https:\/\/www.unicas.pe\/blog\/\",\"url\":\"https:\/\/www.unicas.pe\/blog\/\",\"name\":\"Portada\"}},{\"@type\":\"ListItem\",\"position\":2,\"item\":{\"@type\":\"WebPage\",\"@id\":\"https:\/\/www.unicas.pe\/blog\/maleta-basica-para-viajar\/\",\"url\":\"https:\/\/www.unicas.pe\/blog\/maleta-basica-para-viajar\/\",\"name\":\"La maleta perfecta para tus vacaciones\"}}]},{\"@type\":\"Person\",\"@id\":\"https:\/\/www.unicas.pe\/blog\/#\/schema\/person\/60053f595c6d0f3f11ed52a01c961cdb\",\"name\":\"Katty Gora\",\"image\":{\"@type\":\"ImageObject\",\"@id\":\"https:\/\/www.unicas.pe\/blog\/#personlogo\",\"inLanguage\":\"es\",\"url\":\"https:\/\/www.unicas.pe\/blog\/wp-content\/uploads\/2019\/01\/168392_1786370415133_366102_n-150x150.jpg\",\"caption\":\"Katty Gora\"},\"description\":\"Katty is a passionate blogger, diving into different subjects like fashion, trends, styles and news and more. Discover the great insight of a true quality blogger!\"}]}<\/script>\n<!-- \/ Yoast SEO plugin. -->","_links":{"self":[{"href":"https:\/\/www.unicas.pe\/blog\/wp-json\/wp\/v2\/posts\/6483"}],"collection":[{"href":"https:\/\/www.unicas.pe\/blog\/wp-json\/wp\/v2\/posts"}],"about":[{"href":"https:\/\/www.unicas.pe\/blog\/wp-json\/wp\/v2\/types\/post"}],"author":[{"embeddable":true,"href":"https:\/\/www.unicas.pe\/blog\/wp-json\/wp\/v2\/users\/1"}],"replies":[{"embeddable":true,"href":"https:\/\/www.unicas.pe\/blog\/wp-json\/wp\/v2\/comments?post=6483"}],"version-history":[{"count":1,"href":"https:\/\/www.unicas.pe\/blog\/wp-json\/wp\/v2\/posts\/6483\/revisions"}],"predecessor-version":[{"id":10167,"href":"https:\/\/www.unicas.pe\/blog\/wp-json\/wp\/v2\/posts\/6483\/revisions\/10167"}],"wp:featuredmedia":[{"embeddable":true,"href":"https:\/\/www.unicas.pe\/blog\/wp-json\/wp\/v2\/media\/6479"}],"wp:attachment":[{"href":"https:\/\/www.unicas.pe\/blog\/wp-json\/wp\/v2\/media?parent=6483"}],"wp:term":[{"taxonomy":"category","embeddable":true,"href":"https:\/\/www.unicas.pe\/blog\/wp-json\/wp\/v2\/categories?post=6483"},{"taxonomy":"post_tag","embeddable":true,"href":"https:\/\/www.unicas.pe\/blog\/wp-json\/wp\/v2\/tags?post=6483"}],"curies":[{"name":"wp","href":"https:\/\/api.w.org\/{rel}","templated":true}]}}