{"id":6524,"date":"2014-08-07T15:37:19","date_gmt":"2014-08-07T20:37:19","guid":{"rendered":"http:\/\/209.133.219.102\/~newunicas\/blog\/2014\/08\/07\/dia-del-nino-prendas\/"},"modified":"2019-01-10T21:33:08","modified_gmt":"2019-01-11T02:33:08","slug":"dia-del-nino-prendas","status":"publish","type":"post","link":"https:\/\/www.unicas.pe\/blog\/dia-del-nino-prendas\/","title":{"rendered":"Celebra el D\u00eda del Ni\u00f1o con la marca EPK"},"content":{"rendered":"<p>Renueva el guardarropa de tu hijo con las nuevas prendas que trae <strong>EPK<\/strong>, en este <strong>D\u00eda del Ni\u00f1o<\/strong>. Una gama de colores y dise\u00f1os personalizados \u00a0para el engre\u00eddo de casa.<\/p>\n<p>  <!--more-->  <\/p>\n<p>Para los m\u00e1s peque\u00f1os del hogar que celebran el <strong>D\u00eda del Ni\u00f1o<\/strong>, <strong>EPK<\/strong> trae una gama de prendas innovadoras y originales con detalles elegantes y personalizados. Las opciones son diversas para que se renueve todo el guardarropa de los engre\u00eddos.\u00a0<\/p>\n<p style=\"text-align: center;\"><img class=\" size-full wp-image-6519\" src=\"http:\/\/209.133.219.102\/~newunicas\/blog\/wp-content\/uploads\/2014\/08\/dia-del-nino-epk-2.jpg\" alt=\"\" width=\"650\" srcset=\"https:\/\/www.unicas.pe\/blog\/wp-content\/uploads\/2014\/08\/dia-del-nino-epk-2.jpg 650w, https:\/\/www.unicas.pe\/blog\/wp-content\/uploads\/2014\/08\/dia-del-nino-epk-2-199x300.jpg 199w, https:\/\/www.unicas.pe\/blog\/wp-content\/uploads\/2014\/08\/dia-del-nino-epk-2-279x420.jpg 279w, https:\/\/www.unicas.pe\/blog\/wp-content\/uploads\/2014\/08\/dia-del-nino-epk-2-558x840.jpg 558w\" sizes=\"(max-width: 650px) 100vw, 650px\" \/><\/p>\n<p style=\"text-align: center;\"><img class=\" size-full wp-image-6520\" src=\"http:\/\/209.133.219.102\/~newunicas\/blog\/wp-content\/uploads\/2014\/08\/dia-del-nino-epk-3.jpg\" alt=\"\" width=\"650\" srcset=\"https:\/\/www.unicas.pe\/blog\/wp-content\/uploads\/2014\/08\/dia-del-nino-epk-3.jpg 650w, https:\/\/www.unicas.pe\/blog\/wp-content\/uploads\/2014\/08\/dia-del-nino-epk-3-199x300.jpg 199w, https:\/\/www.unicas.pe\/blog\/wp-content\/uploads\/2014\/08\/dia-del-nino-epk-3-279x420.jpg 279w, https:\/\/www.unicas.pe\/blog\/wp-content\/uploads\/2014\/08\/dia-del-nino-epk-3-558x840.jpg 558w\" sizes=\"(max-width: 650px) 100vw, 650px\" \/><\/p>\n<p>El estilo que trae <strong>EPK<\/strong> es una combinaci\u00f3n de la elegancia europea y la practicidad americana, para bebes, ni\u00f1os, ni\u00f1as y adolescentes hasta los 12 a\u00f1os. Sin duda, las mam\u00e1s, pap\u00e1s, t\u00edos y abuelos encontrar\u00e1n una experiencia singular en EPK con la promoci\u00f3n en el mes de agosto de todo a S\/. 49.00, alusivo a las vacaciones por el mes del ni\u00f1o.<\/p>\n<p style=\"text-align: center;\"><img class=\" size-full wp-image-6521\" src=\"http:\/\/209.133.219.102\/~newunicas\/blog\/wp-content\/uploads\/2014\/08\/dia-del-nino-epk-4.jpg\" alt=\"\" width=\"650\" srcset=\"https:\/\/www.unicas.pe\/blog\/wp-content\/uploads\/2014\/08\/dia-del-nino-epk-4.jpg 650w, https:\/\/www.unicas.pe\/blog\/wp-content\/uploads\/2014\/08\/dia-del-nino-epk-4-300x199.jpg 300w, https:\/\/www.unicas.pe\/blog\/wp-content\/uploads\/2014\/08\/dia-del-nino-epk-4-648x431.jpg 648w, https:\/\/www.unicas.pe\/blog\/wp-content\/uploads\/2014\/08\/dia-del-nino-epk-4-633x420.jpg 633w\" sizes=\"(max-width: 650px) 100vw, 650px\" \/><\/p>\n<p>EPK ya cuenta con una nueva tienda en el centro comercial Salaverry, de Jes\u00fas Mar\u00eda, que tiene un espacio muy acogedor para ni\u00f1os y grandes. Adem\u00e1s en Lima est\u00e1 presente en \u00a0el Boulevard Jockey Plaza Primer Nivel Tda.20 \u2013 Surco; Ernesto Plascencia 199, altura cdra. 5 Av. Conquistadores \u2013 San Isidro, Centro Comercial la Rambla, primer nivel; Centro Comercial MegaPlaza, segundo nivel y en el Centro Comercial Aventura Mall de Trujillo y Arequipa.<\/p>\n<p style=\"text-align: center;\"><img class=\" size-full wp-image-6522\" src=\"http:\/\/209.133.219.102\/~newunicas\/blog\/wp-content\/uploads\/2014\/08\/dia-del-nino-epk-5.jpg\" alt=\"\" width=\"650\" srcset=\"https:\/\/www.unicas.pe\/blog\/wp-content\/uploads\/2014\/08\/dia-del-nino-epk-5.jpg 650w, https:\/\/www.unicas.pe\/blog\/wp-content\/uploads\/2014\/08\/dia-del-nino-epk-5-199x300.jpg 199w, https:\/\/www.unicas.pe\/blog\/wp-content\/uploads\/2014\/08\/dia-del-nino-epk-5-279x420.jpg 279w, https:\/\/www.unicas.pe\/blog\/wp-content\/uploads\/2014\/08\/dia-del-nino-epk-5-558x840.jpg 558w\" sizes=\"(max-width: 650px) 100vw, 650px\" \/><\/p>\n<p style=\"text-align: center;\"><img class=\" size-full wp-image-6523\" src=\"http:\/\/209.133.219.102\/~newunicas\/blog\/wp-content\/uploads\/2014\/08\/dia-del-nino-epk-6.jpg\" alt=\"\" width=\"650\" srcset=\"https:\/\/www.unicas.pe\/blog\/wp-content\/uploads\/2014\/08\/dia-del-nino-epk-6.jpg 650w, https:\/\/www.unicas.pe\/blog\/wp-content\/uploads\/2014\/08\/dia-del-nino-epk-6-300x199.jpg 300w, https:\/\/www.unicas.pe\/blog\/wp-content\/uploads\/2014\/08\/dia-del-nino-epk-6-648x431.jpg 648w, https:\/\/www.unicas.pe\/blog\/wp-content\/uploads\/2014\/08\/dia-del-nino-epk-6-633x420.jpg 633w\" sizes=\"(max-width: 650px) 100vw, 650px\" \/><\/p>\n<p>En este D\u00eda del Ni\u00f1o, celebra con tu peque\u00f1o como se merece y visita cualquiera de las tiendas de EPK, donde lindos dise\u00f1os esperan por ti.\u00a0<\/p>\n","protected":false},"excerpt":{"rendered":"<p>Renueva el guardarropa de tu hijo con las nuevas prendas que trae EPK, en este D\u00eda del Ni\u00f1o. Una gama de colores y dise\u00f1os personalizados \u00a0para el engre\u00eddo de casa.<\/p>\n","protected":false},"author":1,"featured_media":6519,"comment_status":"closed","ping_status":"open","sticky":false,"template":"","format":"standard","meta":[],"categories":[4],"tags":[703,6935,597,7672,2116,6630,5722,6664,6634,7682,1607,83,6660],"yoast_head":"<!-- This site is optimized with the Yoast SEO plugin v16.0.2 - https:\/\/yoast.com\/wordpress\/plugins\/seo\/ -->\n<link rel=\"canonical\" href=\"https:\/\/www.unicas.pe\/blog\/dia-del-nino-prendas\/\" \/>\n<meta property=\"og:locale\" content=\"es_ES\" \/>\n<meta property=\"og:type\" content=\"article\" \/>\n<meta property=\"og:title\" content=\"Celebra el D\u00eda del Ni\u00f1o con la marca EPK - Unicas\" \/>\n<meta property=\"og:description\" content=\"Renueva el guardarropa de tu hijo con las nuevas prendas que trae EPK, en este D\u00eda del Ni\u00f1o. Una gama de colores y dise\u00f1os personalizados \u00a0para el engre\u00eddo de casa.\" \/>\n<meta property=\"og:url\" content=\"https:\/\/www.unicas.pe\/blog\/dia-del-nino-prendas\/\" \/>\n<meta property=\"og:site_name\" content=\"Unicas\" \/>\n<meta property=\"article:published_time\" content=\"2014-08-07T20:37:19+00:00\" \/>\n<meta property=\"article:modified_time\" content=\"2019-01-11T02:33:08+00:00\" \/>\n<meta property=\"og:image\" content=\"https:\/\/www.unicas.pe\/blog\/wp-content\/uploads\/2014\/08\/dia-del-nino-epk-2.jpg\" \/>\n\t<meta property=\"og:image:width\" content=\"650\" \/>\n\t<meta property=\"og:image:height\" content=\"979\" \/>\n<meta name=\"twitter:card\" content=\"summary_large_image\" \/>\n<meta name=\"twitter:label1\" content=\"Tiempo de lectura\">\n\t<meta name=\"twitter:data1\" content=\"1 minuto\">\n<script type=\"application\/ld+json\" class=\"yoast-schema-graph\">{\"@context\":\"https:\/\/schema.org\",\"@graph\":[{\"@type\":\"WebSite\",\"@id\":\"https:\/\/www.unicas.pe\/blog\/#website\",\"url\":\"https:\/\/www.unicas.pe\/blog\/\",\"name\":\"Unicas\",\"description\":\"Blog sobre belleza, maquillaje, moda, y mucho m\\u00e1s.\",\"potentialAction\":[{\"@type\":\"SearchAction\",\"target\":\"https:\/\/www.unicas.pe\/blog\/?s={search_term_string}\",\"query-input\":\"required name=search_term_string\"}],\"inLanguage\":\"es\"},{\"@type\":\"ImageObject\",\"@id\":\"https:\/\/www.unicas.pe\/blog\/dia-del-nino-prendas\/#primaryimage\",\"inLanguage\":\"es\",\"url\":\"https:\/\/www.unicas.pe\/blog\/wp-content\/uploads\/2014\/08\/dia-del-nino-epk-2.jpg\",\"width\":650,\"height\":979},{\"@type\":\"WebPage\",\"@id\":\"https:\/\/www.unicas.pe\/blog\/dia-del-nino-prendas\/#webpage\",\"url\":\"https:\/\/www.unicas.pe\/blog\/dia-del-nino-prendas\/\",\"name\":\"Celebra el D\\u00eda del Ni\\u00f1o con la marca EPK - Unicas\",\"isPartOf\":{\"@id\":\"https:\/\/www.unicas.pe\/blog\/#website\"},\"primaryImageOfPage\":{\"@id\":\"https:\/\/www.unicas.pe\/blog\/dia-del-nino-prendas\/#primaryimage\"},\"datePublished\":\"2014-08-07T20:37:19+00:00\",\"dateModified\":\"2019-01-11T02:33:08+00:00\",\"author\":{\"@id\":\"https:\/\/www.unicas.pe\/blog\/#\/schema\/person\/60053f595c6d0f3f11ed52a01c961cdb\"},\"breadcrumb\":{\"@id\":\"https:\/\/www.unicas.pe\/blog\/dia-del-nino-prendas\/#breadcrumb\"},\"inLanguage\":\"es\",\"potentialAction\":[{\"@type\":\"ReadAction\",\"target\":[\"https:\/\/www.unicas.pe\/blog\/dia-del-nino-prendas\/\"]}]},{\"@type\":\"BreadcrumbList\",\"@id\":\"https:\/\/www.unicas.pe\/blog\/dia-del-nino-prendas\/#breadcrumb\",\"itemListElement\":[{\"@type\":\"ListItem\",\"position\":1,\"item\":{\"@type\":\"WebPage\",\"@id\":\"https:\/\/www.unicas.pe\/blog\/\",\"url\":\"https:\/\/www.unicas.pe\/blog\/\",\"name\":\"Portada\"}},{\"@type\":\"ListItem\",\"position\":2,\"item\":{\"@type\":\"WebPage\",\"@id\":\"https:\/\/www.unicas.pe\/blog\/dia-del-nino-prendas\/\",\"url\":\"https:\/\/www.unicas.pe\/blog\/dia-del-nino-prendas\/\",\"name\":\"Celebra el D\\u00eda del Ni\\u00f1o con la marca EPK\"}}]},{\"@type\":\"Person\",\"@id\":\"https:\/\/www.unicas.pe\/blog\/#\/schema\/person\/60053f595c6d0f3f11ed52a01c961cdb\",\"name\":\"Katty Gora\",\"image\":{\"@type\":\"ImageObject\",\"@id\":\"https:\/\/www.unicas.pe\/blog\/#personlogo\",\"inLanguage\":\"es\",\"url\":\"https:\/\/www.unicas.pe\/blog\/wp-content\/uploads\/2019\/01\/168392_1786370415133_366102_n-150x150.jpg\",\"caption\":\"Katty Gora\"},\"description\":\"Katty is a passionate blogger, diving into different subjects like fashion, trends, styles and news and more. Discover the great insight of a true quality blogger!\"}]}<\/script>\n<!-- \/ Yoast SEO plugin. -->","_links":{"self":[{"href":"https:\/\/www.unicas.pe\/blog\/wp-json\/wp\/v2\/posts\/6524"}],"collection":[{"href":"https:\/\/www.unicas.pe\/blog\/wp-json\/wp\/v2\/posts"}],"about":[{"href":"https:\/\/www.unicas.pe\/blog\/wp-json\/wp\/v2\/types\/post"}],"author":[{"embeddable":true,"href":"https:\/\/www.unicas.pe\/blog\/wp-json\/wp\/v2\/users\/1"}],"replies":[{"embeddable":true,"href":"https:\/\/www.unicas.pe\/blog\/wp-json\/wp\/v2\/comments?post=6524"}],"version-history":[{"count":1,"href":"https:\/\/www.unicas.pe\/blog\/wp-json\/wp\/v2\/posts\/6524\/revisions"}],"predecessor-version":[{"id":10155,"href":"https:\/\/www.unicas.pe\/blog\/wp-json\/wp\/v2\/posts\/6524\/revisions\/10155"}],"wp:featuredmedia":[{"embeddable":true,"href":"https:\/\/www.unicas.pe\/blog\/wp-json\/wp\/v2\/media\/6519"}],"wp:attachment":[{"href":"https:\/\/www.unicas.pe\/blog\/wp-json\/wp\/v2\/media?parent=6524"}],"wp:term":[{"taxonomy":"category","embeddable":true,"href":"https:\/\/www.unicas.pe\/blog\/wp-json\/wp\/v2\/categories?post=6524"},{"taxonomy":"post_tag","embeddable":true,"href":"https:\/\/www.unicas.pe\/blog\/wp-json\/wp\/v2\/tags?post=6524"}],"curies":[{"name":"wp","href":"https:\/\/api.w.org\/{rel}","templated":true}]}}