{"id":6582,"date":"2014-08-13T14:49:24","date_gmt":"2014-08-13T19:49:24","guid":{"rendered":"http:\/\/209.133.219.102\/~newunicas\/blog\/2014\/08\/13\/fonseca-presentacion-feria-del-hogar\/"},"modified":"2019-01-10T21:33:06","modified_gmt":"2019-01-11T02:33:06","slug":"fonseca-presentacion-feria-del-hogar","status":"publish","type":"post","link":"https:\/\/www.unicas.pe\/blog\/fonseca-presentacion-feria-del-hogar\/","title":{"rendered":"Fonseca tuvo exitosa presentaci\u00f3n en Lima"},"content":{"rendered":"<p>El cantante colombiano, <strong>Fonseca<\/strong> cautiv\u00f3 a todo el p\u00fablico peruano en su presentaci\u00f3n en la Feria del Hogar. El destacado artista regal\u00f3 varias de sus mejores canciones.<\/p>\n<p>  <!--more-->  <\/p>\n<p>M\u00e1s de cuatro mil almas se hicieron presentes en el concierto del exitoso cantante colombiano, <strong>Fonseca<\/strong>, realizado en La Feria del Hogar. El encuentro se realiz\u00f3 el pasado siete de agosto, que se inici\u00f3 con su hit \u201cEres mi sue\u00f1o\u201d en el escenario del gran estelar de la feria. El artista interpret\u00f3 sus mejores canciones destacando temas como \u201cEnr\u00e9dame\u201d, \u201cBeautiful Sunshine\u201d, \u201cDesde que no est\u00e1s\u201d, \u201cArroyito\u201d, y bailaron de principio a fin \u201cHace tiempo\u201d y \u201cTe Mando Flores\u201d.<\/p>\n<p style=\"text-align: center;\"><img class=\" size-full wp-image-6581\" src=\"http:\/\/209.133.219.102\/~newunicas\/blog\/wp-content\/uploads\/2014\/08\/fonseca-presentacion-lima-2.jpg\" alt=\"\" width=\"650\" srcset=\"https:\/\/www.unicas.pe\/blog\/wp-content\/uploads\/2014\/08\/fonseca-presentacion-lima-2.jpg 650w, https:\/\/www.unicas.pe\/blog\/wp-content\/uploads\/2014\/08\/fonseca-presentacion-lima-2-300x233.jpg 300w, https:\/\/www.unicas.pe\/blog\/wp-content\/uploads\/2014\/08\/fonseca-presentacion-lima-2-542x420.jpg 542w\" sizes=\"(max-width: 650px) 100vw, 650px\" \/><\/p>\n<p>Luego de hora y media de show, el cantautor colombiano agradeci\u00f3 a sus compatriotas y al p\u00fablico que se hizo presente, e incluso se anim\u00f3 a brindar con ellos, por el cari\u00f1o que recibi\u00f3 desde la primera vez que lleg\u00f3 a Per\u00fa. Fonseca acaba de lanzar su m\u00e1s reciente trabajo Fonseca Sinf\u00f3nico Con La Orquesta Sinf\u00f3nica Nacional de Colombia, alcanzando Disco de Platino en su natal Colombia, mientras que en la tienda digital iTunes lider\u00f3 la lista de \u00e1lbumes en cinco pa\u00edses de manera simult\u00e1nea. Todos los asistentes disfrutaron de una noche inolvidable en compa\u00f1\u00eda de <strong>Fonseca<\/strong>, quien deleit\u00f3 con lo mejor de su m\u00fasica.<\/p>\n","protected":false},"excerpt":{"rendered":"<p>El cantante colombiano, Fonseca cautiv\u00f3 a todo el p\u00fablico peruano en su presentaci\u00f3n en la Feria del Hogar. El destacado artista regal\u00f3 varias de sus mejores canciones.<\/p>\n","protected":false},"author":1,"featured_media":6581,"comment_status":"closed","ping_status":"open","sticky":false,"template":"","format":"standard","meta":[],"categories":[33],"tags":[6316,7751,2113,5429,6834,1847,7718,7750,7752],"yoast_head":"<!-- This site is optimized with the Yoast SEO plugin v16.0.2 - https:\/\/yoast.com\/wordpress\/plugins\/seo\/ -->\n<link rel=\"canonical\" href=\"https:\/\/www.unicas.pe\/blog\/fonseca-presentacion-feria-del-hogar\/\" \/>\n<meta property=\"og:locale\" content=\"es_ES\" \/>\n<meta property=\"og:type\" content=\"article\" \/>\n<meta property=\"og:title\" content=\"Fonseca tuvo exitosa presentaci\u00f3n en Lima - Unicas\" \/>\n<meta property=\"og:description\" content=\"El cantante colombiano, Fonseca cautiv\u00f3 a todo el p\u00fablico peruano en su presentaci\u00f3n en la Feria del Hogar. El destacado artista regal\u00f3 varias de sus mejores canciones.\" \/>\n<meta property=\"og:url\" content=\"https:\/\/www.unicas.pe\/blog\/fonseca-presentacion-feria-del-hogar\/\" \/>\n<meta property=\"og:site_name\" content=\"Unicas\" \/>\n<meta property=\"article:published_time\" content=\"2014-08-13T19:49:24+00:00\" \/>\n<meta property=\"article:modified_time\" content=\"2019-01-11T02:33:06+00:00\" \/>\n<meta property=\"og:image\" content=\"https:\/\/www.unicas.pe\/blog\/wp-content\/uploads\/2014\/08\/fonseca-presentacion-lima-2.jpg\" \/>\n\t<meta property=\"og:image:width\" content=\"650\" \/>\n\t<meta property=\"og:image:height\" content=\"504\" \/>\n<meta name=\"twitter:card\" content=\"summary_large_image\" \/>\n<meta name=\"twitter:label1\" content=\"Tiempo de lectura\">\n\t<meta name=\"twitter:data1\" content=\"1 minuto\">\n<script type=\"application\/ld+json\" class=\"yoast-schema-graph\">{\"@context\":\"https:\/\/schema.org\",\"@graph\":[{\"@type\":\"WebSite\",\"@id\":\"https:\/\/www.unicas.pe\/blog\/#website\",\"url\":\"https:\/\/www.unicas.pe\/blog\/\",\"name\":\"Unicas\",\"description\":\"Blog sobre belleza, maquillaje, moda, y mucho m\\u00e1s.\",\"potentialAction\":[{\"@type\":\"SearchAction\",\"target\":\"https:\/\/www.unicas.pe\/blog\/?s={search_term_string}\",\"query-input\":\"required name=search_term_string\"}],\"inLanguage\":\"es\"},{\"@type\":\"ImageObject\",\"@id\":\"https:\/\/www.unicas.pe\/blog\/fonseca-presentacion-feria-del-hogar\/#primaryimage\",\"inLanguage\":\"es\",\"url\":\"https:\/\/www.unicas.pe\/blog\/wp-content\/uploads\/2014\/08\/fonseca-presentacion-lima-2.jpg\",\"width\":650,\"height\":504},{\"@type\":\"WebPage\",\"@id\":\"https:\/\/www.unicas.pe\/blog\/fonseca-presentacion-feria-del-hogar\/#webpage\",\"url\":\"https:\/\/www.unicas.pe\/blog\/fonseca-presentacion-feria-del-hogar\/\",\"name\":\"Fonseca tuvo exitosa presentaci\\u00f3n en Lima - Unicas\",\"isPartOf\":{\"@id\":\"https:\/\/www.unicas.pe\/blog\/#website\"},\"primaryImageOfPage\":{\"@id\":\"https:\/\/www.unicas.pe\/blog\/fonseca-presentacion-feria-del-hogar\/#primaryimage\"},\"datePublished\":\"2014-08-13T19:49:24+00:00\",\"dateModified\":\"2019-01-11T02:33:06+00:00\",\"author\":{\"@id\":\"https:\/\/www.unicas.pe\/blog\/#\/schema\/person\/60053f595c6d0f3f11ed52a01c961cdb\"},\"breadcrumb\":{\"@id\":\"https:\/\/www.unicas.pe\/blog\/fonseca-presentacion-feria-del-hogar\/#breadcrumb\"},\"inLanguage\":\"es\",\"potentialAction\":[{\"@type\":\"ReadAction\",\"target\":[\"https:\/\/www.unicas.pe\/blog\/fonseca-presentacion-feria-del-hogar\/\"]}]},{\"@type\":\"BreadcrumbList\",\"@id\":\"https:\/\/www.unicas.pe\/blog\/fonseca-presentacion-feria-del-hogar\/#breadcrumb\",\"itemListElement\":[{\"@type\":\"ListItem\",\"position\":1,\"item\":{\"@type\":\"WebPage\",\"@id\":\"https:\/\/www.unicas.pe\/blog\/\",\"url\":\"https:\/\/www.unicas.pe\/blog\/\",\"name\":\"Portada\"}},{\"@type\":\"ListItem\",\"position\":2,\"item\":{\"@type\":\"WebPage\",\"@id\":\"https:\/\/www.unicas.pe\/blog\/fonseca-presentacion-feria-del-hogar\/\",\"url\":\"https:\/\/www.unicas.pe\/blog\/fonseca-presentacion-feria-del-hogar\/\",\"name\":\"Fonseca tuvo exitosa presentaci\\u00f3n en Lima\"}}]},{\"@type\":\"Person\",\"@id\":\"https:\/\/www.unicas.pe\/blog\/#\/schema\/person\/60053f595c6d0f3f11ed52a01c961cdb\",\"name\":\"Katty Gora\",\"image\":{\"@type\":\"ImageObject\",\"@id\":\"https:\/\/www.unicas.pe\/blog\/#personlogo\",\"inLanguage\":\"es\",\"url\":\"https:\/\/www.unicas.pe\/blog\/wp-content\/uploads\/2019\/01\/168392_1786370415133_366102_n-150x150.jpg\",\"caption\":\"Katty Gora\"},\"description\":\"Katty is a passionate blogger, diving into different subjects like fashion, trends, styles and news and more. Discover the great insight of a true quality blogger!\"}]}<\/script>\n<!-- \/ Yoast SEO plugin. -->","_links":{"self":[{"href":"https:\/\/www.unicas.pe\/blog\/wp-json\/wp\/v2\/posts\/6582"}],"collection":[{"href":"https:\/\/www.unicas.pe\/blog\/wp-json\/wp\/v2\/posts"}],"about":[{"href":"https:\/\/www.unicas.pe\/blog\/wp-json\/wp\/v2\/types\/post"}],"author":[{"embeddable":true,"href":"https:\/\/www.unicas.pe\/blog\/wp-json\/wp\/v2\/users\/1"}],"replies":[{"embeddable":true,"href":"https:\/\/www.unicas.pe\/blog\/wp-json\/wp\/v2\/comments?post=6582"}],"version-history":[{"count":1,"href":"https:\/\/www.unicas.pe\/blog\/wp-json\/wp\/v2\/posts\/6582\/revisions"}],"predecessor-version":[{"id":10138,"href":"https:\/\/www.unicas.pe\/blog\/wp-json\/wp\/v2\/posts\/6582\/revisions\/10138"}],"wp:featuredmedia":[{"embeddable":true,"href":"https:\/\/www.unicas.pe\/blog\/wp-json\/wp\/v2\/media\/6581"}],"wp:attachment":[{"href":"https:\/\/www.unicas.pe\/blog\/wp-json\/wp\/v2\/media?parent=6582"}],"wp:term":[{"taxonomy":"category","embeddable":true,"href":"https:\/\/www.unicas.pe\/blog\/wp-json\/wp\/v2\/categories?post=6582"},{"taxonomy":"post_tag","embeddable":true,"href":"https:\/\/www.unicas.pe\/blog\/wp-json\/wp\/v2\/tags?post=6582"}],"curies":[{"name":"wp","href":"https:\/\/api.w.org\/{rel}","templated":true}]}}