{"id":6613,"date":"2014-08-15T21:33:56","date_gmt":"2014-08-16T02:33:56","guid":{"rendered":"http:\/\/209.133.219.102\/~newunicas\/blog\/2014\/08\/15\/plaza-norte-karina-rivera-dia-del-nino\/"},"modified":"2019-01-10T21:33:06","modified_gmt":"2019-01-11T02:33:06","slug":"plaza-norte-karina-rivera-dia-del-nino","status":"publish","type":"post","link":"https:\/\/www.unicas.pe\/blog\/plaza-norte-karina-rivera-dia-del-nino\/","title":{"rendered":"Plaza Norte organiza fiesta con Karina Rivera por el D\u00eda del Ni\u00f1o"},"content":{"rendered":"<p>El <strong>Centro Comercial Plaza Norte<\/strong> ofrecer\u00e1 este 17 de agosto el Show M\u00e1gico de Karina Rivera por el D\u00eda del Ni\u00f1o.<\/p>\n<p>  <!--more-->  <\/p>\n<p>Como parte de las celebraciones por el Mes del Ni\u00f1o, <strong>Plaza Norte<\/strong>, el centro comercial m\u00e1s grande del pa\u00eds, ofrecer\u00e1 este 17 de agosto el <strong>show m\u00e1gico de Karina Rivera<\/strong> a partir de las 3 de la tarde en nueva Plaza de Restaurantes, Adem\u00e1s, habr\u00e1 sorteo de 3 scooters, 10 polos de Marca Per\u00fa y muchas sorpresas m\u00e1s. La entrada es totalmente libre. Tambi\u00e9n, en el Teatro de Plaza Norte, se estar\u00e1 presentando la obra CUATRO AMIGOS Y LA CHOMPA PERDIDA, una puesta en escena para toda la familia.<\/p>\n<p><img class=\" size-full wp-image-6610\" style=\"display: block; margin-left: auto; margin-right: auto;\" src=\"http:\/\/209.133.219.102\/~newunicas\/blog\/wp-content\/uploads\/2014\/08\/plaza-norte-fiesta-karina-rivera-2.jpg\" alt=\"\" width=\"650\" srcset=\"https:\/\/www.unicas.pe\/blog\/wp-content\/uploads\/2014\/08\/plaza-norte-fiesta-karina-rivera-2.jpg 650w, https:\/\/www.unicas.pe\/blog\/wp-content\/uploads\/2014\/08\/plaza-norte-fiesta-karina-rivera-2-300x200.jpg 300w, https:\/\/www.unicas.pe\/blog\/wp-content\/uploads\/2014\/08\/plaza-norte-fiesta-karina-rivera-2-648x433.jpg 648w, https:\/\/www.unicas.pe\/blog\/wp-content\/uploads\/2014\/08\/plaza-norte-fiesta-karina-rivera-2-630x420.jpg 630w\" sizes=\"(max-width: 650px) 100vw, 650px\" \/><\/p>\n<p>Adem\u00e1s de estas actividades, el centro comercial Plaza Norte, tiene programado un sinf\u00edn de eventos infantiles durante todo el mes de agosto, con motivo de la celebraci\u00f3n del D\u00eda del Ni\u00f1o, apostando por la diversi\u00f3n y el sano entretenimiento de los peque\u00f1os visitantes, como karaokes, show de t\u00edteres, degustaciones en Starbucks, Pinkberry, Dunkin Donust, los shows infantiles de Happyland y presentaci\u00f3n de ciencia con Mad Science. Tambi\u00e9n habr\u00e1 talleres de manualidades, de reposter\u00eda, de arte y contar\u00e1n con la visita de zanqueros, magos y m\u00fasicos infantiles, quienes realizar\u00e1n divertidos concursos y se dar\u00e1n grandiosos premios para los ni\u00f1os y ni\u00f1as.<\/p>\n<p><em><strong>\u201cLos padres buscan actividades que se puedan compartir en familia, adem\u00e1s se preocupan mucho por encontrar lugares donde puedan llevar a sus hijos a pasar un d\u00eda con ellos, es por esta raz\u00f3n que en el centro comercial Plaza Norte, nuestros visitantes \u00a0podr\u00e1n disfrutar de su comida preferida, divertirse \u00a0en nuestras atracciones mec\u00e1nicas, ir al cine, al teatro y realizar sus compras en nuestras tiendas exclusivas para ni\u00f1os\u201d<\/strong><\/em>, se\u00f1al\u00f3 Elka Popjordanova, Gerente General de Plaza Norte.<\/p>\n<p><img class=\" size-full wp-image-6611\" style=\"display: block; margin-left: auto; margin-right: auto;\" src=\"http:\/\/209.133.219.102\/~newunicas\/blog\/wp-content\/uploads\/2014\/08\/plaza-norte-fiesta-karina-rivera-3.jpg\" alt=\"\" width=\"650\" srcset=\"https:\/\/www.unicas.pe\/blog\/wp-content\/uploads\/2014\/08\/plaza-norte-fiesta-karina-rivera-3.jpg 650w, https:\/\/www.unicas.pe\/blog\/wp-content\/uploads\/2014\/08\/plaza-norte-fiesta-karina-rivera-3-300x200.jpg 300w, https:\/\/www.unicas.pe\/blog\/wp-content\/uploads\/2014\/08\/plaza-norte-fiesta-karina-rivera-3-648x433.jpg 648w, https:\/\/www.unicas.pe\/blog\/wp-content\/uploads\/2014\/08\/plaza-norte-fiesta-karina-rivera-3-630x420.jpg 630w\" sizes=\"(max-width: 650px) 100vw, 650px\" \/><\/p>\n<h2>Ni\u00f1os por siempre<\/h2>\n<p>Como parte de la campa\u00f1a por el Mes del Ni\u00f1o, en el centro comercial Plaza Norte se ha preparado el circuito \u201cJuegos del Ayer\u201d, que consiste en lograr que los padres compartan y ense\u00f1en a sus hijos lo mejor de su ni\u00f1ez, con una activaci\u00f3n muy entretenida de \u00a0los juegos de anta\u00f1o m\u00e1s conocidos, entre los cuales destacan las canicas, el Juego de la Liga y Jackses, el Bolero, Diavolo, Yo yo y Rum Rum, el Salta Soga, Juego del Mundo, Trompo y Talleres para Elaborar Cometas.\u00a0<\/p>\n<p><strong><em>\u00abQueremos que los m\u00e1s peque\u00f1os de la casa disfruten de su d\u00eda con el m\u00e1s sano entretenimiento y esta actividad es una muestra de ello. Ser\u00e1 una aventura para grandes y chicos. Estos juegos estar\u00e1n todo el Mes del Ni\u00f1o para que los papas e hijos pasen momentos divertidos y se distraigan un poco de los juguetes tecnol\u00f3gicos. Adem\u00e1s, el centro comercial estar\u00e1 ambientado como una feria, con m\u00e1quinas de algod\u00f3n, puestos de canchita, revoluci\u00f3n caliente, manzanas acarameladas, etc.\u201d<\/em><\/strong> agreg\u00f3 la ejecutiva.<\/p>\n<p><img class=\" size-full wp-image-6612\" style=\"display: block; margin-left: auto; margin-right: auto;\" src=\"http:\/\/209.133.219.102\/~newunicas\/blog\/wp-content\/uploads\/2014\/08\/plaza-norte-fiesta-karina-rivera-4.jpg\" alt=\"\" width=\"650\" srcset=\"https:\/\/www.unicas.pe\/blog\/wp-content\/uploads\/2014\/08\/plaza-norte-fiesta-karina-rivera-4.jpg 650w, https:\/\/www.unicas.pe\/blog\/wp-content\/uploads\/2014\/08\/plaza-norte-fiesta-karina-rivera-4-300x120.jpg 300w, https:\/\/www.unicas.pe\/blog\/wp-content\/uploads\/2014\/08\/plaza-norte-fiesta-karina-rivera-4-648x261.jpg 648w\" sizes=\"(max-width: 650px) 100vw, 650px\" \/><\/p>\n<p>Se puede afirmar que la mejor fiesta del D\u00eda del Ni\u00f1o se realizar\u00e1 en el Centro Comercial Plaza Norte, por eso invitan a todas las familias para que compartan juntos estas lindas festividades.<\/p>\n","protected":false},"excerpt":{"rendered":"<p>El Centro Comercial Plaza Norte ofrecer\u00e1 este 17 de agosto el Show M\u00e1gico de Karina Rivera por el D\u00eda del Ni\u00f1o.<\/p>\n","protected":false},"author":1,"featured_media":6610,"comment_status":"closed","ping_status":"open","sticky":false,"template":"","format":"standard","meta":[],"categories":[22],"tags":[4640,7768,7672,7769,7770,6666,7771,7772],"yoast_head":"<!-- This site is optimized with the Yoast SEO plugin v16.0.2 - https:\/\/yoast.com\/wordpress\/plugins\/seo\/ -->\n<link rel=\"canonical\" href=\"https:\/\/www.unicas.pe\/blog\/plaza-norte-karina-rivera-dia-del-nino\/\" \/>\n<meta property=\"og:locale\" content=\"es_ES\" \/>\n<meta property=\"og:type\" content=\"article\" \/>\n<meta property=\"og:title\" content=\"Plaza Norte organiza fiesta con Karina Rivera por el D\u00eda del Ni\u00f1o - Unicas\" \/>\n<meta property=\"og:description\" content=\"El Centro Comercial Plaza Norte ofrecer\u00e1 este 17 de agosto el Show M\u00e1gico de Karina Rivera por el D\u00eda del Ni\u00f1o.\" \/>\n<meta property=\"og:url\" content=\"https:\/\/www.unicas.pe\/blog\/plaza-norte-karina-rivera-dia-del-nino\/\" \/>\n<meta property=\"og:site_name\" content=\"Unicas\" \/>\n<meta property=\"article:published_time\" content=\"2014-08-16T02:33:56+00:00\" \/>\n<meta property=\"article:modified_time\" content=\"2019-01-11T02:33:06+00:00\" \/>\n<meta property=\"og:image\" content=\"https:\/\/www.unicas.pe\/blog\/wp-content\/uploads\/2014\/08\/plaza-norte-fiesta-karina-rivera-2.jpg\" \/>\n\t<meta property=\"og:image:width\" content=\"650\" \/>\n\t<meta property=\"og:image:height\" content=\"433\" \/>\n<meta name=\"twitter:card\" content=\"summary_large_image\" \/>\n<meta name=\"twitter:label1\" content=\"Tiempo de lectura\">\n\t<meta name=\"twitter:data1\" content=\"3 minutos\">\n<script type=\"application\/ld+json\" class=\"yoast-schema-graph\">{\"@context\":\"https:\/\/schema.org\",\"@graph\":[{\"@type\":\"WebSite\",\"@id\":\"https:\/\/www.unicas.pe\/blog\/#website\",\"url\":\"https:\/\/www.unicas.pe\/blog\/\",\"name\":\"Unicas\",\"description\":\"Blog sobre belleza, maquillaje, moda, y mucho m\\u00e1s.\",\"potentialAction\":[{\"@type\":\"SearchAction\",\"target\":\"https:\/\/www.unicas.pe\/blog\/?s={search_term_string}\",\"query-input\":\"required name=search_term_string\"}],\"inLanguage\":\"es\"},{\"@type\":\"ImageObject\",\"@id\":\"https:\/\/www.unicas.pe\/blog\/plaza-norte-karina-rivera-dia-del-nino\/#primaryimage\",\"inLanguage\":\"es\",\"url\":\"https:\/\/www.unicas.pe\/blog\/wp-content\/uploads\/2014\/08\/plaza-norte-fiesta-karina-rivera-2.jpg\",\"width\":650,\"height\":433},{\"@type\":\"WebPage\",\"@id\":\"https:\/\/www.unicas.pe\/blog\/plaza-norte-karina-rivera-dia-del-nino\/#webpage\",\"url\":\"https:\/\/www.unicas.pe\/blog\/plaza-norte-karina-rivera-dia-del-nino\/\",\"name\":\"Plaza Norte organiza fiesta con Karina Rivera por el D\\u00eda del Ni\\u00f1o - Unicas\",\"isPartOf\":{\"@id\":\"https:\/\/www.unicas.pe\/blog\/#website\"},\"primaryImageOfPage\":{\"@id\":\"https:\/\/www.unicas.pe\/blog\/plaza-norte-karina-rivera-dia-del-nino\/#primaryimage\"},\"datePublished\":\"2014-08-16T02:33:56+00:00\",\"dateModified\":\"2019-01-11T02:33:06+00:00\",\"author\":{\"@id\":\"https:\/\/www.unicas.pe\/blog\/#\/schema\/person\/60053f595c6d0f3f11ed52a01c961cdb\"},\"breadcrumb\":{\"@id\":\"https:\/\/www.unicas.pe\/blog\/plaza-norte-karina-rivera-dia-del-nino\/#breadcrumb\"},\"inLanguage\":\"es\",\"potentialAction\":[{\"@type\":\"ReadAction\",\"target\":[\"https:\/\/www.unicas.pe\/blog\/plaza-norte-karina-rivera-dia-del-nino\/\"]}]},{\"@type\":\"BreadcrumbList\",\"@id\":\"https:\/\/www.unicas.pe\/blog\/plaza-norte-karina-rivera-dia-del-nino\/#breadcrumb\",\"itemListElement\":[{\"@type\":\"ListItem\",\"position\":1,\"item\":{\"@type\":\"WebPage\",\"@id\":\"https:\/\/www.unicas.pe\/blog\/\",\"url\":\"https:\/\/www.unicas.pe\/blog\/\",\"name\":\"Portada\"}},{\"@type\":\"ListItem\",\"position\":2,\"item\":{\"@type\":\"WebPage\",\"@id\":\"https:\/\/www.unicas.pe\/blog\/plaza-norte-karina-rivera-dia-del-nino\/\",\"url\":\"https:\/\/www.unicas.pe\/blog\/plaza-norte-karina-rivera-dia-del-nino\/\",\"name\":\"Plaza Norte organiza fiesta con Karina Rivera por el D\\u00eda del Ni\\u00f1o\"}}]},{\"@type\":\"Person\",\"@id\":\"https:\/\/www.unicas.pe\/blog\/#\/schema\/person\/60053f595c6d0f3f11ed52a01c961cdb\",\"name\":\"Katty Gora\",\"image\":{\"@type\":\"ImageObject\",\"@id\":\"https:\/\/www.unicas.pe\/blog\/#personlogo\",\"inLanguage\":\"es\",\"url\":\"https:\/\/www.unicas.pe\/blog\/wp-content\/uploads\/2019\/01\/168392_1786370415133_366102_n-150x150.jpg\",\"caption\":\"Katty Gora\"},\"description\":\"Katty is a passionate blogger, diving into different subjects like fashion, trends, styles and news and more. Discover the great insight of a true quality blogger!\"}]}<\/script>\n<!-- \/ Yoast SEO plugin. -->","_links":{"self":[{"href":"https:\/\/www.unicas.pe\/blog\/wp-json\/wp\/v2\/posts\/6613"}],"collection":[{"href":"https:\/\/www.unicas.pe\/blog\/wp-json\/wp\/v2\/posts"}],"about":[{"href":"https:\/\/www.unicas.pe\/blog\/wp-json\/wp\/v2\/types\/post"}],"author":[{"embeddable":true,"href":"https:\/\/www.unicas.pe\/blog\/wp-json\/wp\/v2\/users\/1"}],"replies":[{"embeddable":true,"href":"https:\/\/www.unicas.pe\/blog\/wp-json\/wp\/v2\/comments?post=6613"}],"version-history":[{"count":1,"href":"https:\/\/www.unicas.pe\/blog\/wp-json\/wp\/v2\/posts\/6613\/revisions"}],"predecessor-version":[{"id":10132,"href":"https:\/\/www.unicas.pe\/blog\/wp-json\/wp\/v2\/posts\/6613\/revisions\/10132"}],"wp:featuredmedia":[{"embeddable":true,"href":"https:\/\/www.unicas.pe\/blog\/wp-json\/wp\/v2\/media\/6610"}],"wp:attachment":[{"href":"https:\/\/www.unicas.pe\/blog\/wp-json\/wp\/v2\/media?parent=6613"}],"wp:term":[{"taxonomy":"category","embeddable":true,"href":"https:\/\/www.unicas.pe\/blog\/wp-json\/wp\/v2\/categories?post=6613"},{"taxonomy":"post_tag","embeddable":true,"href":"https:\/\/www.unicas.pe\/blog\/wp-json\/wp\/v2\/tags?post=6613"}],"curies":[{"name":"wp","href":"https:\/\/api.w.org\/{rel}","templated":true}]}}