{"id":6675,"date":"2014-08-25T20:40:59","date_gmt":"2014-08-26T01:40:59","guid":{"rendered":"http:\/\/209.133.219.102\/~newunicas\/blog\/2014\/08\/25\/oriflame-the-one-lanzamiento\/"},"modified":"2019-01-10T21:32:37","modified_gmt":"2019-01-11T02:32:37","slug":"oriflame-the-one-lanzamiento","status":"publish","type":"post","link":"https:\/\/www.unicas.pe\/blog\/oriflame-the-one-lanzamiento\/","title":{"rendered":"Oriflame presenta su nueva l\u00ednea de maquillaje THE ONE"},"content":{"rendered":"<p>La nueva l\u00ednea de maquillaje de <strong>Oriflame<\/strong>, The One fue presentado oficialmente en el hotel Radisson con la asistencia de reconocidas figuras del espect\u00e1culo.<\/p>\n<p>  <!--more-->  <\/p>\n<p><strong>THE ONE<\/strong> es el lanzamiento m\u00e1s importante en la historia de la marca de belleza sueca Oriflame. Introduciendo m\u00e1s de 30 innovadores y vers\u00e1tiles productos de maquillaje, THE ONE permite definir el propio estilo y realzar la belleza \u00fanica de cada mujer. Adem\u00e1s, est\u00e1 inspirada en las \u00faltimas tendencias que fusiona el mundo de la belleza con el de la moda, creando una conexi\u00f3n hacia la marca.<\/p>\n<p style=\"text-align: center;\"><img class=\" size-full wp-image-6673\" src=\"http:\/\/209.133.219.102\/~newunicas\/blog\/wp-content\/uploads\/2014\/08\/lineaTHEONE650.jpg\" alt=\"\" width=\"600\" srcset=\"https:\/\/www.unicas.pe\/blog\/wp-content\/uploads\/2014\/08\/lineaTHEONE650.jpg 650w, https:\/\/www.unicas.pe\/blog\/wp-content\/uploads\/2014\/08\/lineaTHEONE650-295x300.jpg 295w, https:\/\/www.unicas.pe\/blog\/wp-content\/uploads\/2014\/08\/lineaTHEONE650-413x420.jpg 413w\" sizes=\"(max-width: 650px) 100vw, 650px\" \/><\/p>\n<p>El evento de lanzamiento se llev\u00f3 a cabo en la terraza del hotel Radisson donde las asistentes tuvieron la oportunidad de probar la nueva l\u00ednea de maquillaje <strong>THE ONE<\/strong> de la mano de maquilladores profesionales. Al evento tambi\u00e9n asistieron reconocidas personalidades como Sandra Vergara, Claudia Abusada, Mayra Couto y reconocidas modelos y bloggers de moda local.<\/p>\n<p style=\"text-align: center;\"><img class=\" size-full wp-image-6674\" src=\"http:\/\/209.133.219.102\/~newunicas\/blog\/wp-content\/uploads\/2014\/08\/SUBCATEGORIAS.jpg\" alt=\"\" width=\"600\" srcset=\"https:\/\/www.unicas.pe\/blog\/wp-content\/uploads\/2014\/08\/SUBCATEGORIAS.jpg 650w, https:\/\/www.unicas.pe\/blog\/wp-content\/uploads\/2014\/08\/SUBCATEGORIAS-300x135.jpg 300w, https:\/\/www.unicas.pe\/blog\/wp-content\/uploads\/2014\/08\/SUBCATEGORIAS-648x292.jpg 648w\" sizes=\"(max-width: 650px) 100vw, 650px\" \/><\/p>\n<p>La l\u00ednea de maquillaje <strong>THE ONE<\/strong>, permite crear una multitud de looks, del dram\u00e1tico, al m\u00e1s glamoroso; del look sofisticado del d\u00eda a d\u00eda, a la belleza que se mantiene perfecta todo el tiempo.<\/p>\n<p>La l\u00ednea se compone de tres sub-categor\u00edas: Belleza diaria, Alto impacto y Larga duraci\u00f3n, asegurando una belleza \u00fanica para cada ocasi\u00f3n. \u00a0<\/p>\n<p style=\"text-align: center;\"><iframe loading=\"lazy\" src=\"\/\/www.youtube.com\/embed\/upElI78HDAM\" width=\"600\" height=\"338\" frameborder=\"0\" allowfullscreen=\"\"><\/iframe><\/p>\n<p>\u00a0{oziogallery 999}<\/p>\n","protected":false},"excerpt":{"rendered":"<p>La nueva l\u00ednea de maquillaje de Oriflame, The One fue presentado oficialmente en el hotel Radisson con la asistencia de reconocidas figuras del espect\u00e1culo.<\/p>\n","protected":false},"author":1,"featured_media":6673,"comment_status":"closed","ping_status":"open","sticky":false,"template":"","format":"standard","meta":[],"categories":[30],"tags":[7881,7880,7882,108,7878,6497,7883,7877,7879],"yoast_head":"<!-- This site is optimized with the Yoast SEO plugin v16.0.2 - https:\/\/yoast.com\/wordpress\/plugins\/seo\/ -->\n<link rel=\"canonical\" href=\"https:\/\/www.unicas.pe\/blog\/oriflame-the-one-lanzamiento\/\" \/>\n<meta property=\"og:locale\" content=\"es_ES\" \/>\n<meta property=\"og:type\" content=\"article\" \/>\n<meta property=\"og:title\" content=\"Oriflame presenta su nueva l\u00ednea de maquillaje THE ONE - Unicas\" \/>\n<meta property=\"og:description\" content=\"La nueva l\u00ednea de maquillaje de Oriflame, The One fue presentado oficialmente en el hotel Radisson con la asistencia de reconocidas figuras del espect\u00e1culo.\" \/>\n<meta property=\"og:url\" content=\"https:\/\/www.unicas.pe\/blog\/oriflame-the-one-lanzamiento\/\" \/>\n<meta property=\"og:site_name\" content=\"Unicas\" \/>\n<meta property=\"article:published_time\" content=\"2014-08-26T01:40:59+00:00\" \/>\n<meta property=\"article:modified_time\" content=\"2019-01-11T02:32:37+00:00\" \/>\n<meta property=\"og:image\" content=\"https:\/\/www.unicas.pe\/blog\/wp-content\/uploads\/2014\/08\/lineaTHEONE650.jpg\" \/>\n\t<meta property=\"og:image:width\" content=\"650\" \/>\n\t<meta property=\"og:image:height\" content=\"661\" \/>\n<meta name=\"twitter:card\" content=\"summary_large_image\" \/>\n<meta name=\"twitter:label1\" content=\"Tiempo de lectura\">\n\t<meta name=\"twitter:data1\" content=\"1 minuto\">\n<script type=\"application\/ld+json\" class=\"yoast-schema-graph\">{\"@context\":\"https:\/\/schema.org\",\"@graph\":[{\"@type\":\"WebSite\",\"@id\":\"https:\/\/www.unicas.pe\/blog\/#website\",\"url\":\"https:\/\/www.unicas.pe\/blog\/\",\"name\":\"Unicas\",\"description\":\"Blog sobre belleza, maquillaje, moda, y mucho m\\u00e1s.\",\"potentialAction\":[{\"@type\":\"SearchAction\",\"target\":\"https:\/\/www.unicas.pe\/blog\/?s={search_term_string}\",\"query-input\":\"required name=search_term_string\"}],\"inLanguage\":\"es\"},{\"@type\":\"ImageObject\",\"@id\":\"https:\/\/www.unicas.pe\/blog\/oriflame-the-one-lanzamiento\/#primaryimage\",\"inLanguage\":\"es\",\"url\":\"https:\/\/www.unicas.pe\/blog\/wp-content\/uploads\/2014\/08\/lineaTHEONE650.jpg\",\"width\":650,\"height\":661},{\"@type\":\"WebPage\",\"@id\":\"https:\/\/www.unicas.pe\/blog\/oriflame-the-one-lanzamiento\/#webpage\",\"url\":\"https:\/\/www.unicas.pe\/blog\/oriflame-the-one-lanzamiento\/\",\"name\":\"Oriflame presenta su nueva l\\u00ednea de maquillaje THE ONE - Unicas\",\"isPartOf\":{\"@id\":\"https:\/\/www.unicas.pe\/blog\/#website\"},\"primaryImageOfPage\":{\"@id\":\"https:\/\/www.unicas.pe\/blog\/oriflame-the-one-lanzamiento\/#primaryimage\"},\"datePublished\":\"2014-08-26T01:40:59+00:00\",\"dateModified\":\"2019-01-11T02:32:37+00:00\",\"author\":{\"@id\":\"https:\/\/www.unicas.pe\/blog\/#\/schema\/person\/60053f595c6d0f3f11ed52a01c961cdb\"},\"breadcrumb\":{\"@id\":\"https:\/\/www.unicas.pe\/blog\/oriflame-the-one-lanzamiento\/#breadcrumb\"},\"inLanguage\":\"es\",\"potentialAction\":[{\"@type\":\"ReadAction\",\"target\":[\"https:\/\/www.unicas.pe\/blog\/oriflame-the-one-lanzamiento\/\"]}]},{\"@type\":\"BreadcrumbList\",\"@id\":\"https:\/\/www.unicas.pe\/blog\/oriflame-the-one-lanzamiento\/#breadcrumb\",\"itemListElement\":[{\"@type\":\"ListItem\",\"position\":1,\"item\":{\"@type\":\"WebPage\",\"@id\":\"https:\/\/www.unicas.pe\/blog\/\",\"url\":\"https:\/\/www.unicas.pe\/blog\/\",\"name\":\"Portada\"}},{\"@type\":\"ListItem\",\"position\":2,\"item\":{\"@type\":\"WebPage\",\"@id\":\"https:\/\/www.unicas.pe\/blog\/oriflame-the-one-lanzamiento\/\",\"url\":\"https:\/\/www.unicas.pe\/blog\/oriflame-the-one-lanzamiento\/\",\"name\":\"Oriflame presenta su nueva l\\u00ednea de maquillaje THE ONE\"}}]},{\"@type\":\"Person\",\"@id\":\"https:\/\/www.unicas.pe\/blog\/#\/schema\/person\/60053f595c6d0f3f11ed52a01c961cdb\",\"name\":\"Katty Gora\",\"image\":{\"@type\":\"ImageObject\",\"@id\":\"https:\/\/www.unicas.pe\/blog\/#personlogo\",\"inLanguage\":\"es\",\"url\":\"https:\/\/www.unicas.pe\/blog\/wp-content\/uploads\/2019\/01\/168392_1786370415133_366102_n-150x150.jpg\",\"caption\":\"Katty Gora\"},\"description\":\"Katty is a passionate blogger, diving into different subjects like fashion, trends, styles and news and more. Discover the great insight of a true quality blogger!\"}]}<\/script>\n<!-- \/ Yoast SEO plugin. -->","_links":{"self":[{"href":"https:\/\/www.unicas.pe\/blog\/wp-json\/wp\/v2\/posts\/6675"}],"collection":[{"href":"https:\/\/www.unicas.pe\/blog\/wp-json\/wp\/v2\/posts"}],"about":[{"href":"https:\/\/www.unicas.pe\/blog\/wp-json\/wp\/v2\/types\/post"}],"author":[{"embeddable":true,"href":"https:\/\/www.unicas.pe\/blog\/wp-json\/wp\/v2\/users\/1"}],"replies":[{"embeddable":true,"href":"https:\/\/www.unicas.pe\/blog\/wp-json\/wp\/v2\/comments?post=6675"}],"version-history":[{"count":1,"href":"https:\/\/www.unicas.pe\/blog\/wp-json\/wp\/v2\/posts\/6675\/revisions"}],"predecessor-version":[{"id":10111,"href":"https:\/\/www.unicas.pe\/blog\/wp-json\/wp\/v2\/posts\/6675\/revisions\/10111"}],"wp:featuredmedia":[{"embeddable":true,"href":"https:\/\/www.unicas.pe\/blog\/wp-json\/wp\/v2\/media\/6673"}],"wp:attachment":[{"href":"https:\/\/www.unicas.pe\/blog\/wp-json\/wp\/v2\/media?parent=6675"}],"wp:term":[{"taxonomy":"category","embeddable":true,"href":"https:\/\/www.unicas.pe\/blog\/wp-json\/wp\/v2\/categories?post=6675"},{"taxonomy":"post_tag","embeddable":true,"href":"https:\/\/www.unicas.pe\/blog\/wp-json\/wp\/v2\/tags?post=6675"}],"curies":[{"name":"wp","href":"https:\/\/api.w.org\/{rel}","templated":true}]}}