{"id":6733,"date":"2014-08-29T17:39:21","date_gmt":"2014-08-29T22:39:21","guid":{"rendered":"http:\/\/209.133.219.102\/~newunicas\/blog\/2014\/08\/29\/samsung-uhd-curvo-miguel-chevalier\/"},"modified":"2019-01-10T21:32:36","modified_gmt":"2019-01-11T02:32:36","slug":"samsung-uhd-curvo-miguel-chevalier","status":"publish","type":"post","link":"https:\/\/www.unicas.pe\/blog\/samsung-uhd-curvo-miguel-chevalier\/","title":{"rendered":"Samsung colabora con Miguel Chevalier en el \u00abOrigen de la Curva\u00bb en IFA 2014"},"content":{"rendered":"<p>El artista digital con mayor renombre en la Instalaci\u00f3n de arte inmersivo combina el arte y la tecnolog\u00eda en un <strong>Samsung UHD Curvo<\/strong> para demostrar el poder de la curva.<\/p>\n<p>  <!--more-->  <\/p>\n<p>Samsung Electronics Co., Ltd., anunci\u00f3 su asociaci\u00f3n con el mundialmente renombrado artista digital Miguel Chevalier para crear el \u00abOrigen de la Curva\u00bb, una instalaci\u00f3n de arte digital que estar\u00e1 en exhibici\u00f3n en el stand de Samsung en IFA 2014, a partir del 5 al 10 de setiembre. A trav\u00e9s de su brillante fusi\u00f3n de la tecnolog\u00eda y el arte, el \u00abOrigen de la Curva\u00bb representa un nuevo y emocional enfoque de marketing creativo. Los asistentes tendr\u00e1n la oportunidad de experimentar el poder de la curva con la experiencia sensorial, totalmente inmersiva, proporcionada por la instalaci\u00f3n de arte po\u00e9tico y elegante de Miguel Chevalier a base del dise\u00f1o incre\u00edble y natural del nuevo televisor Samsung UHD Curvo.\u00a0<\/p>\n<p>El \u00abOrigen de la Curva\u00bb se compone de varios arcos superpuestos y m\u00faltiples televisores curvos de Samsung que muestran cambiantes ilustraciones de realidad virtual y transiciones en movimiento coreogr\u00e1fico de m\u00fasica generativa, proporcionada por el compositor, Jacopo Baboni Schilingi. Para amplificar la experiencia multi-sensorial e inmersiva, sensores infrarrojos permitir\u00e1n a los asistentes en IFA 2014 poder interactuar con el \u00abOrigen de la Curva\u00bb mediante la creaci\u00f3n de distintas fluctuaciones visuales con patrones intrincados de colores en sus pantallas de televisi\u00f3n curvas.\u00a0<\/p>\n<p>\u00abEl origen de la curva\u00bb se muestra con una ultra alta definici\u00f3n en resoluci\u00f3n, para proporcionar una representaci\u00f3n impresionante \u00a0del color UHD en el nuevo TV Curvo de Samsung.<\/p>\n<p>\u00abCuando se trabaja con im\u00e1genes digitales como un medio, es crucial tener lo \u00faltimo en capacidades de visualizaci\u00f3n, para la ejecuci\u00f3n exitosa de mis creaciones\u00bb, dijo el artista de renombre mundial, Miguel Chevalier. \u00abEl nuevo Samsung UHD Curvo se fusion\u00f3 a la perfecci\u00f3n con mi direcci\u00f3n art\u00edstica de &#8216;El origen de la curva&#8217;, ya que ofrece la mejor capacidad de alta definici\u00f3n y color, junto con un elegante dise\u00f1o curvo que te atrae y envuelve al espectador.\u00bb\u00a0<\/p>\n<p style=\"text-align: center;\"><img class=\" size-full wp-image-6732\" src=\"http:\/\/209.133.219.102\/~newunicas\/blog\/wp-content\/uploads\/2014\/08\/samsung-miguel-chevalier-origen-curva-ifa-2014-2.jpg\" alt=\"\" width=\"650\" srcset=\"https:\/\/www.unicas.pe\/blog\/wp-content\/uploads\/2014\/08\/samsung-miguel-chevalier-origen-curva-ifa-2014-2.jpg 650w, https:\/\/www.unicas.pe\/blog\/wp-content\/uploads\/2014\/08\/samsung-miguel-chevalier-origen-curva-ifa-2014-2-300x225.jpg 300w, https:\/\/www.unicas.pe\/blog\/wp-content\/uploads\/2014\/08\/samsung-miguel-chevalier-origen-curva-ifa-2014-2-80x60.jpg 80w, https:\/\/www.unicas.pe\/blog\/wp-content\/uploads\/2014\/08\/samsung-miguel-chevalier-origen-curva-ifa-2014-2-160x120.jpg 160w, https:\/\/www.unicas.pe\/blog\/wp-content\/uploads\/2014\/08\/samsung-miguel-chevalier-origen-curva-ifa-2014-2-265x198.jpg 265w, https:\/\/www.unicas.pe\/blog\/wp-content\/uploads\/2014\/08\/samsung-miguel-chevalier-origen-curva-ifa-2014-2-530x396.jpg 530w, https:\/\/www.unicas.pe\/blog\/wp-content\/uploads\/2014\/08\/samsung-miguel-chevalier-origen-curva-ifa-2014-2-648x487.jpg 648w, https:\/\/www.unicas.pe\/blog\/wp-content\/uploads\/2014\/08\/samsung-miguel-chevalier-origen-curva-ifa-2014-2-561x420.jpg 561w\" sizes=\"(max-width: 650px) 100vw, 650px\" \/><\/p>\n<p>Demostrando la creciente fusi\u00f3n del mundo del arte y la tecnolog\u00eda, el \u00abOrigen de la Curva\u00bb se inspira en la forma espec\u00edfica, inmersiva de im\u00e1genes vivas del nuevo televisor Samsung UHD Curvo.<\/p>\n<p>\u00abNos estamos conectando con nuestros clientes de una manera m\u00e1s emocional a trav\u00e9s de nuestra colaboraci\u00f3n con Miguel Chevalier,\u00bb dijo Yoonjung Lee, Vice Presidente de la Pantalla Visual Business en Samsung Electronics. \u00abA partir de la feria IFA, vamos a tratar de imprimir\u00bb el Poder de la curva &#8216;en la mente de los consumidores mediante la visualizaci\u00f3n art\u00edstica, efectos visuales de primera calidad en el Samsung TV curvo\u00bb.<\/p>\n<p>Miguel Chevalier es un artista franc\u00e9s, conocido como uno de los pioneros en el arte digital, trabaja en el nuevo estilo de arte usando una computadora desde 1978. Tambi\u00e9n ha organizado enormes exposiciones de proyecci\u00f3n a escala en las principales ciudades al aire libre, en espacios p\u00fablicos, museos y centros de arte contempor\u00e1neo en Europa, Asia, Estados Unidos y Sur de Am\u00e9rica.<\/p>\n","protected":false},"excerpt":{"rendered":"<p>El artista digital con mayor renombre en la Instalaci\u00f3n de arte inmersivo combina el arte y la tecnolog\u00eda en un Samsung UHD Curvo para demostrar el poder de la curva.<\/p>\n","protected":false},"author":1,"featured_media":6732,"comment_status":"closed","ping_status":"open","sticky":false,"template":"","format":"standard","meta":[],"categories":[25],"tags":[7954,7952,7953,7951,164,7950,7097,7776],"yoast_head":"<!-- This site is optimized with the Yoast SEO plugin v16.0.2 - https:\/\/yoast.com\/wordpress\/plugins\/seo\/ -->\n<link rel=\"canonical\" href=\"https:\/\/www.unicas.pe\/blog\/samsung-uhd-curvo-miguel-chevalier\/\" \/>\n<meta property=\"og:locale\" content=\"es_ES\" \/>\n<meta property=\"og:type\" content=\"article\" \/>\n<meta property=\"og:title\" content=\"Samsung colabora con Miguel Chevalier en el &quot;Origen de la Curva&quot; en IFA 2014 - Unicas\" \/>\n<meta property=\"og:description\" content=\"El artista digital con mayor renombre en la Instalaci\u00f3n de arte inmersivo combina el arte y la tecnolog\u00eda en un Samsung UHD Curvo para demostrar el poder de la curva.\" \/>\n<meta property=\"og:url\" content=\"https:\/\/www.unicas.pe\/blog\/samsung-uhd-curvo-miguel-chevalier\/\" \/>\n<meta property=\"og:site_name\" content=\"Unicas\" \/>\n<meta property=\"article:published_time\" content=\"2014-08-29T22:39:21+00:00\" \/>\n<meta property=\"article:modified_time\" content=\"2019-01-11T02:32:36+00:00\" \/>\n<meta property=\"og:image\" content=\"https:\/\/www.unicas.pe\/blog\/wp-content\/uploads\/2014\/08\/samsung-miguel-chevalier-origen-curva-ifa-2014-2.jpg\" \/>\n\t<meta property=\"og:image:width\" content=\"650\" \/>\n\t<meta property=\"og:image:height\" content=\"487\" \/>\n<meta name=\"twitter:card\" content=\"summary_large_image\" \/>\n<meta name=\"twitter:label1\" content=\"Tiempo de lectura\">\n\t<meta name=\"twitter:data1\" content=\"3 minutos\">\n<script type=\"application\/ld+json\" class=\"yoast-schema-graph\">{\"@context\":\"https:\/\/schema.org\",\"@graph\":[{\"@type\":\"WebSite\",\"@id\":\"https:\/\/www.unicas.pe\/blog\/#website\",\"url\":\"https:\/\/www.unicas.pe\/blog\/\",\"name\":\"Unicas\",\"description\":\"Blog sobre belleza, maquillaje, moda, y mucho m\\u00e1s.\",\"potentialAction\":[{\"@type\":\"SearchAction\",\"target\":\"https:\/\/www.unicas.pe\/blog\/?s={search_term_string}\",\"query-input\":\"required name=search_term_string\"}],\"inLanguage\":\"es\"},{\"@type\":\"ImageObject\",\"@id\":\"https:\/\/www.unicas.pe\/blog\/samsung-uhd-curvo-miguel-chevalier\/#primaryimage\",\"inLanguage\":\"es\",\"url\":\"https:\/\/www.unicas.pe\/blog\/wp-content\/uploads\/2014\/08\/samsung-miguel-chevalier-origen-curva-ifa-2014-2.jpg\",\"width\":650,\"height\":487},{\"@type\":\"WebPage\",\"@id\":\"https:\/\/www.unicas.pe\/blog\/samsung-uhd-curvo-miguel-chevalier\/#webpage\",\"url\":\"https:\/\/www.unicas.pe\/blog\/samsung-uhd-curvo-miguel-chevalier\/\",\"name\":\"Samsung colabora con Miguel Chevalier en el \\\"Origen de la Curva\\\" en IFA 2014 - Unicas\",\"isPartOf\":{\"@id\":\"https:\/\/www.unicas.pe\/blog\/#website\"},\"primaryImageOfPage\":{\"@id\":\"https:\/\/www.unicas.pe\/blog\/samsung-uhd-curvo-miguel-chevalier\/#primaryimage\"},\"datePublished\":\"2014-08-29T22:39:21+00:00\",\"dateModified\":\"2019-01-11T02:32:36+00:00\",\"author\":{\"@id\":\"https:\/\/www.unicas.pe\/blog\/#\/schema\/person\/60053f595c6d0f3f11ed52a01c961cdb\"},\"breadcrumb\":{\"@id\":\"https:\/\/www.unicas.pe\/blog\/samsung-uhd-curvo-miguel-chevalier\/#breadcrumb\"},\"inLanguage\":\"es\",\"potentialAction\":[{\"@type\":\"ReadAction\",\"target\":[\"https:\/\/www.unicas.pe\/blog\/samsung-uhd-curvo-miguel-chevalier\/\"]}]},{\"@type\":\"BreadcrumbList\",\"@id\":\"https:\/\/www.unicas.pe\/blog\/samsung-uhd-curvo-miguel-chevalier\/#breadcrumb\",\"itemListElement\":[{\"@type\":\"ListItem\",\"position\":1,\"item\":{\"@type\":\"WebPage\",\"@id\":\"https:\/\/www.unicas.pe\/blog\/\",\"url\":\"https:\/\/www.unicas.pe\/blog\/\",\"name\":\"Portada\"}},{\"@type\":\"ListItem\",\"position\":2,\"item\":{\"@type\":\"WebPage\",\"@id\":\"https:\/\/www.unicas.pe\/blog\/samsung-uhd-curvo-miguel-chevalier\/\",\"url\":\"https:\/\/www.unicas.pe\/blog\/samsung-uhd-curvo-miguel-chevalier\/\",\"name\":\"Samsung colabora con Miguel Chevalier en el \\u00abOrigen de la Curva\\u00bb en IFA 2014\"}}]},{\"@type\":\"Person\",\"@id\":\"https:\/\/www.unicas.pe\/blog\/#\/schema\/person\/60053f595c6d0f3f11ed52a01c961cdb\",\"name\":\"Katty Gora\",\"image\":{\"@type\":\"ImageObject\",\"@id\":\"https:\/\/www.unicas.pe\/blog\/#personlogo\",\"inLanguage\":\"es\",\"url\":\"https:\/\/www.unicas.pe\/blog\/wp-content\/uploads\/2019\/01\/168392_1786370415133_366102_n-150x150.jpg\",\"caption\":\"Katty Gora\"},\"description\":\"Katty is a passionate blogger, diving into different subjects like fashion, trends, styles and news and more. Discover the great insight of a true quality blogger!\"}]}<\/script>\n<!-- \/ Yoast SEO plugin. -->","_links":{"self":[{"href":"https:\/\/www.unicas.pe\/blog\/wp-json\/wp\/v2\/posts\/6733"}],"collection":[{"href":"https:\/\/www.unicas.pe\/blog\/wp-json\/wp\/v2\/posts"}],"about":[{"href":"https:\/\/www.unicas.pe\/blog\/wp-json\/wp\/v2\/types\/post"}],"author":[{"embeddable":true,"href":"https:\/\/www.unicas.pe\/blog\/wp-json\/wp\/v2\/users\/1"}],"replies":[{"embeddable":true,"href":"https:\/\/www.unicas.pe\/blog\/wp-json\/wp\/v2\/comments?post=6733"}],"version-history":[{"count":1,"href":"https:\/\/www.unicas.pe\/blog\/wp-json\/wp\/v2\/posts\/6733\/revisions"}],"predecessor-version":[{"id":10098,"href":"https:\/\/www.unicas.pe\/blog\/wp-json\/wp\/v2\/posts\/6733\/revisions\/10098"}],"wp:featuredmedia":[{"embeddable":true,"href":"https:\/\/www.unicas.pe\/blog\/wp-json\/wp\/v2\/media\/6732"}],"wp:attachment":[{"href":"https:\/\/www.unicas.pe\/blog\/wp-json\/wp\/v2\/media?parent=6733"}],"wp:term":[{"taxonomy":"category","embeddable":true,"href":"https:\/\/www.unicas.pe\/blog\/wp-json\/wp\/v2\/categories?post=6733"},{"taxonomy":"post_tag","embeddable":true,"href":"https:\/\/www.unicas.pe\/blog\/wp-json\/wp\/v2\/tags?post=6733"}],"curies":[{"name":"wp","href":"https:\/\/api.w.org\/{rel}","templated":true}]}}