{"id":6873,"date":"2014-09-10T20:52:52","date_gmt":"2014-09-11T01:52:52","guid":{"rendered":"http:\/\/209.133.219.102\/~newunicas\/blog\/2014\/09\/10\/reina-letizia-lbd-look\/"},"modified":"2019-01-10T21:32:33","modified_gmt":"2019-01-11T02:32:33","slug":"reina-letizia-lbd-look","status":"publish","type":"post","link":"https:\/\/www.unicas.pe\/blog\/reina-letizia-lbd-look\/","title":{"rendered":"Corona con estilo: La Reina Letizia deslumbr\u00f3 con un LBD con transparencia"},"content":{"rendered":"<p>La semana pasada la <strong>Reina Letizia<\/strong> destac\u00f3 por lucir un sofiticado LBD con transparencia. El estilo de la reina de Espa\u00f1a sigue dando de qu\u00e9 hablar.<\/p>\n<p>  <!--more-->  <\/p>\n<p>Los <strong>Reyes de Espa\u00f1a<\/strong> se desplazaron la semana pasada hasta M\u00e1laga para inaugurar el Foro Espa\u00f1a-Estados Unidos. Los j\u00f3venes monarcas llegaron al recinto en medio de aplausos y <strong>Do\u00f1a Letizia<\/strong>, gracias a su sofisticado look volvi\u00f3 acaparar la mirada de todos los presentes.<\/p>\n<p>Para esta ocasi\u00f3n, la <strong>Reina Letizia<\/strong> luci\u00f3 un <strong>\u201clittle black dress\u201d<\/strong> con la espalda en transparencia bordada de <strong>Felipe Varela<\/strong> y unas elegantes sandalias negras. \u00a0Este dise\u00f1o que cuenta con toda la espalda bordada con flores sobre gasa, ya lo hab\u00eda lucido a finales del 2013.\u00a0<\/p>\n<p><img class=\" size-full wp-image-6869\" style=\"display: block; margin-left: auto; margin-right: auto;\" src=\"http:\/\/209.133.219.102\/~newunicas\/blog\/wp-content\/uploads\/2014\/09\/estilo-de-la-reina-letizia-2.jpg\" alt=\"\" width=\"650\" srcset=\"https:\/\/www.unicas.pe\/blog\/wp-content\/uploads\/2014\/09\/estilo-de-la-reina-letizia-2.jpg 650w, https:\/\/www.unicas.pe\/blog\/wp-content\/uploads\/2014\/09\/estilo-de-la-reina-letizia-2-205x300.jpg 205w, https:\/\/www.unicas.pe\/blog\/wp-content\/uploads\/2014\/09\/estilo-de-la-reina-letizia-2-286x420.jpg 286w, https:\/\/www.unicas.pe\/blog\/wp-content\/uploads\/2014\/09\/estilo-de-la-reina-letizia-2-573x840.jpg 573w\" sizes=\"(max-width: 650px) 100vw, 650px\" \/><br \/>Foto: Gtres<\/p>\n<p>Para este look, Do\u00f1a Letizia renov\u00f3 el estilo con una sandalias de cuero color negro, que dejaban ver una cuidada pedicura con u\u00f1as en rojo, las cuales combinaban con un maquillaje discreto y elegante con labios en tono rojo. En cuanto al peinado, en esta ocasi\u00f3n luci\u00f3 el pelo recogido en un mo\u00f1o y completo su \u201ctotal look\u201d en negro con unos pendientes de brillantes.<\/p>\n<p><img class=\" size-full wp-image-6870\" style=\"display: block; margin-left: auto; margin-right: auto;\" src=\"http:\/\/209.133.219.102\/~newunicas\/blog\/wp-content\/uploads\/2014\/09\/estilo-de-la-reina-letizia-3.jpg\" alt=\"\" width=\"650\" srcset=\"https:\/\/www.unicas.pe\/blog\/wp-content\/uploads\/2014\/09\/estilo-de-la-reina-letizia-3.jpg 650w, https:\/\/www.unicas.pe\/blog\/wp-content\/uploads\/2014\/09\/estilo-de-la-reina-letizia-3-194x300.jpg 194w, https:\/\/www.unicas.pe\/blog\/wp-content\/uploads\/2014\/09\/estilo-de-la-reina-letizia-3-272x420.jpg 272w, https:\/\/www.unicas.pe\/blog\/wp-content\/uploads\/2014\/09\/estilo-de-la-reina-letizia-3-544x840.jpg 544w\" sizes=\"(max-width: 650px) 100vw, 650px\" \/><br \/>Foto: Gtres<\/p>\n<p><img class=\" size-full wp-image-6871\" style=\"display: block; margin-left: auto; margin-right: auto;\" src=\"http:\/\/209.133.219.102\/~newunicas\/blog\/wp-content\/uploads\/2014\/09\/estilo-de-la-reina-letizia-4.jpg\" alt=\"\" width=\"650\" srcset=\"https:\/\/www.unicas.pe\/blog\/wp-content\/uploads\/2014\/09\/estilo-de-la-reina-letizia-4.jpg 650w, https:\/\/www.unicas.pe\/blog\/wp-content\/uploads\/2014\/09\/estilo-de-la-reina-letizia-4-225x300.jpg 225w, https:\/\/www.unicas.pe\/blog\/wp-content\/uploads\/2014\/09\/estilo-de-la-reina-letizia-4-315x420.jpg 315w, https:\/\/www.unicas.pe\/blog\/wp-content\/uploads\/2014\/09\/estilo-de-la-reina-letizia-4-630x840.jpg 630w\" sizes=\"(max-width: 650px) 100vw, 650px\" \/><br \/>Foto: Gtres<\/p>\n<p>Sin duda, Do\u00f1a Letizia es una reina con estilo y este es uno de los mejores looks que nos ha ofrecido este a\u00f1o.\u00a0<\/p>\n<p><img class=\" size-full wp-image-6872\" style=\"display: block; margin-left: auto; margin-right: auto;\" src=\"http:\/\/209.133.219.102\/~newunicas\/blog\/wp-content\/uploads\/2014\/09\/estilo-de-la-reina-letizia-5.jpg\" alt=\"\" width=\"650\" srcset=\"https:\/\/www.unicas.pe\/blog\/wp-content\/uploads\/2014\/09\/estilo-de-la-reina-letizia-5.jpg 650w, https:\/\/www.unicas.pe\/blog\/wp-content\/uploads\/2014\/09\/estilo-de-la-reina-letizia-5-200x300.jpg 200w, https:\/\/www.unicas.pe\/blog\/wp-content\/uploads\/2014\/09\/estilo-de-la-reina-letizia-5-280x420.jpg 280w, https:\/\/www.unicas.pe\/blog\/wp-content\/uploads\/2014\/09\/estilo-de-la-reina-letizia-5-560x840.jpg 560w\" sizes=\"(max-width: 650px) 100vw, 650px\" \/><br \/>Foto: Gtres<\/p>\n","protected":false},"excerpt":{"rendered":"<p>La semana pasada la Reina Letizia destac\u00f3 por lucir un sofiticado LBD con transparencia. El estilo de la reina de Espa\u00f1a sigue dando de qu\u00e9 hablar.<\/p>\n","protected":false},"author":1,"featured_media":6869,"comment_status":"closed","ping_status":"open","sticky":false,"template":"","format":"standard","meta":[],"categories":[22],"tags":[8116,7045,8118,8119,7042,8117,1606,429],"yoast_head":"<!-- This site is optimized with the Yoast SEO plugin v16.0.2 - https:\/\/yoast.com\/wordpress\/plugins\/seo\/ -->\n<link rel=\"canonical\" href=\"https:\/\/www.unicas.pe\/blog\/reina-letizia-lbd-look\/\" \/>\n<meta property=\"og:locale\" content=\"es_ES\" \/>\n<meta property=\"og:type\" content=\"article\" \/>\n<meta property=\"og:title\" content=\"Corona con estilo: La Reina Letizia deslumbr\u00f3 con un LBD con transparencia - Unicas\" \/>\n<meta property=\"og:description\" content=\"La semana pasada la Reina Letizia destac\u00f3 por lucir un sofiticado LBD con transparencia. El estilo de la reina de Espa\u00f1a sigue dando de qu\u00e9 hablar.\" \/>\n<meta property=\"og:url\" content=\"https:\/\/www.unicas.pe\/blog\/reina-letizia-lbd-look\/\" \/>\n<meta property=\"og:site_name\" content=\"Unicas\" \/>\n<meta property=\"article:published_time\" content=\"2014-09-11T01:52:52+00:00\" \/>\n<meta property=\"article:modified_time\" content=\"2019-01-11T02:32:33+00:00\" \/>\n<meta property=\"og:image\" content=\"https:\/\/www.unicas.pe\/blog\/wp-content\/uploads\/2014\/09\/estilo-de-la-reina-letizia-2.jpg\" \/>\n\t<meta property=\"og:image:width\" content=\"650\" \/>\n\t<meta property=\"og:image:height\" content=\"953\" \/>\n<meta name=\"twitter:card\" content=\"summary_large_image\" \/>\n<meta name=\"twitter:label1\" content=\"Tiempo de lectura\">\n\t<meta name=\"twitter:data1\" content=\"1 minuto\">\n<script type=\"application\/ld+json\" class=\"yoast-schema-graph\">{\"@context\":\"https:\/\/schema.org\",\"@graph\":[{\"@type\":\"WebSite\",\"@id\":\"https:\/\/www.unicas.pe\/blog\/#website\",\"url\":\"https:\/\/www.unicas.pe\/blog\/\",\"name\":\"Unicas\",\"description\":\"Blog sobre belleza, maquillaje, moda, y mucho m\\u00e1s.\",\"potentialAction\":[{\"@type\":\"SearchAction\",\"target\":\"https:\/\/www.unicas.pe\/blog\/?s={search_term_string}\",\"query-input\":\"required name=search_term_string\"}],\"inLanguage\":\"es\"},{\"@type\":\"ImageObject\",\"@id\":\"https:\/\/www.unicas.pe\/blog\/reina-letizia-lbd-look\/#primaryimage\",\"inLanguage\":\"es\",\"url\":\"https:\/\/www.unicas.pe\/blog\/wp-content\/uploads\/2014\/09\/estilo-de-la-reina-letizia-2.jpg\",\"width\":650,\"height\":953},{\"@type\":\"WebPage\",\"@id\":\"https:\/\/www.unicas.pe\/blog\/reina-letizia-lbd-look\/#webpage\",\"url\":\"https:\/\/www.unicas.pe\/blog\/reina-letizia-lbd-look\/\",\"name\":\"Corona con estilo: La Reina Letizia deslumbr\\u00f3 con un LBD con transparencia - Unicas\",\"isPartOf\":{\"@id\":\"https:\/\/www.unicas.pe\/blog\/#website\"},\"primaryImageOfPage\":{\"@id\":\"https:\/\/www.unicas.pe\/blog\/reina-letizia-lbd-look\/#primaryimage\"},\"datePublished\":\"2014-09-11T01:52:52+00:00\",\"dateModified\":\"2019-01-11T02:32:33+00:00\",\"author\":{\"@id\":\"https:\/\/www.unicas.pe\/blog\/#\/schema\/person\/60053f595c6d0f3f11ed52a01c961cdb\"},\"breadcrumb\":{\"@id\":\"https:\/\/www.unicas.pe\/blog\/reina-letizia-lbd-look\/#breadcrumb\"},\"inLanguage\":\"es\",\"potentialAction\":[{\"@type\":\"ReadAction\",\"target\":[\"https:\/\/www.unicas.pe\/blog\/reina-letizia-lbd-look\/\"]}]},{\"@type\":\"BreadcrumbList\",\"@id\":\"https:\/\/www.unicas.pe\/blog\/reina-letizia-lbd-look\/#breadcrumb\",\"itemListElement\":[{\"@type\":\"ListItem\",\"position\":1,\"item\":{\"@type\":\"WebPage\",\"@id\":\"https:\/\/www.unicas.pe\/blog\/\",\"url\":\"https:\/\/www.unicas.pe\/blog\/\",\"name\":\"Portada\"}},{\"@type\":\"ListItem\",\"position\":2,\"item\":{\"@type\":\"WebPage\",\"@id\":\"https:\/\/www.unicas.pe\/blog\/reina-letizia-lbd-look\/\",\"url\":\"https:\/\/www.unicas.pe\/blog\/reina-letizia-lbd-look\/\",\"name\":\"Corona con estilo: La Reina Letizia deslumbr\\u00f3 con un LBD con transparencia\"}}]},{\"@type\":\"Person\",\"@id\":\"https:\/\/www.unicas.pe\/blog\/#\/schema\/person\/60053f595c6d0f3f11ed52a01c961cdb\",\"name\":\"Katty Gora\",\"image\":{\"@type\":\"ImageObject\",\"@id\":\"https:\/\/www.unicas.pe\/blog\/#personlogo\",\"inLanguage\":\"es\",\"url\":\"https:\/\/www.unicas.pe\/blog\/wp-content\/uploads\/2019\/01\/168392_1786370415133_366102_n-150x150.jpg\",\"caption\":\"Katty Gora\"},\"description\":\"Katty is a passionate blogger, diving into different subjects like fashion, trends, styles and news and more. Discover the great insight of a true quality blogger!\"}]}<\/script>\n<!-- \/ Yoast SEO plugin. -->","_links":{"self":[{"href":"https:\/\/www.unicas.pe\/blog\/wp-json\/wp\/v2\/posts\/6873"}],"collection":[{"href":"https:\/\/www.unicas.pe\/blog\/wp-json\/wp\/v2\/posts"}],"about":[{"href":"https:\/\/www.unicas.pe\/blog\/wp-json\/wp\/v2\/types\/post"}],"author":[{"embeddable":true,"href":"https:\/\/www.unicas.pe\/blog\/wp-json\/wp\/v2\/users\/1"}],"replies":[{"embeddable":true,"href":"https:\/\/www.unicas.pe\/blog\/wp-json\/wp\/v2\/comments?post=6873"}],"version-history":[{"count":1,"href":"https:\/\/www.unicas.pe\/blog\/wp-json\/wp\/v2\/posts\/6873\/revisions"}],"predecessor-version":[{"id":10057,"href":"https:\/\/www.unicas.pe\/blog\/wp-json\/wp\/v2\/posts\/6873\/revisions\/10057"}],"wp:featuredmedia":[{"embeddable":true,"href":"https:\/\/www.unicas.pe\/blog\/wp-json\/wp\/v2\/media\/6869"}],"wp:attachment":[{"href":"https:\/\/www.unicas.pe\/blog\/wp-json\/wp\/v2\/media?parent=6873"}],"wp:term":[{"taxonomy":"category","embeddable":true,"href":"https:\/\/www.unicas.pe\/blog\/wp-json\/wp\/v2\/categories?post=6873"},{"taxonomy":"post_tag","embeddable":true,"href":"https:\/\/www.unicas.pe\/blog\/wp-json\/wp\/v2\/tags?post=6873"}],"curies":[{"name":"wp","href":"https:\/\/api.w.org\/{rel}","templated":true}]}}