{"id":6998,"date":"2014-10-14T21:26:33","date_gmt":"2014-10-15T02:26:33","guid":{"rendered":"http:\/\/209.133.219.102\/~newunicas\/blog\/2014\/10\/14\/cambio-de-look-celebrities-radical\/"},"modified":"2019-01-10T21:32:30","modified_gmt":"2019-01-11T02:32:30","slug":"cambio-de-look-celebrities-radical","status":"publish","type":"post","link":"https:\/\/www.unicas.pe\/blog\/cambio-de-look-celebrities-radical\/","title":{"rendered":"Los cambios de look m\u00e1s radicales de las celebrities"},"content":{"rendered":"<p>Muchas famosas nos han sorprendido con sus cambios radicales de look. Conoce cuales son los cambios m\u00e1s dr\u00e1sticos de las celebrities en esta nota de Unicas.pe<\/p>\n<p>  <!--more-->  <\/p>\n<p style=\"text-align: justify;\">La fama lleva a que las celebridades decidan cambiar de look por la sobreexposici\u00f3n medi\u00e1tica. Es normal para ellas recurrir a esta pr\u00e1ctica para salir del aburrimiento y, de paso, dar de qu\u00e9 hablar a sus cr\u00edticos y seguidores.<\/p>\n<p style=\"text-align: justify;\">Sin embargo, algunas han tenido cambios tan radicales que parecen irreconocibles en la actualidad. Unicas.pe te muestra cu\u00e1les han sido los cambios de look m\u00e1s extremos.<\/p>\n<p style=\"text-align: justify;\"><em><strong>Shakira<\/strong><\/em> es una gran representante de la belleza latina. La hemos visto pasar de casta\u00f1a a rubia, y aunque ahora parece ser que se queda con el cabello dorado, no deja de hacerse cambios radicales cada vez que lanza una producci\u00f3n discogr\u00e1fica.<\/p>\n<p><img loading=\"lazy\" class=\" size-full wp-image-6993\" style=\"display: block; margin-left: auto; margin-right: auto;\" src=\"http:\/\/209.133.219.102\/~newunicas\/blog\/wp-content\/uploads\/2014\/10\/002-shakira.jpg\" alt=\"\" width=\"650\" height=\"273\" srcset=\"https:\/\/www.unicas.pe\/blog\/wp-content\/uploads\/2014\/10\/002-shakira.jpg 650w, https:\/\/www.unicas.pe\/blog\/wp-content\/uploads\/2014\/10\/002-shakira-300x126.jpg 300w, https:\/\/www.unicas.pe\/blog\/wp-content\/uploads\/2014\/10\/002-shakira-648x273.jpg 648w\" sizes=\"(max-width: 650px) 100vw, 650px\" \/><\/p>\n<p style=\"text-align: justify;\"><em><strong>Emma Watson<\/strong><\/em>, la popular actriz de Harry Potter deleitaba al mundo con su belleza luciendo una melena natural ondulada y en color casta\u00f1o rojizo. Luego sorprendi\u00f3 a todos al cortar su cabello y te\u00f1irlo de un color m\u00e1s oscuro. Actualmente ha dejado el rom\u00e1ntico estilo \u201cBob\u201d para dejar crecer un poco su cabello.<\/p>\n<p><img loading=\"lazy\" class=\" size-full wp-image-6994\" style=\"display: block; margin-left: auto; margin-right: auto;\" src=\"http:\/\/209.133.219.102\/~newunicas\/blog\/wp-content\/uploads\/2014\/10\/001-watson.jpg\" alt=\"\" width=\"650\" height=\"650\" srcset=\"https:\/\/www.unicas.pe\/blog\/wp-content\/uploads\/2014\/10\/001-watson.jpg 650w, https:\/\/www.unicas.pe\/blog\/wp-content\/uploads\/2014\/10\/001-watson-150x150.jpg 150w, https:\/\/www.unicas.pe\/blog\/wp-content\/uploads\/2014\/10\/001-watson-300x300.jpg 300w, https:\/\/www.unicas.pe\/blog\/wp-content\/uploads\/2014\/10\/001-watson-420x420.jpg 420w\" sizes=\"(max-width: 650px) 100vw, 650px\" \/><\/p>\n<p style=\"text-align: justify;\"><em><strong>Miley Cyrus<\/strong><\/em> sin duda alguna, es la que tiene el cambio m\u00e1s radical de todos. La recordada Hannah Montana ahora luce un look radical, sorprendiendo con pol\u00e9micos estilos y presentaciones.\u00bfC\u00f3mo la prefieres, como ahora y como la de antes?<\/p>\n<p><img loading=\"lazy\" class=\" size-full wp-image-6995\" style=\"display: block; margin-left: auto; margin-right: auto;\" src=\"http:\/\/209.133.219.102\/~newunicas\/blog\/wp-content\/uploads\/2014\/10\/005-miley.jpg\" alt=\"\" width=\"650\" height=\"325\" srcset=\"https:\/\/www.unicas.pe\/blog\/wp-content\/uploads\/2014\/10\/005-miley.jpg 650w, https:\/\/www.unicas.pe\/blog\/wp-content\/uploads\/2014\/10\/005-miley-300x150.jpg 300w, https:\/\/www.unicas.pe\/blog\/wp-content\/uploads\/2014\/10\/005-miley-648x325.jpg 648w\" sizes=\"(max-width: 650px) 100vw, 650px\" \/><\/p>\n<p style=\"text-align: justify;\"><em><strong>Rihanna<\/strong><\/em> es la reina de los looks transgresores y los peinados radicales. Cambia de look constantemente. Un d\u00eda es rubia, otro d\u00eda se rapa el cabello, otro d\u00eda lo lleva largo, luego lo ti\u00f1e de rojo o le pone mechas californianas.\u00a0<\/p>\n<p><img loading=\"lazy\" class=\" size-full wp-image-6996\" style=\"display: block; margin-left: auto; margin-right: auto;\" src=\"http:\/\/209.133.219.102\/~newunicas\/blog\/wp-content\/uploads\/2014\/10\/003-rihanna.jpg\" alt=\"\" width=\"650\" height=\"650\" srcset=\"https:\/\/www.unicas.pe\/blog\/wp-content\/uploads\/2014\/10\/003-rihanna.jpg 650w, https:\/\/www.unicas.pe\/blog\/wp-content\/uploads\/2014\/10\/003-rihanna-150x150.jpg 150w, https:\/\/www.unicas.pe\/blog\/wp-content\/uploads\/2014\/10\/003-rihanna-300x300.jpg 300w, https:\/\/www.unicas.pe\/blog\/wp-content\/uploads\/2014\/10\/003-rihanna-420x420.jpg 420w\" sizes=\"(max-width: 650px) 100vw, 650px\" \/><\/p>\n<p style=\"text-align: justify;\"><em><strong>Anne Hathaway<\/strong><\/em> lucia dulce con su cabellera larga. Pero ella tambi\u00e9n se uni\u00f3 a las famosas que optaron por un cambio radical. Caus\u00f3 una gran sorpresa al verla con un corte de cabello s\u00faper cabello. Pas\u00f3 de un sensual cabello largo a un corte, tambi\u00e9n sexy y favorecedor ya que realza la belleza de su rostro.<\/p>\n<p><img loading=\"lazy\" class=\" size-full wp-image-6997\" style=\"display: block; margin-left: auto; margin-right: auto;\" src=\"http:\/\/209.133.219.102\/~newunicas\/blog\/wp-content\/uploads\/2014\/10\/006-anne.jpg\" alt=\"\" width=\"650\" height=\"650\" srcset=\"https:\/\/www.unicas.pe\/blog\/wp-content\/uploads\/2014\/10\/006-anne.jpg 650w, https:\/\/www.unicas.pe\/blog\/wp-content\/uploads\/2014\/10\/006-anne-150x150.jpg 150w, https:\/\/www.unicas.pe\/blog\/wp-content\/uploads\/2014\/10\/006-anne-300x300.jpg 300w, https:\/\/www.unicas.pe\/blog\/wp-content\/uploads\/2014\/10\/006-anne-420x420.jpg 420w\" sizes=\"(max-width: 650px) 100vw, 650px\" \/><\/p>\n<p>\u00bfCon cu\u00e1l de todos te quedas, y a qu\u00e9 famosas aconsejan volver a ser las de antes?<\/p>\n<p>\u00a0<\/p>\n","protected":false},"excerpt":{"rendered":"<p>Muchas famosas nos han sorprendido con sus cambios radicales de look. Conoce cuales son los cambios m\u00e1s dr\u00e1sticos de las celebrities en esta nota de Unicas.pe<\/p>\n","protected":false},"author":1,"featured_media":6993,"comment_status":"closed","ping_status":"open","sticky":false,"template":"","format":"standard","meta":[],"categories":[29],"tags":[63,90,2399,2180,6894,71,669,762,2183,2627,365],"yoast_head":"<!-- This site is optimized with the Yoast SEO plugin v16.0.2 - https:\/\/yoast.com\/wordpress\/plugins\/seo\/ -->\n<link rel=\"canonical\" href=\"https:\/\/www.unicas.pe\/blog\/cambio-de-look-celebrities-radical\/\" \/>\n<meta property=\"og:locale\" content=\"es_ES\" \/>\n<meta property=\"og:type\" content=\"article\" \/>\n<meta property=\"og:title\" content=\"Los cambios de look m\u00e1s radicales de las celebrities - Unicas\" \/>\n<meta property=\"og:description\" content=\"Muchas famosas nos han sorprendido con sus cambios radicales de look. Conoce cuales son los cambios m\u00e1s dr\u00e1sticos de las celebrities en esta nota de Unicas.pe\" \/>\n<meta property=\"og:url\" content=\"https:\/\/www.unicas.pe\/blog\/cambio-de-look-celebrities-radical\/\" \/>\n<meta property=\"og:site_name\" content=\"Unicas\" \/>\n<meta property=\"article:published_time\" content=\"2014-10-15T02:26:33+00:00\" \/>\n<meta property=\"article:modified_time\" content=\"2019-01-11T02:32:30+00:00\" \/>\n<meta property=\"og:image\" content=\"https:\/\/www.unicas.pe\/blog\/wp-content\/uploads\/2014\/10\/002-shakira.jpg\" \/>\n\t<meta property=\"og:image:width\" content=\"650\" \/>\n\t<meta property=\"og:image:height\" content=\"273\" \/>\n<meta name=\"twitter:card\" content=\"summary_large_image\" \/>\n<meta name=\"twitter:label1\" content=\"Tiempo de lectura\">\n\t<meta name=\"twitter:data1\" content=\"2 minutos\">\n<script type=\"application\/ld+json\" class=\"yoast-schema-graph\">{\"@context\":\"https:\/\/schema.org\",\"@graph\":[{\"@type\":\"WebSite\",\"@id\":\"https:\/\/www.unicas.pe\/blog\/#website\",\"url\":\"https:\/\/www.unicas.pe\/blog\/\",\"name\":\"Unicas\",\"description\":\"Blog sobre belleza, maquillaje, moda, y mucho m\\u00e1s.\",\"potentialAction\":[{\"@type\":\"SearchAction\",\"target\":\"https:\/\/www.unicas.pe\/blog\/?s={search_term_string}\",\"query-input\":\"required name=search_term_string\"}],\"inLanguage\":\"es\"},{\"@type\":\"ImageObject\",\"@id\":\"https:\/\/www.unicas.pe\/blog\/cambio-de-look-celebrities-radical\/#primaryimage\",\"inLanguage\":\"es\",\"url\":\"https:\/\/www.unicas.pe\/blog\/wp-content\/uploads\/2014\/10\/002-shakira.jpg\",\"width\":650,\"height\":273},{\"@type\":\"WebPage\",\"@id\":\"https:\/\/www.unicas.pe\/blog\/cambio-de-look-celebrities-radical\/#webpage\",\"url\":\"https:\/\/www.unicas.pe\/blog\/cambio-de-look-celebrities-radical\/\",\"name\":\"Los cambios de look m\\u00e1s radicales de las celebrities - Unicas\",\"isPartOf\":{\"@id\":\"https:\/\/www.unicas.pe\/blog\/#website\"},\"primaryImageOfPage\":{\"@id\":\"https:\/\/www.unicas.pe\/blog\/cambio-de-look-celebrities-radical\/#primaryimage\"},\"datePublished\":\"2014-10-15T02:26:33+00:00\",\"dateModified\":\"2019-01-11T02:32:30+00:00\",\"author\":{\"@id\":\"https:\/\/www.unicas.pe\/blog\/#\/schema\/person\/60053f595c6d0f3f11ed52a01c961cdb\"},\"breadcrumb\":{\"@id\":\"https:\/\/www.unicas.pe\/blog\/cambio-de-look-celebrities-radical\/#breadcrumb\"},\"inLanguage\":\"es\",\"potentialAction\":[{\"@type\":\"ReadAction\",\"target\":[\"https:\/\/www.unicas.pe\/blog\/cambio-de-look-celebrities-radical\/\"]}]},{\"@type\":\"BreadcrumbList\",\"@id\":\"https:\/\/www.unicas.pe\/blog\/cambio-de-look-celebrities-radical\/#breadcrumb\",\"itemListElement\":[{\"@type\":\"ListItem\",\"position\":1,\"item\":{\"@type\":\"WebPage\",\"@id\":\"https:\/\/www.unicas.pe\/blog\/\",\"url\":\"https:\/\/www.unicas.pe\/blog\/\",\"name\":\"Portada\"}},{\"@type\":\"ListItem\",\"position\":2,\"item\":{\"@type\":\"WebPage\",\"@id\":\"https:\/\/www.unicas.pe\/blog\/cambio-de-look-celebrities-radical\/\",\"url\":\"https:\/\/www.unicas.pe\/blog\/cambio-de-look-celebrities-radical\/\",\"name\":\"Los cambios de look m\\u00e1s radicales de las celebrities\"}}]},{\"@type\":\"Person\",\"@id\":\"https:\/\/www.unicas.pe\/blog\/#\/schema\/person\/60053f595c6d0f3f11ed52a01c961cdb\",\"name\":\"Katty Gora\",\"image\":{\"@type\":\"ImageObject\",\"@id\":\"https:\/\/www.unicas.pe\/blog\/#personlogo\",\"inLanguage\":\"es\",\"url\":\"https:\/\/www.unicas.pe\/blog\/wp-content\/uploads\/2019\/01\/168392_1786370415133_366102_n-150x150.jpg\",\"caption\":\"Katty Gora\"},\"description\":\"Katty is a passionate blogger, diving into different subjects like fashion, trends, styles and news and more. Discover the great insight of a true quality blogger!\"}]}<\/script>\n<!-- \/ Yoast SEO plugin. -->","_links":{"self":[{"href":"https:\/\/www.unicas.pe\/blog\/wp-json\/wp\/v2\/posts\/6998"}],"collection":[{"href":"https:\/\/www.unicas.pe\/blog\/wp-json\/wp\/v2\/posts"}],"about":[{"href":"https:\/\/www.unicas.pe\/blog\/wp-json\/wp\/v2\/types\/post"}],"author":[{"embeddable":true,"href":"https:\/\/www.unicas.pe\/blog\/wp-json\/wp\/v2\/users\/1"}],"replies":[{"embeddable":true,"href":"https:\/\/www.unicas.pe\/blog\/wp-json\/wp\/v2\/comments?post=6998"}],"version-history":[{"count":1,"href":"https:\/\/www.unicas.pe\/blog\/wp-json\/wp\/v2\/posts\/6998\/revisions"}],"predecessor-version":[{"id":10024,"href":"https:\/\/www.unicas.pe\/blog\/wp-json\/wp\/v2\/posts\/6998\/revisions\/10024"}],"wp:featuredmedia":[{"embeddable":true,"href":"https:\/\/www.unicas.pe\/blog\/wp-json\/wp\/v2\/media\/6993"}],"wp:attachment":[{"href":"https:\/\/www.unicas.pe\/blog\/wp-json\/wp\/v2\/media?parent=6998"}],"wp:term":[{"taxonomy":"category","embeddable":true,"href":"https:\/\/www.unicas.pe\/blog\/wp-json\/wp\/v2\/categories?post=6998"},{"taxonomy":"post_tag","embeddable":true,"href":"https:\/\/www.unicas.pe\/blog\/wp-json\/wp\/v2\/tags?post=6998"}],"curies":[{"name":"wp","href":"https:\/\/api.w.org\/{rel}","templated":true}]}}