{"id":7010,"date":"2014-10-15T15:53:34","date_gmt":"2014-10-15T20:53:34","guid":{"rendered":"http:\/\/209.133.219.102\/~newunicas\/blog\/2014\/10\/15\/john-holden-primavera-verano-2015\/"},"modified":"2019-01-10T21:32:30","modified_gmt":"2019-01-11T02:32:30","slug":"john-holden-primavera-verano-2015","status":"publish","type":"post","link":"https:\/\/www.unicas.pe\/blog\/john-holden-primavera-verano-2015\/","title":{"rendered":"Conoce la nueva colecci\u00f3n Primavera-Verano 2015 de John Holden"},"content":{"rendered":"<p style=\"text-align: justify;\">La nueva colecci\u00f3n Primavera\u2013Verano 2015 de<strong> JOHN HOLDEN<\/strong> rinde tributo al hombre peruano que gusta de los detalles y de la elegancia para cualquier situaci\u00f3n.<\/p>\n<p>  <!--more-->  <\/p>\n<p style=\"text-align: justify;\"><strong>JOHN HOLDEN<\/strong>, marca l\u00edder en la confecci\u00f3n de ropa para hombres en el Per\u00fa, lanza al mercado en Octubre su nueva colecci\u00f3n Primavera \u2013 Verano 2015, bajo la direcci\u00f3n creativa del dise\u00f1ador Jos\u00e9 Clemente. Esta colecci\u00f3n propone vestir al hombre peruano elegante, sofisticado y exitoso que gusta de los retos y los asume con inteligencia y estilo.\u00a0<\/p>\n<p style=\"text-align: justify;\">\u201cPara esta Colecci\u00f3n Primavera \u2013 Verano 2015, <strong>JOHN HOLDEN<\/strong> rinde un tributo al hombre peruano cosmopolita, con gusto por los detalles y elegante en cualquier situaci\u00f3n. Es por ello que esta nueva colecci\u00f3n ha incluido una serie de atractivos en las tres categor\u00edas que maneja la marca: formal, casual elegante y casual\u201d, destac\u00f3 Jos\u00e9 Clemente, Director Creativo de la marca.<\/p>\n<p><img loading=\"lazy\" class=\" size-full wp-image-7006\" style=\"display: block; margin-left: auto; margin-right: auto;\" src=\"http:\/\/209.133.219.102\/~newunicas\/blog\/wp-content\/uploads\/2014\/10\/001.png\" alt=\"\" width=\"650\" height=\"509\" srcset=\"https:\/\/www.unicas.pe\/blog\/wp-content\/uploads\/2014\/10\/001.png 650w, https:\/\/www.unicas.pe\/blog\/wp-content\/uploads\/2014\/10\/001-300x235.png 300w, https:\/\/www.unicas.pe\/blog\/wp-content\/uploads\/2014\/10\/001-536x420.png 536w\" sizes=\"(max-width: 650px) 100vw, 650px\" \/><\/p>\n<p style=\"text-align: justify;\">Para esta nueva colecci\u00f3n <strong>JOHN HOLDEN<\/strong> ha considerado las nuevas tendencias como fuente adicional de inspiraci\u00f3n \u201cEn esta nueva propuesta podemos encontrar un balance entre las tendencias de moda internacional y lo que gusta en el mercado peruano. En pocas palabras, generamos en nuestros dise\u00f1os un equilibrio entre lo cl\u00e1sico con detalles globales, de tal manera que, nuestras propuestas en cualquier parte del mundo siempre est\u00e9n vigentes.\u201d, acot\u00f3 Clemente.\u00a0<\/p>\n<p><img loading=\"lazy\" class=\" size-full wp-image-7007\" style=\"display: block; margin-left: auto; margin-right: auto;\" src=\"http:\/\/209.133.219.102\/~newunicas\/blog\/wp-content\/uploads\/2014\/10\/002-b.png\" alt=\"\" width=\"398\" height=\"599\" srcset=\"https:\/\/www.unicas.pe\/blog\/wp-content\/uploads\/2014\/10\/002-b.png 398w, https:\/\/www.unicas.pe\/blog\/wp-content\/uploads\/2014\/10\/002-b-199x300.png 199w, https:\/\/www.unicas.pe\/blog\/wp-content\/uploads\/2014\/10\/002-b-279x420.png 279w\" sizes=\"(max-width: 398px) 100vw, 398px\" \/><\/p>\n<p style=\"text-align: justify;\"><strong>NUEVOS COLORES<\/strong><\/p>\n<p style=\"text-align: justify;\">En esta Colecci\u00f3n Primavera \u2013 Verano 2015 se propone una gama de colores que se vienen con mucha fuerza, como es el caso de la l\u00ednea formal donde encontramos colores como el gris, gris claro, azul, azul royal, arena y negro. \u201cEl azul es el nuevo negro\u201d, subray\u00f3 Jos\u00e9 Clemente.<\/p>\n<p style=\"text-align: justify;\">En lo que respecta a moda casual elegante y casual, encontramos colores m\u00e1s claros y apastelados como es el arena, menta, morado y coral. Seg\u00fan el director creativo de JOHN HOLDEN \u201cSon propuestas pensadas en el uso urbano y que permitan una elecci\u00f3n y combinaci\u00f3n din\u00e1mica y vers\u00e1til\u201d.<\/p>\n<p style=\"text-align: justify;\">Estos colores proponen un cambio en el estilo peruano en comparaci\u00f3n con las preferencias de color hace una d\u00e9cada atr\u00e1s. \u201cNuestros consumidores son cada vez m\u00e1s informados y exigentes con las propuestas que quieren recibir. Por ello, reciben con naturalidad y mayor aceptaci\u00f3n gamas de colores y son m\u00e1s abiertos a propuestas de dise\u00f1o cada vez m\u00e1s arriesgadas\u201d, se\u00f1al\u00f3 Jos\u00e9 Clemente.<\/p>\n<p><img loading=\"lazy\" class=\" size-full wp-image-7008\" style=\"display: block; margin-left: auto; margin-right: auto;\" src=\"http:\/\/209.133.219.102\/~newunicas\/blog\/wp-content\/uploads\/2014\/10\/001-a.png\" alt=\"\" width=\"650\" height=\"436\" srcset=\"https:\/\/www.unicas.pe\/blog\/wp-content\/uploads\/2014\/10\/001-a.png 650w, https:\/\/www.unicas.pe\/blog\/wp-content\/uploads\/2014\/10\/001-a-300x201.png 300w, https:\/\/www.unicas.pe\/blog\/wp-content\/uploads\/2014\/10\/001-a-648x436.png 648w, https:\/\/www.unicas.pe\/blog\/wp-content\/uploads\/2014\/10\/001-a-626x420.png 626w\" sizes=\"(max-width: 650px) 100vw, 650px\" \/><\/p>\n<p style=\"text-align: justify;\"><strong>TEXTURAS<\/strong><\/p>\n<p style=\"text-align: justify;\">Las texturas utilizadas para las l\u00edneas formal, casual elegante y casual son tejidos mucho m\u00e1s livianos, la presencia del algod\u00f3n est\u00e1 presente como material principal. Asimismo, existen propuestas de materiales como el lino que cada vez empieza a ganar m\u00e1s presencia en las temporadas de verano.\u00a0<\/p>\n<p style=\"text-align: justify;\"><strong>ACCESORIOS<\/strong><\/p>\n<p style=\"text-align: justify;\">En esta Colecci\u00f3n Primavera \u2013 Verano 2015 los accesorios infaltables de todo <strong>armario<\/strong> son los lentes de sol, relojes, cinturones, gemelos y corbatas. Para el director creativo de la marca \u201clos accesorios brindan los toques finales al look, son como los acentos, puntos y comas en un p\u00e1rrafo, los cuales deben estar presentes y dejan saber tu nivel de conocimiento y detalle\u201d.<\/p>\n<p><img loading=\"lazy\" class=\" size-full wp-image-7009\" style=\"display: block; margin-left: auto; margin-right: auto;\" src=\"http:\/\/209.133.219.102\/~newunicas\/blog\/wp-content\/uploads\/2014\/10\/003-c2.png\" alt=\"\" width=\"650\" height=\"430\" srcset=\"https:\/\/www.unicas.pe\/blog\/wp-content\/uploads\/2014\/10\/003-c2.png 650w, https:\/\/www.unicas.pe\/blog\/wp-content\/uploads\/2014\/10\/003-c2-300x198.png 300w, https:\/\/www.unicas.pe\/blog\/wp-content\/uploads\/2014\/10\/003-c2-648x430.png 648w, https:\/\/www.unicas.pe\/blog\/wp-content\/uploads\/2014\/10\/003-c2-635x420.png 635w\" sizes=\"(max-width: 650px) 100vw, 650px\" \/><\/p>\n<p style=\"text-align: justify;\"><strong>TEM\u00c1TICA DE LA COLECCI\u00d3N<\/strong><\/p>\n<p style=\"text-align: justify;\">La nueva colecci\u00f3n Primavera \u2013 Verano 2015 de JOHN HOLDEN tiene como tem\u00e1tica el concepto de \u201cConquista lo que quieras\u201d, pensando en aquellas personas que gustan asumir retos y conquistar exitosamente los diferentes escenarios que se le presentan en su vida personal y profesional. Por ello, encuentran en la marca a un aliado que los acompa\u00f1e en ese camino de \u00e9xito sea conquistando ese ansiado ascenso, a la mujer de sus sue\u00f1os, cerrando un negocio decisivo, entre otros.<\/p>\n","protected":false},"excerpt":{"rendered":"<p>La nueva colecci\u00f3n Primavera\u2013Verano 2015 de JOHN HOLDEN rinde tributo al hombre peruano que gusta de los detalles y de la elegancia para cualquier situaci\u00f3n.<\/p>\n","protected":false},"author":1,"featured_media":7005,"comment_status":"closed","ping_status":"open","sticky":false,"template":"","format":"standard","meta":[],"categories":[5],"tags":[6687,8246,8247,5620,4173,4178],"yoast_head":"<!-- This site is optimized with the Yoast SEO plugin v16.0.2 - https:\/\/yoast.com\/wordpress\/plugins\/seo\/ -->\n<link rel=\"canonical\" href=\"https:\/\/www.unicas.pe\/blog\/john-holden-primavera-verano-2015\/\" \/>\n<meta property=\"og:locale\" content=\"es_ES\" \/>\n<meta property=\"og:type\" content=\"article\" \/>\n<meta property=\"og:title\" content=\"Conoce la nueva colecci\u00f3n Primavera-Verano 2015 de John Holden - Unicas\" \/>\n<meta property=\"og:description\" content=\"La nueva colecci\u00f3n Primavera\u2013Verano 2015 de JOHN HOLDEN rinde tributo al hombre peruano que gusta de los detalles y de la elegancia para cualquier situaci\u00f3n.\" \/>\n<meta property=\"og:url\" content=\"https:\/\/www.unicas.pe\/blog\/john-holden-primavera-verano-2015\/\" \/>\n<meta property=\"og:site_name\" content=\"Unicas\" \/>\n<meta property=\"article:published_time\" content=\"2014-10-15T20:53:34+00:00\" \/>\n<meta property=\"article:modified_time\" content=\"2019-01-11T02:32:30+00:00\" \/>\n<meta property=\"og:image\" content=\"https:\/\/www.unicas.pe\/blog\/wp-content\/uploads\/2014\/10\/001.png\" \/>\n\t<meta property=\"og:image:width\" content=\"650\" \/>\n\t<meta property=\"og:image:height\" content=\"509\" \/>\n<meta name=\"twitter:card\" content=\"summary_large_image\" \/>\n<meta name=\"twitter:label1\" content=\"Tiempo de lectura\">\n\t<meta name=\"twitter:data1\" content=\"3 minutos\">\n<script type=\"application\/ld+json\" class=\"yoast-schema-graph\">{\"@context\":\"https:\/\/schema.org\",\"@graph\":[{\"@type\":\"WebSite\",\"@id\":\"https:\/\/www.unicas.pe\/blog\/#website\",\"url\":\"https:\/\/www.unicas.pe\/blog\/\",\"name\":\"Unicas\",\"description\":\"Blog sobre belleza, maquillaje, moda, y mucho m\\u00e1s.\",\"potentialAction\":[{\"@type\":\"SearchAction\",\"target\":\"https:\/\/www.unicas.pe\/blog\/?s={search_term_string}\",\"query-input\":\"required name=search_term_string\"}],\"inLanguage\":\"es\"},{\"@type\":\"ImageObject\",\"@id\":\"https:\/\/www.unicas.pe\/blog\/john-holden-primavera-verano-2015\/#primaryimage\",\"inLanguage\":\"es\",\"url\":\"https:\/\/www.unicas.pe\/blog\/wp-content\/uploads\/2014\/10\/001.png\",\"width\":650,\"height\":509},{\"@type\":\"WebPage\",\"@id\":\"https:\/\/www.unicas.pe\/blog\/john-holden-primavera-verano-2015\/#webpage\",\"url\":\"https:\/\/www.unicas.pe\/blog\/john-holden-primavera-verano-2015\/\",\"name\":\"Conoce la nueva colecci\\u00f3n Primavera-Verano 2015 de John Holden - Unicas\",\"isPartOf\":{\"@id\":\"https:\/\/www.unicas.pe\/blog\/#website\"},\"primaryImageOfPage\":{\"@id\":\"https:\/\/www.unicas.pe\/blog\/john-holden-primavera-verano-2015\/#primaryimage\"},\"datePublished\":\"2014-10-15T20:53:34+00:00\",\"dateModified\":\"2019-01-11T02:32:30+00:00\",\"author\":{\"@id\":\"https:\/\/www.unicas.pe\/blog\/#\/schema\/person\/60053f595c6d0f3f11ed52a01c961cdb\"},\"breadcrumb\":{\"@id\":\"https:\/\/www.unicas.pe\/blog\/john-holden-primavera-verano-2015\/#breadcrumb\"},\"inLanguage\":\"es\",\"potentialAction\":[{\"@type\":\"ReadAction\",\"target\":[\"https:\/\/www.unicas.pe\/blog\/john-holden-primavera-verano-2015\/\"]}]},{\"@type\":\"BreadcrumbList\",\"@id\":\"https:\/\/www.unicas.pe\/blog\/john-holden-primavera-verano-2015\/#breadcrumb\",\"itemListElement\":[{\"@type\":\"ListItem\",\"position\":1,\"item\":{\"@type\":\"WebPage\",\"@id\":\"https:\/\/www.unicas.pe\/blog\/\",\"url\":\"https:\/\/www.unicas.pe\/blog\/\",\"name\":\"Portada\"}},{\"@type\":\"ListItem\",\"position\":2,\"item\":{\"@type\":\"WebPage\",\"@id\":\"https:\/\/www.unicas.pe\/blog\/john-holden-primavera-verano-2015\/\",\"url\":\"https:\/\/www.unicas.pe\/blog\/john-holden-primavera-verano-2015\/\",\"name\":\"Conoce la nueva colecci\\u00f3n Primavera-Verano 2015 de John Holden\"}}]},{\"@type\":\"Person\",\"@id\":\"https:\/\/www.unicas.pe\/blog\/#\/schema\/person\/60053f595c6d0f3f11ed52a01c961cdb\",\"name\":\"Katty Gora\",\"image\":{\"@type\":\"ImageObject\",\"@id\":\"https:\/\/www.unicas.pe\/blog\/#personlogo\",\"inLanguage\":\"es\",\"url\":\"https:\/\/www.unicas.pe\/blog\/wp-content\/uploads\/2019\/01\/168392_1786370415133_366102_n-150x150.jpg\",\"caption\":\"Katty Gora\"},\"description\":\"Katty is a passionate blogger, diving into different subjects like fashion, trends, styles and news and more. Discover the great insight of a true quality blogger!\"}]}<\/script>\n<!-- \/ Yoast SEO plugin. -->","_links":{"self":[{"href":"https:\/\/www.unicas.pe\/blog\/wp-json\/wp\/v2\/posts\/7010"}],"collection":[{"href":"https:\/\/www.unicas.pe\/blog\/wp-json\/wp\/v2\/posts"}],"about":[{"href":"https:\/\/www.unicas.pe\/blog\/wp-json\/wp\/v2\/types\/post"}],"author":[{"embeddable":true,"href":"https:\/\/www.unicas.pe\/blog\/wp-json\/wp\/v2\/users\/1"}],"replies":[{"embeddable":true,"href":"https:\/\/www.unicas.pe\/blog\/wp-json\/wp\/v2\/comments?post=7010"}],"version-history":[{"count":1,"href":"https:\/\/www.unicas.pe\/blog\/wp-json\/wp\/v2\/posts\/7010\/revisions"}],"predecessor-version":[{"id":10022,"href":"https:\/\/www.unicas.pe\/blog\/wp-json\/wp\/v2\/posts\/7010\/revisions\/10022"}],"wp:featuredmedia":[{"embeddable":true,"href":"https:\/\/www.unicas.pe\/blog\/wp-json\/wp\/v2\/media\/7005"}],"wp:attachment":[{"href":"https:\/\/www.unicas.pe\/blog\/wp-json\/wp\/v2\/media?parent=7010"}],"wp:term":[{"taxonomy":"category","embeddable":true,"href":"https:\/\/www.unicas.pe\/blog\/wp-json\/wp\/v2\/categories?post=7010"},{"taxonomy":"post_tag","embeddable":true,"href":"https:\/\/www.unicas.pe\/blog\/wp-json\/wp\/v2\/tags?post=7010"}],"curies":[{"name":"wp","href":"https:\/\/api.w.org\/{rel}","templated":true}]}}