{"id":7417,"date":"2014-12-15T21:03:00","date_gmt":"2014-12-16T02:03:00","guid":{"rendered":"http:\/\/209.133.219.102\/~newunicas\/blog\/2014\/12\/15\/como-proteger-cabello-del-calor-plancha-secadora\/"},"modified":"2019-01-10T21:31:52","modified_gmt":"2019-01-11T02:31:52","slug":"como-proteger-cabello-del-calor-plancha-secadora","status":"publish","type":"post","link":"https:\/\/www.unicas.pe\/blog\/como-proteger-cabello-del-calor-plancha-secadora\/","title":{"rendered":"\u00bfC\u00f3mo proteger nuestro cabello del calor de la plancha y la secadora?"},"content":{"rendered":"<p>La plancha, los rizadores, la secadora maltratan nuestro cabello al punto de quitarle brillo. Sigue estos tips para contrarrestar este da\u00f1o.\u00a0<\/p>\n<p>  <!--more-->  <\/p>\n<p>Las fiestas de fin de a\u00f1o est\u00e1n cada vez m\u00e1s cerca, por lo tanto tenemos que estar pendientes de las \u00faltimas tendencias en moda y belleza para ser la sensaci\u00f3n en las reuniones a las que asistamos.\u00a0<\/p>\n<p>Para lograr peinados lindos y duraderos, es necesario utilizar herramientas productoras de calor, como las planchas, pinzas y secadores que dejan resultados hermosos pero que, a la larga, pueden da\u00f1ar nuestro cabello. Es por ello que Sally Beauty te recomienda utilizar Mega Silk Protection de Silk Elements.<\/p>\n<p><img loading=\"lazy\" class=\" size-full wp-image-7416\" style=\"display: block; margin-left: auto; margin-right: auto;\" src=\"http:\/\/209.133.219.102\/~newunicas\/blog\/wp-content\/uploads\/2014\/12\/002-sally.jpg\" alt=\"\" width=\"599\" height=\"599\" srcset=\"https:\/\/www.unicas.pe\/blog\/wp-content\/uploads\/2014\/12\/002-sally.jpg 599w, https:\/\/www.unicas.pe\/blog\/wp-content\/uploads\/2014\/12\/002-sally-150x150.jpg 150w, https:\/\/www.unicas.pe\/blog\/wp-content\/uploads\/2014\/12\/002-sally-300x300.jpg 300w, https:\/\/www.unicas.pe\/blog\/wp-content\/uploads\/2014\/12\/002-sally-420x420.jpg 420w\" sizes=\"(max-width: 599px) 100vw, 599px\" \/><\/p>\n<p style=\"text-align: justify;\">Este producto est\u00e1 formulado con prote\u00edna de Seda y aceite de oliva y ayuda a proteger al cabello de los da\u00f1os causados por las herramientas de calor. Adem\u00e1s le da suavidad y sedosidad al cabello y lo deja con un brillo envidiable.\u00a0<\/p>\n<p style=\"text-align: justify;\">Si vas a utilizar la secadora, roc\u00edate el producto sobre el cabello h\u00famedo y si vas a utilizar la plancha o la pinza rizadora, apl\u00edcalo sobre el cabello seco; luego procede a plancharte o secarte como lo haces habitualmente.\u00a0<\/p>\n<p style=\"text-align: justify;\">Si quieres encontrar este y otros productos de calidad profesional, visita las tiendas de Sally Beauty en el C.C. Jockey Plaza, Mall Aventura Plaza Bellavista, Real Plaza Centro C\u00edvico, Plaza Norte y Mall Aventura Plaza de Trujillo y ten el cabello que siempre so\u00f1aste tener.<\/p>\n","protected":false},"excerpt":{"rendered":"<p>La plancha, los rizadores, la secadora maltratan nuestro cabello al punto de quitarle brillo. Sigue estos tips para contrarrestar este da\u00f1o.\u00a0<\/p>\n","protected":false},"author":1,"featured_media":7416,"comment_status":"closed","ping_status":"open","sticky":false,"template":"","format":"standard","meta":[],"categories":[29],"tags":[63,8045,8747,8750,2279,8746,8749,6522,8751,8748,8752],"yoast_head":"<!-- This site is optimized with the Yoast SEO plugin v16.0.2 - https:\/\/yoast.com\/wordpress\/plugins\/seo\/ -->\n<link rel=\"canonical\" href=\"https:\/\/www.unicas.pe\/blog\/como-proteger-cabello-del-calor-plancha-secadora\/\" \/>\n<meta property=\"og:locale\" content=\"es_ES\" \/>\n<meta property=\"og:type\" content=\"article\" \/>\n<meta property=\"og:title\" content=\"\u00bfC\u00f3mo proteger nuestro cabello del calor de la plancha y la secadora? - Unicas\" \/>\n<meta property=\"og:description\" content=\"La plancha, los rizadores, la secadora maltratan nuestro cabello al punto de quitarle brillo. Sigue estos tips para contrarrestar este da\u00f1o.\u00a0\" \/>\n<meta property=\"og:url\" content=\"https:\/\/www.unicas.pe\/blog\/como-proteger-cabello-del-calor-plancha-secadora\/\" \/>\n<meta property=\"og:site_name\" content=\"Unicas\" \/>\n<meta property=\"article:published_time\" content=\"2014-12-16T02:03:00+00:00\" \/>\n<meta property=\"article:modified_time\" content=\"2019-01-11T02:31:52+00:00\" \/>\n<meta property=\"og:image\" content=\"https:\/\/www.unicas.pe\/blog\/wp-content\/uploads\/2014\/12\/002-sally.jpg\" \/>\n\t<meta property=\"og:image:width\" content=\"599\" \/>\n\t<meta property=\"og:image:height\" content=\"599\" \/>\n<meta name=\"twitter:card\" content=\"summary_large_image\" \/>\n<meta name=\"twitter:label1\" content=\"Tiempo de lectura\">\n\t<meta name=\"twitter:data1\" content=\"1 minuto\">\n<script type=\"application\/ld+json\" class=\"yoast-schema-graph\">{\"@context\":\"https:\/\/schema.org\",\"@graph\":[{\"@type\":\"WebSite\",\"@id\":\"https:\/\/www.unicas.pe\/blog\/#website\",\"url\":\"https:\/\/www.unicas.pe\/blog\/\",\"name\":\"Unicas\",\"description\":\"Blog sobre belleza, maquillaje, moda, y mucho m\\u00e1s.\",\"potentialAction\":[{\"@type\":\"SearchAction\",\"target\":\"https:\/\/www.unicas.pe\/blog\/?s={search_term_string}\",\"query-input\":\"required name=search_term_string\"}],\"inLanguage\":\"es\"},{\"@type\":\"ImageObject\",\"@id\":\"https:\/\/www.unicas.pe\/blog\/como-proteger-cabello-del-calor-plancha-secadora\/#primaryimage\",\"inLanguage\":\"es\",\"url\":\"https:\/\/www.unicas.pe\/blog\/wp-content\/uploads\/2014\/12\/002-sally.jpg\",\"width\":599,\"height\":599},{\"@type\":\"WebPage\",\"@id\":\"https:\/\/www.unicas.pe\/blog\/como-proteger-cabello-del-calor-plancha-secadora\/#webpage\",\"url\":\"https:\/\/www.unicas.pe\/blog\/como-proteger-cabello-del-calor-plancha-secadora\/\",\"name\":\"\\u00bfC\\u00f3mo proteger nuestro cabello del calor de la plancha y la secadora? - Unicas\",\"isPartOf\":{\"@id\":\"https:\/\/www.unicas.pe\/blog\/#website\"},\"primaryImageOfPage\":{\"@id\":\"https:\/\/www.unicas.pe\/blog\/como-proteger-cabello-del-calor-plancha-secadora\/#primaryimage\"},\"datePublished\":\"2014-12-16T02:03:00+00:00\",\"dateModified\":\"2019-01-11T02:31:52+00:00\",\"author\":{\"@id\":\"https:\/\/www.unicas.pe\/blog\/#\/schema\/person\/60053f595c6d0f3f11ed52a01c961cdb\"},\"breadcrumb\":{\"@id\":\"https:\/\/www.unicas.pe\/blog\/como-proteger-cabello-del-calor-plancha-secadora\/#breadcrumb\"},\"inLanguage\":\"es\",\"potentialAction\":[{\"@type\":\"ReadAction\",\"target\":[\"https:\/\/www.unicas.pe\/blog\/como-proteger-cabello-del-calor-plancha-secadora\/\"]}]},{\"@type\":\"BreadcrumbList\",\"@id\":\"https:\/\/www.unicas.pe\/blog\/como-proteger-cabello-del-calor-plancha-secadora\/#breadcrumb\",\"itemListElement\":[{\"@type\":\"ListItem\",\"position\":1,\"item\":{\"@type\":\"WebPage\",\"@id\":\"https:\/\/www.unicas.pe\/blog\/\",\"url\":\"https:\/\/www.unicas.pe\/blog\/\",\"name\":\"Portada\"}},{\"@type\":\"ListItem\",\"position\":2,\"item\":{\"@type\":\"WebPage\",\"@id\":\"https:\/\/www.unicas.pe\/blog\/como-proteger-cabello-del-calor-plancha-secadora\/\",\"url\":\"https:\/\/www.unicas.pe\/blog\/como-proteger-cabello-del-calor-plancha-secadora\/\",\"name\":\"\\u00bfC\\u00f3mo proteger nuestro cabello del calor de la plancha y la secadora?\"}}]},{\"@type\":\"Person\",\"@id\":\"https:\/\/www.unicas.pe\/blog\/#\/schema\/person\/60053f595c6d0f3f11ed52a01c961cdb\",\"name\":\"Katty Gora\",\"image\":{\"@type\":\"ImageObject\",\"@id\":\"https:\/\/www.unicas.pe\/blog\/#personlogo\",\"inLanguage\":\"es\",\"url\":\"https:\/\/www.unicas.pe\/blog\/wp-content\/uploads\/2019\/01\/168392_1786370415133_366102_n-150x150.jpg\",\"caption\":\"Katty Gora\"},\"description\":\"Katty is a passionate blogger, diving into different subjects like fashion, trends, styles and news and more. Discover the great insight of a true quality blogger!\"}]}<\/script>\n<!-- \/ Yoast SEO plugin. -->","_links":{"self":[{"href":"https:\/\/www.unicas.pe\/blog\/wp-json\/wp\/v2\/posts\/7417"}],"collection":[{"href":"https:\/\/www.unicas.pe\/blog\/wp-json\/wp\/v2\/posts"}],"about":[{"href":"https:\/\/www.unicas.pe\/blog\/wp-json\/wp\/v2\/types\/post"}],"author":[{"embeddable":true,"href":"https:\/\/www.unicas.pe\/blog\/wp-json\/wp\/v2\/users\/1"}],"replies":[{"embeddable":true,"href":"https:\/\/www.unicas.pe\/blog\/wp-json\/wp\/v2\/comments?post=7417"}],"version-history":[{"count":1,"href":"https:\/\/www.unicas.pe\/blog\/wp-json\/wp\/v2\/posts\/7417\/revisions"}],"predecessor-version":[{"id":9919,"href":"https:\/\/www.unicas.pe\/blog\/wp-json\/wp\/v2\/posts\/7417\/revisions\/9919"}],"wp:featuredmedia":[{"embeddable":true,"href":"https:\/\/www.unicas.pe\/blog\/wp-json\/wp\/v2\/media\/7416"}],"wp:attachment":[{"href":"https:\/\/www.unicas.pe\/blog\/wp-json\/wp\/v2\/media?parent=7417"}],"wp:term":[{"taxonomy":"category","embeddable":true,"href":"https:\/\/www.unicas.pe\/blog\/wp-json\/wp\/v2\/categories?post=7417"},{"taxonomy":"post_tag","embeddable":true,"href":"https:\/\/www.unicas.pe\/blog\/wp-json\/wp\/v2\/tags?post=7417"}],"curies":[{"name":"wp","href":"https:\/\/api.w.org\/{rel}","templated":true}]}}