{"id":742,"date":"2013-10-11T13:29:00","date_gmt":"2013-10-11T18:29:00","guid":{"rendered":"http:\/\/209.133.219.102\/~newunicas\/blog\/2013\/10\/11\/dia-cancer-mama\/"},"modified":"2019-01-10T21:38:48","modified_gmt":"2019-01-11T02:38:48","slug":"dia-cancer-mama","status":"publish","type":"post","link":"https:\/\/www.unicas.pe\/blog\/dia-cancer-mama\/","title":{"rendered":"No dejes de prepararte para el pr\u00f3ximo D\u00eda del C\u00e1ncer de Mama"},"content":{"rendered":"<p>Este 19 de octubre se celebra el D\u00eda del C\u00e1ncer de Mama. En esta fecha se intenta inculcar en la poblaci\u00f3n la importancia de la detecci\u00f3n precoz de esta enfermedad.<\/p>\n<p>  <!--more-->  <\/p>\n<p><span style=\"line-height: 1.3em;\">Desde hace varios a\u00f1os, la poblaci\u00f3n femenina viene siendo v\u00edctima de esta afecci\u00f3n que no discrimina raza, edad ni condici\u00f3n social. Una de cada ocho mujeres desarrollan c\u00e1ncer en cualquier momento a lo largo de su vida y en el caso peruano, cinco mujeres mueren diariamente por esta enfermedad. La instauraci\u00f3n del<\/span><strong style=\"line-height: 1.3em;\"> D\u00eda del C\u00e1ncer de Mama<\/strong><span style=\"line-height: 1.3em;\"> tiene como objetivo concientizar la importancia de realizarse una mamograf\u00eda como t\u00e9cnica de prevenci\u00f3n contra del c\u00e1ncer.<\/span><\/p>\n<p><span style=\"line-height: 1.3em;\">En todo el mundo, durante el mes de octubre, distintos pa\u00edses realizan campa\u00f1as para la concientizaci\u00f3n y la recaudaci\u00f3n de fondos para combatir el c\u00e1ncer de mama. Incluso las celebridades as\u00ed como grandes representantes de la moda y la belleza prestan su colaboraci\u00f3n para con la causa. Por ejemplo, <strong>Ralph Lauren<\/strong> cre\u00f3 en 1994 <strong>Fashion Targets Breast Cancer<\/strong>, una fundaci\u00f3n que se encarga de la recaudaci\u00f3n de fondos por medio de la venta de productos de dise\u00f1o especial y la asociaci\u00f3n de distintas marcas que donan el 30% de sus ingresos. Entre las m\u00e1s importantes est\u00e1n M &amp; S, River Island, Topshop, Almac\u00e9n, Costa, Laura Ashley y Debenhams, solo en el Reino Unido.\u00a0<\/span><\/p>\n<p><img class=\" size-full wp-image-738\" src=\"http:\/\/209.133.219.102\/~newunicas\/blog\/wp-content\/uploads\/2013\/10\/cancer_de_mama_3.jpg\" alt=\"No dejes de prepararte para el pr\u00f3ximo D\u00eda del C\u00e1ncer de Mama\" title=\"No dejes de prepararte para el pr\u00f3ximo D\u00eda del C\u00e1ncer de Mama\" width=\"600\" style=\"display: block; margin-left: auto; margin-right: auto;\" srcset=\"https:\/\/www.unicas.pe\/blog\/wp-content\/uploads\/2013\/10\/cancer_de_mama_3.jpg 650w, https:\/\/www.unicas.pe\/blog\/wp-content\/uploads\/2013\/10\/cancer_de_mama_3-225x300.jpg 225w, https:\/\/www.unicas.pe\/blog\/wp-content\/uploads\/2013\/10\/cancer_de_mama_3-315x420.jpg 315w, https:\/\/www.unicas.pe\/blog\/wp-content\/uploads\/2013\/10\/cancer_de_mama_3-630x840.jpg 630w\" sizes=\"(max-width: 650px) 100vw, 650px\" \/><\/p>\n<p>Esta misma fundaci\u00f3n cuenta con la colaboraci\u00f3n de grandes celebridades. En esta campa\u00f1a 2013, Sharon y <strong>Kelly Osbourne<\/strong> son la imagen de cruzada. Tambi\u00e9n el dise\u00f1ador Juan Duyos cre\u00f3 un vestido especial dedicado a todas mujeres que deben afrontar el c\u00e1ncer de mama. Nieve Alvarez lo luci\u00f3 por la pasarela del <strong>Mercedes-Benz FashionWeek<\/strong> de Madrid el pasado 13 de setiembre. El vestido ser\u00e1 sorteado entre las mujeres que se inscriban y por cada una se donar\u00e1 un euro a la causa.<\/p>\n<p><img class=\" size-full wp-image-739\" src=\"http:\/\/209.133.219.102\/~newunicas\/blog\/wp-content\/uploads\/2013\/10\/cancer_de_mama1.jpg\" alt=\"No dejes de prepararte para el pr\u00f3ximo D\u00eda del C\u00e1ncer de Mama\" title=\"No dejes de prepararte para el pr\u00f3ximo D\u00eda del C\u00e1ncer de Mama\" width=\"600\" style=\"display: block; margin-left: auto; margin-right: auto;\" srcset=\"https:\/\/www.unicas.pe\/blog\/wp-content\/uploads\/2013\/10\/cancer_de_mama1.jpg 650w, https:\/\/www.unicas.pe\/blog\/wp-content\/uploads\/2013\/10\/cancer_de_mama1-300x226.jpg 300w, https:\/\/www.unicas.pe\/blog\/wp-content\/uploads\/2013\/10\/cancer_de_mama1-80x60.jpg 80w, https:\/\/www.unicas.pe\/blog\/wp-content\/uploads\/2013\/10\/cancer_de_mama1-160x120.jpg 160w, https:\/\/www.unicas.pe\/blog\/wp-content\/uploads\/2013\/10\/cancer_de_mama1-557x420.jpg 557w\" sizes=\"(max-width: 650px) 100vw, 650px\" \/><\/p>\n<p>\u00a0Por otro lado, en el Per\u00fa <strong>La Liga Peruana contra el C\u00e1ncer<\/strong> junto con la marca Avon realizar\u00e1n distintas actividades por la campa\u00f1a \u201cUn Lazo por la Vida\u201d. El 20 de octubre se realizar\u00e1 una carrera\/caminata en el Pentagonito cuya inscripci\u00f3n costar\u00e1 20 soles. El lema del evento es \u00c1tate el Lazo Rosa. Tambi\u00e9n se realizar\u00e1 un desfile de modas y se entregar\u00e1 informaci\u00f3n en forma de d\u00edpticos y notas de prensa.<\/p>\n<p><img class=\" size-full wp-image-740\" src=\"http:\/\/209.133.219.102\/~newunicas\/blog\/wp-content\/uploads\/2013\/10\/cancer_de_mama2.jpg\" alt=\"No dejes de prepararte para el pr\u00f3ximo D\u00eda del C\u00e1ncer de Mama\" title=\"No dejes de prepararte para el pr\u00f3ximo D\u00eda del C\u00e1ncer de Mama\" width=\"600\" style=\"display: block; margin-left: auto; margin-right: auto;\" srcset=\"https:\/\/www.unicas.pe\/blog\/wp-content\/uploads\/2013\/10\/cancer_de_mama2.jpg 650w, https:\/\/www.unicas.pe\/blog\/wp-content\/uploads\/2013\/10\/cancer_de_mama2-300x225.jpg 300w, https:\/\/www.unicas.pe\/blog\/wp-content\/uploads\/2013\/10\/cancer_de_mama2-80x60.jpg 80w, https:\/\/www.unicas.pe\/blog\/wp-content\/uploads\/2013\/10\/cancer_de_mama2-160x120.jpg 160w, https:\/\/www.unicas.pe\/blog\/wp-content\/uploads\/2013\/10\/cancer_de_mama2-265x198.jpg 265w, https:\/\/www.unicas.pe\/blog\/wp-content\/uploads\/2013\/10\/cancer_de_mama2-530x396.jpg 530w, https:\/\/www.unicas.pe\/blog\/wp-content\/uploads\/2013\/10\/cancer_de_mama2-648x487.jpg 648w, https:\/\/www.unicas.pe\/blog\/wp-content\/uploads\/2013\/10\/cancer_de_mama2-561x420.jpg 561w\" sizes=\"(max-width: 650px) 100vw, 650px\" \/><\/p>\n<p><span style=\"line-height: 1.3em;\">\u00a0<\/span>Si deseas colaborar en el <strong>D\u00eda del C\u00e1ncer de Mama<\/strong> no dudes en participar en alguna actividad de la Liga Peruana Contra en C\u00e1ncer o participar en alg\u00fan donativo por la calle y\/o en la cuenta bancaria certificada.<\/p>\n<p><img class=\" size-full wp-image-741\" src=\"http:\/\/209.133.219.102\/~newunicas\/blog\/wp-content\/uploads\/2013\/10\/cancer_de_mama4.jpg\" alt=\"No dejes de prepararte para el pr\u00f3ximo D\u00eda del C\u00e1ncer de Mama\" title=\"No dejes de prepararte para el pr\u00f3ximo D\u00eda del C\u00e1ncer de Mama\" width=\"600\" style=\"display: block; margin-left: auto; margin-right: auto;\" srcset=\"https:\/\/www.unicas.pe\/blog\/wp-content\/uploads\/2013\/10\/cancer_de_mama4.jpg 650w, https:\/\/www.unicas.pe\/blog\/wp-content\/uploads\/2013\/10\/cancer_de_mama4-300x200.jpg 300w, https:\/\/www.unicas.pe\/blog\/wp-content\/uploads\/2013\/10\/cancer_de_mama4-648x433.jpg 648w, https:\/\/www.unicas.pe\/blog\/wp-content\/uploads\/2013\/10\/cancer_de_mama4-630x420.jpg 630w\" sizes=\"(max-width: 650px) 100vw, 650px\" \/><\/p>\n","protected":false},"excerpt":{"rendered":"<p>Este 19 de octubre se celebra el D\u00eda del C\u00e1ncer de Mama. En esta fecha se intenta inculcar en la poblaci\u00f3n la importancia de la detecci\u00f3n precoz de esta enfermedad.<\/p>\n","protected":false},"author":1,"featured_media":738,"comment_status":"closed","ping_status":"open","sticky":false,"template":"","format":"standard","meta":[],"categories":[57],"tags":[1155,510,1146,1148,1150,1149,1153,1152,1151,1147,1154],"yoast_head":"<!-- This site is optimized with the Yoast SEO plugin v16.0.2 - https:\/\/yoast.com\/wordpress\/plugins\/seo\/ -->\n<link rel=\"canonical\" href=\"https:\/\/www.unicas.pe\/blog\/dia-cancer-mama\/\" \/>\n<meta property=\"og:locale\" content=\"es_ES\" \/>\n<meta property=\"og:type\" content=\"article\" \/>\n<meta property=\"og:title\" content=\"No dejes de prepararte para el pr\u00f3ximo D\u00eda del C\u00e1ncer de Mama - Unicas\" \/>\n<meta property=\"og:description\" content=\"Este 19 de octubre se celebra el D\u00eda del C\u00e1ncer de Mama. En esta fecha se intenta inculcar en la poblaci\u00f3n la importancia de la detecci\u00f3n precoz de esta enfermedad.\" \/>\n<meta property=\"og:url\" content=\"https:\/\/www.unicas.pe\/blog\/dia-cancer-mama\/\" \/>\n<meta property=\"og:site_name\" content=\"Unicas\" \/>\n<meta property=\"article:published_time\" content=\"2013-10-11T18:29:00+00:00\" \/>\n<meta property=\"article:modified_time\" content=\"2019-01-11T02:38:48+00:00\" \/>\n<meta property=\"og:image\" content=\"https:\/\/www.unicas.pe\/blog\/wp-content\/uploads\/2013\/10\/cancer_de_mama_3.jpg\" \/>\n\t<meta property=\"og:image:width\" content=\"650\" \/>\n\t<meta property=\"og:image:height\" content=\"867\" \/>\n<meta name=\"twitter:card\" content=\"summary_large_image\" \/>\n<meta name=\"twitter:label1\" content=\"Tiempo de lectura\">\n\t<meta name=\"twitter:data1\" content=\"2 minutos\">\n<script type=\"application\/ld+json\" class=\"yoast-schema-graph\">{\"@context\":\"https:\/\/schema.org\",\"@graph\":[{\"@type\":\"WebSite\",\"@id\":\"https:\/\/www.unicas.pe\/blog\/#website\",\"url\":\"https:\/\/www.unicas.pe\/blog\/\",\"name\":\"Unicas\",\"description\":\"Blog sobre belleza, maquillaje, moda, y mucho m\\u00e1s.\",\"potentialAction\":[{\"@type\":\"SearchAction\",\"target\":\"https:\/\/www.unicas.pe\/blog\/?s={search_term_string}\",\"query-input\":\"required name=search_term_string\"}],\"inLanguage\":\"es\"},{\"@type\":\"ImageObject\",\"@id\":\"https:\/\/www.unicas.pe\/blog\/dia-cancer-mama\/#primaryimage\",\"inLanguage\":\"es\",\"url\":\"https:\/\/www.unicas.pe\/blog\/wp-content\/uploads\/2013\/10\/cancer_de_mama_3.jpg\",\"width\":650,\"height\":867,\"caption\":\"No dejes de prepararte para el pr\\u00f3ximo D\\u00eda del C\\u00e1ncer de Mama\"},{\"@type\":\"WebPage\",\"@id\":\"https:\/\/www.unicas.pe\/blog\/dia-cancer-mama\/#webpage\",\"url\":\"https:\/\/www.unicas.pe\/blog\/dia-cancer-mama\/\",\"name\":\"No dejes de prepararte para el pr\\u00f3ximo D\\u00eda del C\\u00e1ncer de Mama - Unicas\",\"isPartOf\":{\"@id\":\"https:\/\/www.unicas.pe\/blog\/#website\"},\"primaryImageOfPage\":{\"@id\":\"https:\/\/www.unicas.pe\/blog\/dia-cancer-mama\/#primaryimage\"},\"datePublished\":\"2013-10-11T18:29:00+00:00\",\"dateModified\":\"2019-01-11T02:38:48+00:00\",\"author\":{\"@id\":\"https:\/\/www.unicas.pe\/blog\/#\/schema\/person\/60053f595c6d0f3f11ed52a01c961cdb\"},\"breadcrumb\":{\"@id\":\"https:\/\/www.unicas.pe\/blog\/dia-cancer-mama\/#breadcrumb\"},\"inLanguage\":\"es\",\"potentialAction\":[{\"@type\":\"ReadAction\",\"target\":[\"https:\/\/www.unicas.pe\/blog\/dia-cancer-mama\/\"]}]},{\"@type\":\"BreadcrumbList\",\"@id\":\"https:\/\/www.unicas.pe\/blog\/dia-cancer-mama\/#breadcrumb\",\"itemListElement\":[{\"@type\":\"ListItem\",\"position\":1,\"item\":{\"@type\":\"WebPage\",\"@id\":\"https:\/\/www.unicas.pe\/blog\/\",\"url\":\"https:\/\/www.unicas.pe\/blog\/\",\"name\":\"Portada\"}},{\"@type\":\"ListItem\",\"position\":2,\"item\":{\"@type\":\"WebPage\",\"@id\":\"https:\/\/www.unicas.pe\/blog\/dia-cancer-mama\/\",\"url\":\"https:\/\/www.unicas.pe\/blog\/dia-cancer-mama\/\",\"name\":\"No dejes de prepararte para el pr\\u00f3ximo D\\u00eda del C\\u00e1ncer de Mama\"}}]},{\"@type\":\"Person\",\"@id\":\"https:\/\/www.unicas.pe\/blog\/#\/schema\/person\/60053f595c6d0f3f11ed52a01c961cdb\",\"name\":\"Katty Gora\",\"image\":{\"@type\":\"ImageObject\",\"@id\":\"https:\/\/www.unicas.pe\/blog\/#personlogo\",\"inLanguage\":\"es\",\"url\":\"https:\/\/www.unicas.pe\/blog\/wp-content\/uploads\/2019\/01\/168392_1786370415133_366102_n-150x150.jpg\",\"caption\":\"Katty Gora\"},\"description\":\"Katty is a passionate blogger, diving into different subjects like fashion, trends, styles and news and more. Discover the great insight of a true quality blogger!\"}]}<\/script>\n<!-- \/ Yoast SEO plugin. -->","_links":{"self":[{"href":"https:\/\/www.unicas.pe\/blog\/wp-json\/wp\/v2\/posts\/742"}],"collection":[{"href":"https:\/\/www.unicas.pe\/blog\/wp-json\/wp\/v2\/posts"}],"about":[{"href":"https:\/\/www.unicas.pe\/blog\/wp-json\/wp\/v2\/types\/post"}],"author":[{"embeddable":true,"href":"https:\/\/www.unicas.pe\/blog\/wp-json\/wp\/v2\/users\/1"}],"replies":[{"embeddable":true,"href":"https:\/\/www.unicas.pe\/blog\/wp-json\/wp\/v2\/comments?post=742"}],"version-history":[{"count":1,"href":"https:\/\/www.unicas.pe\/blog\/wp-json\/wp\/v2\/posts\/742\/revisions"}],"predecessor-version":[{"id":11340,"href":"https:\/\/www.unicas.pe\/blog\/wp-json\/wp\/v2\/posts\/742\/revisions\/11340"}],"wp:featuredmedia":[{"embeddable":true,"href":"https:\/\/www.unicas.pe\/blog\/wp-json\/wp\/v2\/media\/738"}],"wp:attachment":[{"href":"https:\/\/www.unicas.pe\/blog\/wp-json\/wp\/v2\/media?parent=742"}],"wp:term":[{"taxonomy":"category","embeddable":true,"href":"https:\/\/www.unicas.pe\/blog\/wp-json\/wp\/v2\/categories?post=742"},{"taxonomy":"post_tag","embeddable":true,"href":"https:\/\/www.unicas.pe\/blog\/wp-json\/wp\/v2\/tags?post=742"}],"curies":[{"name":"wp","href":"https:\/\/api.w.org\/{rel}","templated":true}]}}