{"id":7457,"date":"2015-01-05T21:17:23","date_gmt":"2015-01-06T02:17:23","guid":{"rendered":"http:\/\/209.133.219.102\/~newunicas\/blog\/2015\/01\/05\/fashion-edition-coleccion-primavera-verano-2015-escudo\/"},"modified":"2019-01-10T21:31:50","modified_gmt":"2019-01-11T02:31:50","slug":"fashion-edition-coleccion-primavera-verano-2015-escudo","status":"publish","type":"post","link":"https:\/\/www.unicas.pe\/blog\/fashion-edition-coleccion-primavera-verano-2015-escudo\/","title":{"rendered":"Fashion Edition present\u00f3 la nueva colecci\u00f3n de ESCUDO Primavera\/verano 2015\u00a0"},"content":{"rendered":"<p>La nueva colecci\u00f3n preoto\u00f1o de Carolina Herrera del presente a\u00f1o tiene un estilo muy natural a pesar de sus lujosos tejidos, estampados, detalles y colores.<\/p>\n<p>  <!--more-->  <\/p>\n<p>El 16 de Diciembre pasado Tailor PR present\u00f3 por primera vez en Lima el reconocido evento de moda: Fashion Edition Per\u00fa. Se trata de una presentaci\u00f3n que busca potencializar a los grandes talentos de la moda peruana a trav\u00e9s de una nueva perspectiva de la industria con un est\u00e1ndar internacional.<\/p>\n<p>La marca peruana Escudo, fue la elegida para presentar al sector de la industria de la moda, su colecci\u00f3n Primavera\/Verano 2015. El p\u00fablico estaba lleno de empresarios y l\u00edderes de diversos \u00e1mbitos de mayor relevancia para la industria de la moda.\u00a0<\/p>\n<p>ESCUDO conjuga una pasi\u00f3n absoluta por el dise\u00f1o y la riqueza cultural peruana. Prendas con alma que nacen de la inspiraci\u00f3n de nuestras tradiciones ancestrales, del compromiso con el desarrollo artesanal, del respeto por el arte popular y de la responsabilidad que obliga a la exigencia del detalle. El sincretismo y el mestizaje laboran los pactos de lo antiguo con lo nuevo; fibras, tejidos, bordados, costuras, elementos y colores que bailan y hablan, que nos acercan a la esencia \u00a0del pasado y proyectan nuestro futuro. Toda la colecci\u00f3n habla de la identidad del peruano.\u00a0<\/p>\n<p>El evento cont\u00f3 con la presencia por primera vez en Lima la agencia BFA New York. Junto a ellos nos acompa\u00f1aron, Mario Testino, Gabriel Rivera-Barraza, afamado Publicista Mexicano residente en New York, y el dise\u00f1ador Carlos Campos integrante del CFDA\/Vogue Foundation.<\/p>\n<p>{oziogallery 1021}<\/p>\n<p>\u00a0<\/p>\n","protected":false},"excerpt":{"rendered":"<p>La nueva colecci\u00f3n preoto\u00f1o de Carolina Herrera del presente a\u00f1o tiene un estilo muy natural a pesar de sus lujosos tejidos, estampados, detalles y colores.<\/p>\n","protected":false},"author":1,"featured_media":0,"comment_status":"closed","ping_status":"open","sticky":false,"template":"","format":"standard","meta":[],"categories":[26],"tags":[8842,8844,8845,8836,6687,8837,8835,8841,8838,8840,8843,1943,82,8839],"yoast_head":"<!-- This site is optimized with the Yoast SEO plugin v16.0.2 - https:\/\/yoast.com\/wordpress\/plugins\/seo\/ -->\n<link rel=\"canonical\" href=\"https:\/\/www.unicas.pe\/blog\/fashion-edition-coleccion-primavera-verano-2015-escudo\/\" \/>\n<meta property=\"og:locale\" content=\"es_ES\" \/>\n<meta property=\"og:type\" content=\"article\" \/>\n<meta property=\"og:title\" content=\"Fashion Edition present\u00f3 la nueva colecci\u00f3n de ESCUDO Primavera\/verano 2015\u00a0 - Unicas\" \/>\n<meta property=\"og:description\" content=\"La nueva colecci\u00f3n preoto\u00f1o de Carolina Herrera del presente a\u00f1o tiene un estilo muy natural a pesar de sus lujosos tejidos, estampados, detalles y colores.\" \/>\n<meta property=\"og:url\" content=\"https:\/\/www.unicas.pe\/blog\/fashion-edition-coleccion-primavera-verano-2015-escudo\/\" \/>\n<meta property=\"og:site_name\" content=\"Unicas\" \/>\n<meta property=\"article:published_time\" content=\"2015-01-06T02:17:23+00:00\" \/>\n<meta property=\"article:modified_time\" content=\"2019-01-11T02:31:50+00:00\" \/>\n<meta name=\"twitter:card\" content=\"summary_large_image\" \/>\n<meta name=\"twitter:label1\" content=\"Tiempo de lectura\">\n\t<meta name=\"twitter:data1\" content=\"1 minuto\">\n<script type=\"application\/ld+json\" class=\"yoast-schema-graph\">{\"@context\":\"https:\/\/schema.org\",\"@graph\":[{\"@type\":\"WebSite\",\"@id\":\"https:\/\/www.unicas.pe\/blog\/#website\",\"url\":\"https:\/\/www.unicas.pe\/blog\/\",\"name\":\"Unicas\",\"description\":\"Blog sobre belleza, maquillaje, moda, y mucho m\\u00e1s.\",\"potentialAction\":[{\"@type\":\"SearchAction\",\"target\":\"https:\/\/www.unicas.pe\/blog\/?s={search_term_string}\",\"query-input\":\"required name=search_term_string\"}],\"inLanguage\":\"es\"},{\"@type\":\"WebPage\",\"@id\":\"https:\/\/www.unicas.pe\/blog\/fashion-edition-coleccion-primavera-verano-2015-escudo\/#webpage\",\"url\":\"https:\/\/www.unicas.pe\/blog\/fashion-edition-coleccion-primavera-verano-2015-escudo\/\",\"name\":\"Fashion Edition present\\u00f3 la nueva colecci\\u00f3n de ESCUDO Primavera\/verano 2015\\u00a0 - Unicas\",\"isPartOf\":{\"@id\":\"https:\/\/www.unicas.pe\/blog\/#website\"},\"datePublished\":\"2015-01-06T02:17:23+00:00\",\"dateModified\":\"2019-01-11T02:31:50+00:00\",\"author\":{\"@id\":\"https:\/\/www.unicas.pe\/blog\/#\/schema\/person\/60053f595c6d0f3f11ed52a01c961cdb\"},\"breadcrumb\":{\"@id\":\"https:\/\/www.unicas.pe\/blog\/fashion-edition-coleccion-primavera-verano-2015-escudo\/#breadcrumb\"},\"inLanguage\":\"es\",\"potentialAction\":[{\"@type\":\"ReadAction\",\"target\":[\"https:\/\/www.unicas.pe\/blog\/fashion-edition-coleccion-primavera-verano-2015-escudo\/\"]}]},{\"@type\":\"BreadcrumbList\",\"@id\":\"https:\/\/www.unicas.pe\/blog\/fashion-edition-coleccion-primavera-verano-2015-escudo\/#breadcrumb\",\"itemListElement\":[{\"@type\":\"ListItem\",\"position\":1,\"item\":{\"@type\":\"WebPage\",\"@id\":\"https:\/\/www.unicas.pe\/blog\/\",\"url\":\"https:\/\/www.unicas.pe\/blog\/\",\"name\":\"Portada\"}},{\"@type\":\"ListItem\",\"position\":2,\"item\":{\"@type\":\"WebPage\",\"@id\":\"https:\/\/www.unicas.pe\/blog\/fashion-edition-coleccion-primavera-verano-2015-escudo\/\",\"url\":\"https:\/\/www.unicas.pe\/blog\/fashion-edition-coleccion-primavera-verano-2015-escudo\/\",\"name\":\"Fashion Edition present\\u00f3 la nueva colecci\\u00f3n de ESCUDO Primavera\/verano 2015\\u00a0\"}}]},{\"@type\":\"Person\",\"@id\":\"https:\/\/www.unicas.pe\/blog\/#\/schema\/person\/60053f595c6d0f3f11ed52a01c961cdb\",\"name\":\"Katty Gora\",\"image\":{\"@type\":\"ImageObject\",\"@id\":\"https:\/\/www.unicas.pe\/blog\/#personlogo\",\"inLanguage\":\"es\",\"url\":\"https:\/\/www.unicas.pe\/blog\/wp-content\/uploads\/2019\/01\/168392_1786370415133_366102_n-150x150.jpg\",\"caption\":\"Katty Gora\"},\"description\":\"Katty is a passionate blogger, diving into different subjects like fashion, trends, styles and news and more. Discover the great insight of a true quality blogger!\"}]}<\/script>\n<!-- \/ Yoast SEO plugin. -->","_links":{"self":[{"href":"https:\/\/www.unicas.pe\/blog\/wp-json\/wp\/v2\/posts\/7457"}],"collection":[{"href":"https:\/\/www.unicas.pe\/blog\/wp-json\/wp\/v2\/posts"}],"about":[{"href":"https:\/\/www.unicas.pe\/blog\/wp-json\/wp\/v2\/types\/post"}],"author":[{"embeddable":true,"href":"https:\/\/www.unicas.pe\/blog\/wp-json\/wp\/v2\/users\/1"}],"replies":[{"embeddable":true,"href":"https:\/\/www.unicas.pe\/blog\/wp-json\/wp\/v2\/comments?post=7457"}],"version-history":[{"count":1,"href":"https:\/\/www.unicas.pe\/blog\/wp-json\/wp\/v2\/posts\/7457\/revisions"}],"predecessor-version":[{"id":9904,"href":"https:\/\/www.unicas.pe\/blog\/wp-json\/wp\/v2\/posts\/7457\/revisions\/9904"}],"wp:attachment":[{"href":"https:\/\/www.unicas.pe\/blog\/wp-json\/wp\/v2\/media?parent=7457"}],"wp:term":[{"taxonomy":"category","embeddable":true,"href":"https:\/\/www.unicas.pe\/blog\/wp-json\/wp\/v2\/categories?post=7457"},{"taxonomy":"post_tag","embeddable":true,"href":"https:\/\/www.unicas.pe\/blog\/wp-json\/wp\/v2\/tags?post=7457"}],"curies":[{"name":"wp","href":"https:\/\/api.w.org\/{rel}","templated":true}]}}