{"id":7500,"date":"2015-01-08T06:25:50","date_gmt":"2015-01-08T11:25:50","guid":{"rendered":"http:\/\/209.133.219.102\/~newunicas\/blog\/2015\/01\/08\/jeanette-leiva-presenta-coleccion-calzado-2015\/"},"modified":"2019-01-10T21:31:49","modified_gmt":"2019-01-11T02:31:49","slug":"jeanette-leiva-presenta-coleccion-calzado-2015","status":"publish","type":"post","link":"https:\/\/www.unicas.pe\/blog\/jeanette-leiva-presenta-coleccion-calzado-2015\/","title":{"rendered":"Jeanette Leiva nos presenta su nueva colecci\u00f3n de calzado verano 2105"},"content":{"rendered":"<p>La colecci\u00f3n de calzado est\u00e1 caracterizada por las plataformas y hormas que sujeten bien los pies. Imperan los colores rojo, blanco, caramelo, azul, marr\u00f3n y negro.<\/p>\n<p>  <!--more-->  <\/p>\n<p>La dise\u00f1adora peruana, Jeannete Leiva nos presenta su nueva colecci\u00f3n de zapatos de verano para este 2015. Los zapatos son los preferidos de sus clientas pues sus dise\u00f1os estilizan el pie, al mismo tiempo que lo sujetan bien. Adem\u00e1s, los tacos no pesan absolutamente nada pues est\u00e1n hechos de poliuretano, un material tan duradero como el cuero. Por otro lado, evita la sudoraci\u00f3n pues el zapato est\u00e1 forrado por dentro con badana, un material que mantiene frescos los pies. Finalmente cabe mencionar que todo el calzado esta hecho de cuero trujillano, muy suave al tacto.<\/p>\n<p>Mira nuestra galer\u00eda y contacta con la marca en su Facebook: www.facebook.com\/JeanetteLeiva.pe<\/p>\n<p>{oziogallery 1025}<\/p>\n","protected":false},"excerpt":{"rendered":"<p>La colecci\u00f3n de calzado est\u00e1 caracterizada por las plataformas y hormas que sujeten bien los pies. Imperan los colores rojo, blanco, caramelo, azul, marr\u00f3n y negro.<\/p>\n","protected":false},"author":1,"featured_media":0,"comment_status":"closed","ping_status":"open","sticky":false,"template":"","format":"standard","meta":[],"categories":[43],"tags":[8941,595,872,8942,8938,3436,991,1659,8940,2398,447,8939],"yoast_head":"<!-- This site is optimized with the Yoast SEO plugin v16.0.2 - https:\/\/yoast.com\/wordpress\/plugins\/seo\/ -->\n<link rel=\"canonical\" href=\"https:\/\/www.unicas.pe\/blog\/jeanette-leiva-presenta-coleccion-calzado-2015\/\" \/>\n<meta property=\"og:locale\" content=\"es_ES\" \/>\n<meta property=\"og:type\" content=\"article\" \/>\n<meta property=\"og:title\" content=\"Jeanette Leiva nos presenta su nueva colecci\u00f3n de calzado verano 2105 - Unicas\" \/>\n<meta property=\"og:description\" content=\"La colecci\u00f3n de calzado est\u00e1 caracterizada por las plataformas y hormas que sujeten bien los pies. Imperan los colores rojo, blanco, caramelo, azul, marr\u00f3n y negro.\" \/>\n<meta property=\"og:url\" content=\"https:\/\/www.unicas.pe\/blog\/jeanette-leiva-presenta-coleccion-calzado-2015\/\" \/>\n<meta property=\"og:site_name\" content=\"Unicas\" \/>\n<meta property=\"article:published_time\" content=\"2015-01-08T11:25:50+00:00\" \/>\n<meta property=\"article:modified_time\" content=\"2019-01-11T02:31:49+00:00\" \/>\n<meta name=\"twitter:card\" content=\"summary_large_image\" \/>\n<meta name=\"twitter:label1\" content=\"Tiempo de lectura\">\n\t<meta name=\"twitter:data1\" content=\"1 minuto\">\n<script type=\"application\/ld+json\" class=\"yoast-schema-graph\">{\"@context\":\"https:\/\/schema.org\",\"@graph\":[{\"@type\":\"WebSite\",\"@id\":\"https:\/\/www.unicas.pe\/blog\/#website\",\"url\":\"https:\/\/www.unicas.pe\/blog\/\",\"name\":\"Unicas\",\"description\":\"Blog sobre belleza, maquillaje, moda, y mucho m\\u00e1s.\",\"potentialAction\":[{\"@type\":\"SearchAction\",\"target\":\"https:\/\/www.unicas.pe\/blog\/?s={search_term_string}\",\"query-input\":\"required name=search_term_string\"}],\"inLanguage\":\"es\"},{\"@type\":\"WebPage\",\"@id\":\"https:\/\/www.unicas.pe\/blog\/jeanette-leiva-presenta-coleccion-calzado-2015\/#webpage\",\"url\":\"https:\/\/www.unicas.pe\/blog\/jeanette-leiva-presenta-coleccion-calzado-2015\/\",\"name\":\"Jeanette Leiva nos presenta su nueva colecci\\u00f3n de calzado verano 2105 - Unicas\",\"isPartOf\":{\"@id\":\"https:\/\/www.unicas.pe\/blog\/#website\"},\"datePublished\":\"2015-01-08T11:25:50+00:00\",\"dateModified\":\"2019-01-11T02:31:49+00:00\",\"author\":{\"@id\":\"https:\/\/www.unicas.pe\/blog\/#\/schema\/person\/60053f595c6d0f3f11ed52a01c961cdb\"},\"breadcrumb\":{\"@id\":\"https:\/\/www.unicas.pe\/blog\/jeanette-leiva-presenta-coleccion-calzado-2015\/#breadcrumb\"},\"inLanguage\":\"es\",\"potentialAction\":[{\"@type\":\"ReadAction\",\"target\":[\"https:\/\/www.unicas.pe\/blog\/jeanette-leiva-presenta-coleccion-calzado-2015\/\"]}]},{\"@type\":\"BreadcrumbList\",\"@id\":\"https:\/\/www.unicas.pe\/blog\/jeanette-leiva-presenta-coleccion-calzado-2015\/#breadcrumb\",\"itemListElement\":[{\"@type\":\"ListItem\",\"position\":1,\"item\":{\"@type\":\"WebPage\",\"@id\":\"https:\/\/www.unicas.pe\/blog\/\",\"url\":\"https:\/\/www.unicas.pe\/blog\/\",\"name\":\"Portada\"}},{\"@type\":\"ListItem\",\"position\":2,\"item\":{\"@type\":\"WebPage\",\"@id\":\"https:\/\/www.unicas.pe\/blog\/jeanette-leiva-presenta-coleccion-calzado-2015\/\",\"url\":\"https:\/\/www.unicas.pe\/blog\/jeanette-leiva-presenta-coleccion-calzado-2015\/\",\"name\":\"Jeanette Leiva nos presenta su nueva colecci\\u00f3n de calzado verano 2105\"}}]},{\"@type\":\"Person\",\"@id\":\"https:\/\/www.unicas.pe\/blog\/#\/schema\/person\/60053f595c6d0f3f11ed52a01c961cdb\",\"name\":\"Katty Gora\",\"image\":{\"@type\":\"ImageObject\",\"@id\":\"https:\/\/www.unicas.pe\/blog\/#personlogo\",\"inLanguage\":\"es\",\"url\":\"https:\/\/www.unicas.pe\/blog\/wp-content\/uploads\/2019\/01\/168392_1786370415133_366102_n-150x150.jpg\",\"caption\":\"Katty Gora\"},\"description\":\"Katty is a passionate blogger, diving into different subjects like fashion, trends, styles and news and more. Discover the great insight of a true quality blogger!\"}]}<\/script>\n<!-- \/ Yoast SEO plugin. -->","_links":{"self":[{"href":"https:\/\/www.unicas.pe\/blog\/wp-json\/wp\/v2\/posts\/7500"}],"collection":[{"href":"https:\/\/www.unicas.pe\/blog\/wp-json\/wp\/v2\/posts"}],"about":[{"href":"https:\/\/www.unicas.pe\/blog\/wp-json\/wp\/v2\/types\/post"}],"author":[{"embeddable":true,"href":"https:\/\/www.unicas.pe\/blog\/wp-json\/wp\/v2\/users\/1"}],"replies":[{"embeddable":true,"href":"https:\/\/www.unicas.pe\/blog\/wp-json\/wp\/v2\/comments?post=7500"}],"version-history":[{"count":1,"href":"https:\/\/www.unicas.pe\/blog\/wp-json\/wp\/v2\/posts\/7500\/revisions"}],"predecessor-version":[{"id":9891,"href":"https:\/\/www.unicas.pe\/blog\/wp-json\/wp\/v2\/posts\/7500\/revisions\/9891"}],"wp:attachment":[{"href":"https:\/\/www.unicas.pe\/blog\/wp-json\/wp\/v2\/media?parent=7500"}],"wp:term":[{"taxonomy":"category","embeddable":true,"href":"https:\/\/www.unicas.pe\/blog\/wp-json\/wp\/v2\/categories?post=7500"},{"taxonomy":"post_tag","embeddable":true,"href":"https:\/\/www.unicas.pe\/blog\/wp-json\/wp\/v2\/tags?post=7500"}],"curies":[{"name":"wp","href":"https:\/\/api.w.org\/{rel}","templated":true}]}}