{"id":7547,"date":"2015-01-13T22:22:21","date_gmt":"2015-01-14T03:22:21","guid":{"rendered":"http:\/\/209.133.219.102\/~newunicas\/blog\/2015\/01\/13\/juan-gabriel-los-duo\/"},"modified":"2019-01-10T21:31:47","modified_gmt":"2019-01-11T02:31:47","slug":"juan-gabriel-los-duo","status":"publish","type":"post","link":"https:\/\/www.unicas.pe\/blog\/juan-gabriel-los-duo\/","title":{"rendered":"No te pierdas el nuevo \u00e1lbum de Juan Gabriel \u201cLos D\u00fao\u201d"},"content":{"rendered":"<p>\u201cQuerida\u201d forma parte de la \u00faltima producci\u00f3n de Juan Gabriel, donde comparte cl\u00e1sicos temas con reconocidos artistas del medio como Juanes, Alejandra Guzm\u00e1n, Laura Pausini, entre otros.\u00a0<\/p>\n<p>  <!--more-->  <\/p>\n<p>Juan Gabriel, uno de los artistas m\u00e1s importantes de la \u00e9poca, presenta su primer sencillo \u201cQuerida\u201d, parte de su nueva producci\u00f3n \u201cLos D\u00fao\u201d a estrenarse en el mercado en Febrero del 2015.\u00a0<\/p>\n<p>La cl\u00e1sica canci\u00f3n que nos estremece y nos hace recordar \u00e9pocas pasadas, ser\u00e1 interpretada por su creador, Juan Gabriel y Juanes, la conocida estrella de rock latino. En el nuevo disco tambi\u00e9n compartir\u00e1 otros temas con cantantes como Isabel Pantoja, Laura Pausini, David Bisbal, Alejandra Guzm\u00e1n, entre otros.<\/p>\n<p>\u00a0<\/p>\n<p>Aqu\u00ed te dejamos el track list del CD y del DVD de la nueva producci\u00f3n:\u00a0<\/p>\n<p>CD<\/p>\n<p>1 \u00a0 \u00a0 \u00a0 \u00a0 \u00a0 \u00a0 \u00a0QUERIDA (Ft. JUANES)<\/p>\n<p>2 \u00a0 \u00a0 \u00a0 \u00a0 \u00a0 \u00a0 \u00a0SE ME OLVIDO OTRA VEZ (Ft. Marco Antonio Solis)<\/p>\n<p>3 \u00a0 \u00a0 \u00a0 \u00a0 \u00a0 \u00a0 \u00a0HASTA QUE TE CONOC\u00cd (Ft. JOY)<\/p>\n<p>4 \u00a0 \u00a0 \u00a0 \u00a0 \u00a0 \u00a0 \u00a0LA DIFERENCIA (Ft. VICENTE FERN\u00c1NDEZ)<\/p>\n<p>5 \u00a0 \u00a0 \u00a0 \u00a0 \u00a0 \u00a0 \u00a0SI QUIERES (Ft. NATALIA JIMENEZ)<\/p>\n<p>6 \u00a0 \u00a0 \u00a0 \u00a0 \u00a0 \u00a0 \u00a0AS\u00cd FUE (Ft. ISABEL PANTOJA)<\/p>\n<p>7 \u00a0 \u00a0 \u00a0 \u00a0 \u00a0 \u00a0 \u00a0YO TE BENDIGO MI AMOR (Ft. DAVID BISBAL)<\/p>\n<p>8 \u00a0 \u00a0 \u00a0 \u00a0 \u00a0 \u00a0 \u00a0CARAY (Ft. ALEJANDRA GUZM\u00c1N)<\/p>\n<p>9 \u00a0 \u00a0 \u00a0 \u00a0 \u00a0 \u00a0 \u00a0SIEMPRE EN MI MENTE (Ft. ESPINOSA PAZ)<\/p>\n<p>10 \u00a0 \u00a0 \u00a0 \u00a0 \u00a0 ABR\u00c1ZAME MUY FUERTE (Ft. LAURA PAUSINI)<\/p>\n<p>11 \u00a0 \u00a0 \u00a0 \u00a0 \u00a0 TE LO PIDO POR FAVOR (Ft. LUIS FONSI)<\/p>\n<p>12 \u00a0 \u00a0 \u00a0 \u00a0 \u00a0 VER\u00c1S (Ft. NAPOLE\u00d3N)<\/p>\n<p>13 \u00a0 \u00a0 \u00a0 \u00a0 \u00a0 AMOR ES AMOR (Ft. ANTONIO OROZCO)<\/p>\n<p>14 \u00a0 \u00a0 \u00a0 \u00a0 \u00a0 PERO QUE NECESIDAD (Ft. EMMANUEL)<\/p>\n<p>15 \u00a0 \u00a0 \u00a0 \u00a0 \u00a0 YA NO VIVO POR VIVIR (Ft. NATALIA LAFOURCADE)<\/p>\n<p>16 \u00a0 \u00a0 \u00a0 \u00a0 \u00a0 VIENES O VOY (FIFTH HARMONY)<\/p>\n<p>DVD<\/p>\n<p>1 \u00a0 \u00a0 \u00a0 \u00a0 \u00a0 \u00a0 \u00a0 \u00a0 \u00a0 QUERIDA \/ CON JUANES<\/p>\n<p>2 \u00a0 \u00a0 \u00a0 \u00a0 \u00a0 \u00a0 \u00a0 \u00a0 \u00a0 YA NO VIVO POR VIVIR \/ CON NATALIA LAFOURCADE<\/p>\n<p>3 \u00a0 \u00a0 \u00a0 \u00a0 \u00a0 \u00a0 \u00a0 \u00a0 \u00a0 VERAS \/ CON NAPOLE\u00d3N<\/p>\n<p>4 \u00a0 \u00a0 \u00a0 \u00a0 \u00a0 \u00a0 \u00a0 \u00a0 \u00a0 SIEMPRE EN MI MENTE \/ CON ESPINOZA PAZ<\/p>\n<p>5 \u00a0 \u00a0 \u00a0 \u00a0 \u00a0 \u00a0 \u00a0 \u00a0 \u00a0 TE LO PIDO POR FAVOR \/ CON LUIS FONSI<\/p>\n<p>No dejes de adquirir el nuevo material y disfrutar de las cl\u00e1sicas canciones de Juan Gabriel con tus artistas preferidos.\u00a0<\/p>\n","protected":false},"excerpt":{"rendered":"<p>\u201cQuerida\u201d forma parte de la \u00faltima producci\u00f3n de Juan Gabriel, donde comparte cl\u00e1sicos temas con reconocidos artistas del medio como Juanes, Alejandra Guzm\u00e1n, Laura Pausini, entre otros.\u00a0<\/p>\n","protected":false},"author":1,"featured_media":0,"comment_status":"closed","ping_status":"open","sticky":false,"template":"","format":"standard","meta":[],"categories":[33],"tags":[7442,9096,9090,5925,9091,9097,9095,9099,9092,9089,8947,8950,5423,4539,8949,4649,7005,9094,9098,6390,8948,9093],"yoast_head":"<!-- This site is optimized with the Yoast SEO plugin v16.0.2 - https:\/\/yoast.com\/wordpress\/plugins\/seo\/ -->\n<link rel=\"canonical\" href=\"https:\/\/www.unicas.pe\/blog\/juan-gabriel-los-duo\/\" \/>\n<meta property=\"og:locale\" content=\"es_ES\" \/>\n<meta property=\"og:type\" content=\"article\" \/>\n<meta property=\"og:title\" content=\"No te pierdas el nuevo \u00e1lbum de Juan Gabriel \u201cLos D\u00fao\u201d - Unicas\" \/>\n<meta property=\"og:description\" content=\"\u201cQuerida\u201d forma parte de la \u00faltima producci\u00f3n de Juan Gabriel, donde comparte cl\u00e1sicos temas con reconocidos artistas del medio como Juanes, Alejandra Guzm\u00e1n, Laura Pausini, entre otros.\u00a0\" \/>\n<meta property=\"og:url\" content=\"https:\/\/www.unicas.pe\/blog\/juan-gabriel-los-duo\/\" \/>\n<meta property=\"og:site_name\" content=\"Unicas\" \/>\n<meta property=\"article:published_time\" content=\"2015-01-14T03:22:21+00:00\" \/>\n<meta property=\"article:modified_time\" content=\"2019-01-11T02:31:47+00:00\" \/>\n<meta name=\"twitter:card\" content=\"summary_large_image\" \/>\n<meta name=\"twitter:label1\" content=\"Tiempo de lectura\">\n\t<meta name=\"twitter:data1\" content=\"1 minuto\">\n<script type=\"application\/ld+json\" class=\"yoast-schema-graph\">{\"@context\":\"https:\/\/schema.org\",\"@graph\":[{\"@type\":\"WebSite\",\"@id\":\"https:\/\/www.unicas.pe\/blog\/#website\",\"url\":\"https:\/\/www.unicas.pe\/blog\/\",\"name\":\"Unicas\",\"description\":\"Blog sobre belleza, maquillaje, moda, y mucho m\\u00e1s.\",\"potentialAction\":[{\"@type\":\"SearchAction\",\"target\":\"https:\/\/www.unicas.pe\/blog\/?s={search_term_string}\",\"query-input\":\"required name=search_term_string\"}],\"inLanguage\":\"es\"},{\"@type\":\"WebPage\",\"@id\":\"https:\/\/www.unicas.pe\/blog\/juan-gabriel-los-duo\/#webpage\",\"url\":\"https:\/\/www.unicas.pe\/blog\/juan-gabriel-los-duo\/\",\"name\":\"No te pierdas el nuevo \\u00e1lbum de Juan Gabriel \\u201cLos D\\u00fao\\u201d - Unicas\",\"isPartOf\":{\"@id\":\"https:\/\/www.unicas.pe\/blog\/#website\"},\"datePublished\":\"2015-01-14T03:22:21+00:00\",\"dateModified\":\"2019-01-11T02:31:47+00:00\",\"author\":{\"@id\":\"https:\/\/www.unicas.pe\/blog\/#\/schema\/person\/60053f595c6d0f3f11ed52a01c961cdb\"},\"breadcrumb\":{\"@id\":\"https:\/\/www.unicas.pe\/blog\/juan-gabriel-los-duo\/#breadcrumb\"},\"inLanguage\":\"es\",\"potentialAction\":[{\"@type\":\"ReadAction\",\"target\":[\"https:\/\/www.unicas.pe\/blog\/juan-gabriel-los-duo\/\"]}]},{\"@type\":\"BreadcrumbList\",\"@id\":\"https:\/\/www.unicas.pe\/blog\/juan-gabriel-los-duo\/#breadcrumb\",\"itemListElement\":[{\"@type\":\"ListItem\",\"position\":1,\"item\":{\"@type\":\"WebPage\",\"@id\":\"https:\/\/www.unicas.pe\/blog\/\",\"url\":\"https:\/\/www.unicas.pe\/blog\/\",\"name\":\"Portada\"}},{\"@type\":\"ListItem\",\"position\":2,\"item\":{\"@type\":\"WebPage\",\"@id\":\"https:\/\/www.unicas.pe\/blog\/juan-gabriel-los-duo\/\",\"url\":\"https:\/\/www.unicas.pe\/blog\/juan-gabriel-los-duo\/\",\"name\":\"No te pierdas el nuevo \\u00e1lbum de Juan Gabriel \\u201cLos D\\u00fao\\u201d\"}}]},{\"@type\":\"Person\",\"@id\":\"https:\/\/www.unicas.pe\/blog\/#\/schema\/person\/60053f595c6d0f3f11ed52a01c961cdb\",\"name\":\"Katty Gora\",\"image\":{\"@type\":\"ImageObject\",\"@id\":\"https:\/\/www.unicas.pe\/blog\/#personlogo\",\"inLanguage\":\"es\",\"url\":\"https:\/\/www.unicas.pe\/blog\/wp-content\/uploads\/2019\/01\/168392_1786370415133_366102_n-150x150.jpg\",\"caption\":\"Katty Gora\"},\"description\":\"Katty is a passionate blogger, diving into different subjects like fashion, trends, styles and news and more. Discover the great insight of a true quality blogger!\"}]}<\/script>\n<!-- \/ Yoast SEO plugin. -->","_links":{"self":[{"href":"https:\/\/www.unicas.pe\/blog\/wp-json\/wp\/v2\/posts\/7547"}],"collection":[{"href":"https:\/\/www.unicas.pe\/blog\/wp-json\/wp\/v2\/posts"}],"about":[{"href":"https:\/\/www.unicas.pe\/blog\/wp-json\/wp\/v2\/types\/post"}],"author":[{"embeddable":true,"href":"https:\/\/www.unicas.pe\/blog\/wp-json\/wp\/v2\/users\/1"}],"replies":[{"embeddable":true,"href":"https:\/\/www.unicas.pe\/blog\/wp-json\/wp\/v2\/comments?post=7547"}],"version-history":[{"count":1,"href":"https:\/\/www.unicas.pe\/blog\/wp-json\/wp\/v2\/posts\/7547\/revisions"}],"predecessor-version":[{"id":9876,"href":"https:\/\/www.unicas.pe\/blog\/wp-json\/wp\/v2\/posts\/7547\/revisions\/9876"}],"wp:attachment":[{"href":"https:\/\/www.unicas.pe\/blog\/wp-json\/wp\/v2\/media?parent=7547"}],"wp:term":[{"taxonomy":"category","embeddable":true,"href":"https:\/\/www.unicas.pe\/blog\/wp-json\/wp\/v2\/categories?post=7547"},{"taxonomy":"post_tag","embeddable":true,"href":"https:\/\/www.unicas.pe\/blog\/wp-json\/wp\/v2\/tags?post=7547"}],"curies":[{"name":"wp","href":"https:\/\/api.w.org\/{rel}","templated":true}]}}