{"id":7790,"date":"2015-02-04T22:51:12","date_gmt":"2015-02-05T03:51:12","guid":{"rendered":"http:\/\/209.133.219.102\/~newunicas\/blog\/2015\/02\/04\/megaplaza-celebra-el-dia-mundial-contra-el-cancer\/"},"modified":"2019-01-10T21:31:39","modified_gmt":"2019-01-11T02:31:39","slug":"megaplaza-celebra-el-dia-mundial-contra-el-cancer","status":"publish","type":"post","link":"https:\/\/www.unicas.pe\/blog\/megaplaza-celebra-el-dia-mundial-contra-el-cancer\/","title":{"rendered":"Acude a Megaplaza para unirte a la celebraci\u00f3n por el D\u00eda Mundial Contra el C\u00e1ncer"},"content":{"rendered":"<p>A la campa\u00f1a informativa se unir\u00e1n distintos artistas que contar\u00e1n su propia experiencia con este mal.<\/p>\n<p>  <!--more-->  <\/p>\n<p>Como parte de su compromiso con la sociedad, el centro comercial Megaplaza realizar\u00e1 este 04 de febrero una campa\u00f1a informativa preventiva junto con la Liga Peruana Contra el C\u00e1ncer y la cl\u00ednica Integra M\u00e9dica. Se realizar\u00e1n despistajes gratuitos a todos los concurrentes.<\/p>\n<p style=\"text-align: center;\"><img loading=\"lazy\" class=\" size-full wp-image-7788\" src=\"http:\/\/209.133.219.102\/~newunicas\/blog\/wp-content\/uploads\/2015\/02\/1cancer.jpg\" alt=\"\" width=\"650\" height=\"434\" \/><\/p>\n<p>Adem\u00e1s, se unir\u00e1n a esta gran campa\u00f1a distinguidos artistas como Olinda Casta\u00f1eda, M\u00f3nica Chac\u00f3n, Susan Le\u00f3n y Lesly del \u00c1guila. Todas ellas contar\u00e1n sus propias experiencias con este terrible mal. Tambi\u00e9n estar\u00e1n firmando autpografos.\u00a0<\/p>\n<p style=\"text-align: center;\"><img loading=\"lazy\" class=\" size-full wp-image-7789\" src=\"http:\/\/209.133.219.102\/~newunicas\/blog\/wp-content\/uploads\/2015\/02\/2cancer.jpg\" alt=\"\" width=\"650\" height=\"273\" srcset=\"https:\/\/www.unicas.pe\/blog\/wp-content\/uploads\/2015\/02\/2cancer.jpg 650w, https:\/\/www.unicas.pe\/blog\/wp-content\/uploads\/2015\/02\/2cancer-300x126.jpg 300w, https:\/\/www.unicas.pe\/blog\/wp-content\/uploads\/2015\/02\/2cancer-648x273.jpg 648w\" sizes=\"(max-width: 650px) 100vw, 650px\" \/><\/p>\n<p>Recuerda que seg\u00fan estudios de la Organizaci\u00f3n Mundial de la Salud, en el Per\u00fa, 19 mil personas fallecieron v\u00edctimas del c\u00e1ncer en el 2013, adem\u00e1s cada d\u00eda se registran 52 muertes en la actualidad.\u00a0<\/p>\n<p>\u00a0<\/p>\n<p>\u00a0<\/p>\n","protected":false},"excerpt":{"rendered":"<p>A la campa\u00f1a informativa se unir\u00e1n distintos artistas que contar\u00e1n su propia experiencia con este mal.<\/p>\n","protected":false},"author":1,"featured_media":7788,"comment_status":"closed","ping_status":"open","sticky":false,"template":"","format":"standard","meta":[],"categories":[57],"tags":[530,5800,9824,9825,1218,9827,9073,9823,9829,1153,3876,3878,8487,3116,3879],"yoast_head":"<!-- This site is optimized with the Yoast SEO plugin v16.0.2 - https:\/\/yoast.com\/wordpress\/plugins\/seo\/ -->\n<link rel=\"canonical\" href=\"https:\/\/www.unicas.pe\/blog\/megaplaza-celebra-el-dia-mundial-contra-el-cancer\/\" \/>\n<meta property=\"og:locale\" content=\"es_ES\" \/>\n<meta property=\"og:type\" content=\"article\" \/>\n<meta property=\"og:title\" content=\"Acude a Megaplaza para unirte a la celebraci\u00f3n por el D\u00eda Mundial Contra el C\u00e1ncer - Unicas\" \/>\n<meta property=\"og:description\" content=\"A la campa\u00f1a informativa se unir\u00e1n distintos artistas que contar\u00e1n su propia experiencia con este mal.\" \/>\n<meta property=\"og:url\" content=\"https:\/\/www.unicas.pe\/blog\/megaplaza-celebra-el-dia-mundial-contra-el-cancer\/\" \/>\n<meta property=\"og:site_name\" content=\"Unicas\" \/>\n<meta property=\"article:published_time\" content=\"2015-02-05T03:51:12+00:00\" \/>\n<meta property=\"article:modified_time\" content=\"2019-01-11T02:31:39+00:00\" \/>\n<meta property=\"og:image\" content=\"https:\/\/www.unicas.pe\/blog\/wp-content\/uploads\/2015\/02\/1cancer.jpg\" \/>\n\t<meta property=\"og:image:width\" content=\"650\" \/>\n\t<meta property=\"og:image:height\" content=\"650\" \/>\n<meta name=\"twitter:card\" content=\"summary_large_image\" \/>\n<meta name=\"twitter:label1\" content=\"Tiempo de lectura\">\n\t<meta name=\"twitter:data1\" content=\"1 minuto\">\n<script type=\"application\/ld+json\" class=\"yoast-schema-graph\">{\"@context\":\"https:\/\/schema.org\",\"@graph\":[{\"@type\":\"WebSite\",\"@id\":\"https:\/\/www.unicas.pe\/blog\/#website\",\"url\":\"https:\/\/www.unicas.pe\/blog\/\",\"name\":\"Unicas\",\"description\":\"Blog sobre belleza, maquillaje, moda, y mucho m\\u00e1s.\",\"potentialAction\":[{\"@type\":\"SearchAction\",\"target\":\"https:\/\/www.unicas.pe\/blog\/?s={search_term_string}\",\"query-input\":\"required name=search_term_string\"}],\"inLanguage\":\"es\"},{\"@type\":\"ImageObject\",\"@id\":\"https:\/\/www.unicas.pe\/blog\/megaplaza-celebra-el-dia-mundial-contra-el-cancer\/#primaryimage\",\"inLanguage\":\"es\",\"url\":\"https:\/\/www.unicas.pe\/blog\/wp-content\/uploads\/2015\/02\/1cancer.jpg\",\"width\":650,\"height\":650},{\"@type\":\"WebPage\",\"@id\":\"https:\/\/www.unicas.pe\/blog\/megaplaza-celebra-el-dia-mundial-contra-el-cancer\/#webpage\",\"url\":\"https:\/\/www.unicas.pe\/blog\/megaplaza-celebra-el-dia-mundial-contra-el-cancer\/\",\"name\":\"Acude a Megaplaza para unirte a la celebraci\\u00f3n por el D\\u00eda Mundial Contra el C\\u00e1ncer - Unicas\",\"isPartOf\":{\"@id\":\"https:\/\/www.unicas.pe\/blog\/#website\"},\"primaryImageOfPage\":{\"@id\":\"https:\/\/www.unicas.pe\/blog\/megaplaza-celebra-el-dia-mundial-contra-el-cancer\/#primaryimage\"},\"datePublished\":\"2015-02-05T03:51:12+00:00\",\"dateModified\":\"2019-01-11T02:31:39+00:00\",\"author\":{\"@id\":\"https:\/\/www.unicas.pe\/blog\/#\/schema\/person\/60053f595c6d0f3f11ed52a01c961cdb\"},\"breadcrumb\":{\"@id\":\"https:\/\/www.unicas.pe\/blog\/megaplaza-celebra-el-dia-mundial-contra-el-cancer\/#breadcrumb\"},\"inLanguage\":\"es\",\"potentialAction\":[{\"@type\":\"ReadAction\",\"target\":[\"https:\/\/www.unicas.pe\/blog\/megaplaza-celebra-el-dia-mundial-contra-el-cancer\/\"]}]},{\"@type\":\"BreadcrumbList\",\"@id\":\"https:\/\/www.unicas.pe\/blog\/megaplaza-celebra-el-dia-mundial-contra-el-cancer\/#breadcrumb\",\"itemListElement\":[{\"@type\":\"ListItem\",\"position\":1,\"item\":{\"@type\":\"WebPage\",\"@id\":\"https:\/\/www.unicas.pe\/blog\/\",\"url\":\"https:\/\/www.unicas.pe\/blog\/\",\"name\":\"Portada\"}},{\"@type\":\"ListItem\",\"position\":2,\"item\":{\"@type\":\"WebPage\",\"@id\":\"https:\/\/www.unicas.pe\/blog\/megaplaza-celebra-el-dia-mundial-contra-el-cancer\/\",\"url\":\"https:\/\/www.unicas.pe\/blog\/megaplaza-celebra-el-dia-mundial-contra-el-cancer\/\",\"name\":\"Acude a Megaplaza para unirte a la celebraci\\u00f3n por el D\\u00eda Mundial Contra el C\\u00e1ncer\"}}]},{\"@type\":\"Person\",\"@id\":\"https:\/\/www.unicas.pe\/blog\/#\/schema\/person\/60053f595c6d0f3f11ed52a01c961cdb\",\"name\":\"Katty Gora\",\"image\":{\"@type\":\"ImageObject\",\"@id\":\"https:\/\/www.unicas.pe\/blog\/#personlogo\",\"inLanguage\":\"es\",\"url\":\"https:\/\/www.unicas.pe\/blog\/wp-content\/uploads\/2019\/01\/168392_1786370415133_366102_n-150x150.jpg\",\"caption\":\"Katty Gora\"},\"description\":\"Katty is a passionate blogger, diving into different subjects like fashion, trends, styles and news and more. Discover the great insight of a true quality blogger!\"}]}<\/script>\n<!-- \/ Yoast SEO plugin. -->","_links":{"self":[{"href":"https:\/\/www.unicas.pe\/blog\/wp-json\/wp\/v2\/posts\/7790"}],"collection":[{"href":"https:\/\/www.unicas.pe\/blog\/wp-json\/wp\/v2\/posts"}],"about":[{"href":"https:\/\/www.unicas.pe\/blog\/wp-json\/wp\/v2\/types\/post"}],"author":[{"embeddable":true,"href":"https:\/\/www.unicas.pe\/blog\/wp-json\/wp\/v2\/users\/1"}],"replies":[{"embeddable":true,"href":"https:\/\/www.unicas.pe\/blog\/wp-json\/wp\/v2\/comments?post=7790"}],"version-history":[{"count":1,"href":"https:\/\/www.unicas.pe\/blog\/wp-json\/wp\/v2\/posts\/7790\/revisions"}],"predecessor-version":[{"id":9812,"href":"https:\/\/www.unicas.pe\/blog\/wp-json\/wp\/v2\/posts\/7790\/revisions\/9812"}],"wp:featuredmedia":[{"embeddable":true,"href":"https:\/\/www.unicas.pe\/blog\/wp-json\/wp\/v2\/media\/7788"}],"wp:attachment":[{"href":"https:\/\/www.unicas.pe\/blog\/wp-json\/wp\/v2\/media?parent=7790"}],"wp:term":[{"taxonomy":"category","embeddable":true,"href":"https:\/\/www.unicas.pe\/blog\/wp-json\/wp\/v2\/categories?post=7790"},{"taxonomy":"post_tag","embeddable":true,"href":"https:\/\/www.unicas.pe\/blog\/wp-json\/wp\/v2\/tags?post=7790"}],"curies":[{"name":"wp","href":"https:\/\/api.w.org\/{rel}","templated":true}]}}