{"id":7873,"date":"2015-02-12T22:14:35","date_gmt":"2015-02-13T03:14:35","guid":{"rendered":"http:\/\/209.133.219.102\/~newunicas\/blog\/2015\/02\/12\/consejos-para-cuidar-el-cabello-durante-el-verano\/"},"modified":"2019-01-10T21:31:36","modified_gmt":"2019-01-11T02:31:36","slug":"consejos-para-cuidar-el-cabello-durante-el-verano","status":"publish","type":"post","link":"https:\/\/www.unicas.pe\/blog\/consejos-para-cuidar-el-cabello-durante-el-verano\/","title":{"rendered":"\u00bfQuieres un cabello envidiable este verano? Siguie estos consejos de Oster Beauty para lograrlo"},"content":{"rendered":"<p>Debes tener en cuenta si tu cabello es fino o grueso, ondulado o liso para saber c\u00f3mo usar las herramientas para embellecer tu melena.<\/p>\n<p>  <!--more-->  <\/p>\n<p>El verano trae muchos problemas en nuestra melena pues los d\u00edas soleados, el cloro de la piscina, la sal del mar, entre otros elementos pueden exponer el cabello y maltrataro mucho. Por ello, es recomendable protegerlo, y en el caso de usar planchas o secadoras, hacerlo correctamente para evitar da\u00f1arlo a\u00fan m\u00e1s.\u00a0<\/p>\n<p style=\"text-align: center;\"><img loading=\"lazy\" class=\" size-full wp-image-7870\" src=\"http:\/\/209.133.219.102\/~newunicas\/blog\/wp-content\/uploads\/2015\/02\/1ver.jpg\" alt=\"\" width=\"650\" height=\"359\" srcset=\"https:\/\/www.unicas.pe\/blog\/wp-content\/uploads\/2015\/02\/1ver.jpg 650w, https:\/\/www.unicas.pe\/blog\/wp-content\/uploads\/2015\/02\/1ver-300x166.jpg 300w, https:\/\/www.unicas.pe\/blog\/wp-content\/uploads\/2015\/02\/1ver-648x359.jpg 648w\" sizes=\"(max-width: 650px) 100vw, 650px\" \/><\/p>\n<p>Consejos para antes de peinar:\u00a0<\/p>\n<p><img loading=\"lazy\" class=\" size-full wp-image-7871\" style=\"display: block; margin-left: auto; margin-right: auto;\" src=\"http:\/\/209.133.219.102\/~newunicas\/blog\/wp-content\/uploads\/2015\/02\/2ver.jpg\" alt=\"\" width=\"650\" height=\"373\" srcset=\"https:\/\/www.unicas.pe\/blog\/wp-content\/uploads\/2015\/02\/2ver.jpg 650w, https:\/\/www.unicas.pe\/blog\/wp-content\/uploads\/2015\/02\/2ver-300x172.jpg 300w, https:\/\/www.unicas.pe\/blog\/wp-content\/uploads\/2015\/02\/2ver-648x373.jpg 648w\" sizes=\"(max-width: 650px) 100vw, 650px\" \/><\/p>\n<p>Lo primero es conocer el tipo de cabello que tenemos, identificando si es liso o rizado, fino o grueso. Dependiendo de eso sabr\u00e1s que producto necesita tu cabello.<\/p>\n<p>Primero debes retirar el exceso de humedad con una toalla antes de exponerlo al calor. Recuerda que debes secar bien el cabello antes de plancharlo. Si no lo haces, la alisadora no secar\u00e1 el cabello pero s\u00ed evaporar\u00e1 el l\u00edquido y podr\u00eda deshidratarlo.<\/p>\n<p>Antes de usar la secadora o la plancha, aplica un protector t\u00e9rmico sobre el cabello. Luego peina suavemente para distribuir mejor el producto.<\/p>\n<p>Durante el peinado:<\/p>\n<p style=\"text-align: center;\"><img loading=\"lazy\" class=\" size-full wp-image-7872\" src=\"http:\/\/209.133.219.102\/~newunicas\/blog\/wp-content\/uploads\/2015\/02\/3ver.jpg\" alt=\"\" width=\"650\" height=\"367\" srcset=\"https:\/\/www.unicas.pe\/blog\/wp-content\/uploads\/2015\/02\/3ver.jpg 650w, https:\/\/www.unicas.pe\/blog\/wp-content\/uploads\/2015\/02\/3ver-300x169.jpg 300w, https:\/\/www.unicas.pe\/blog\/wp-content\/uploads\/2015\/02\/3ver-648x367.jpg 648w\" sizes=\"(max-width: 650px) 100vw, 650px\" \/><\/p>\n<p>Para el cabello liso y delgado, debes usar la secadora a una velocidad baja al igual que la temperatura. En el caso de la plancha, debe de estar entre 160\u00b0 y 180\u00b0C para evitar maltratar el cabello.\u00a0<\/p>\n<p>Si tu cabello es liso y grueso, ondulado mediano o rizo fino, usa la secadora a dos velocidades y la temperatura mediana. Para plancharte, la temperatura debe estar entre 180\u00b0 y 200\u00b0C.\u00a0<\/p>\n<p>Para el cabello ondulado grueso y rizo mediano y grueso, debes usar la secadora a m\u00e1xima velocidad y temperatura. Al usar la plancha puedes colocarla entre 200\u00b0 y 30\u00b0C.<\/p>\n<p>Usa siempre productos que contengan estos tres componentes: turmalina, que le da brillo y protege el cabello de los da\u00f1os; cer\u00e1mica, que brinda un mejor alisado y por \u00faltimo titanium, que alisa m\u00e1s r\u00e1pido y brinda un mejor acabado.<\/p>\n<p>\u00a0<\/p>\n<p>\u00a0<\/p>\n","protected":false},"excerpt":{"rendered":"<p>Debes tener en cuenta si tu cabello es fino o grueso, ondulado o liso para saber c\u00f3mo usar las herramientas para embellecer tu melena.<\/p>\n","protected":false},"author":1,"featured_media":7870,"comment_status":"closed","ping_status":"open","sticky":false,"template":"","format":"standard","meta":[],"categories":[29],"tags":[63,6873,1514,3683,2279,1602,10067,10069,1643,1304],"yoast_head":"<!-- This site is optimized with the Yoast SEO plugin v16.0.2 - https:\/\/yoast.com\/wordpress\/plugins\/seo\/ -->\n<link rel=\"canonical\" href=\"https:\/\/www.unicas.pe\/blog\/consejos-para-cuidar-el-cabello-durante-el-verano\/\" \/>\n<meta property=\"og:locale\" content=\"es_ES\" \/>\n<meta property=\"og:type\" content=\"article\" \/>\n<meta property=\"og:title\" content=\"\u00bfQuieres un cabello envidiable este verano? Siguie estos consejos de Oster Beauty para lograrlo - Unicas\" \/>\n<meta property=\"og:description\" content=\"Debes tener en cuenta si tu cabello es fino o grueso, ondulado o liso para saber c\u00f3mo usar las herramientas para embellecer tu melena.\" \/>\n<meta property=\"og:url\" content=\"https:\/\/www.unicas.pe\/blog\/consejos-para-cuidar-el-cabello-durante-el-verano\/\" \/>\n<meta property=\"og:site_name\" content=\"Unicas\" \/>\n<meta property=\"article:published_time\" content=\"2015-02-13T03:14:35+00:00\" \/>\n<meta property=\"article:modified_time\" content=\"2019-01-11T02:31:36+00:00\" \/>\n<meta property=\"og:image\" content=\"https:\/\/www.unicas.pe\/blog\/wp-content\/uploads\/2015\/02\/1ver.jpg\" \/>\n\t<meta property=\"og:image:width\" content=\"650\" \/>\n\t<meta property=\"og:image:height\" content=\"359\" \/>\n<meta name=\"twitter:card\" content=\"summary_large_image\" \/>\n<meta name=\"twitter:label1\" content=\"Tiempo de lectura\">\n\t<meta name=\"twitter:data1\" content=\"2 minutos\">\n<script type=\"application\/ld+json\" class=\"yoast-schema-graph\">{\"@context\":\"https:\/\/schema.org\",\"@graph\":[{\"@type\":\"WebSite\",\"@id\":\"https:\/\/www.unicas.pe\/blog\/#website\",\"url\":\"https:\/\/www.unicas.pe\/blog\/\",\"name\":\"Unicas\",\"description\":\"Blog sobre belleza, maquillaje, moda, y mucho m\\u00e1s.\",\"potentialAction\":[{\"@type\":\"SearchAction\",\"target\":\"https:\/\/www.unicas.pe\/blog\/?s={search_term_string}\",\"query-input\":\"required name=search_term_string\"}],\"inLanguage\":\"es\"},{\"@type\":\"ImageObject\",\"@id\":\"https:\/\/www.unicas.pe\/blog\/consejos-para-cuidar-el-cabello-durante-el-verano\/#primaryimage\",\"inLanguage\":\"es\",\"url\":\"https:\/\/www.unicas.pe\/blog\/wp-content\/uploads\/2015\/02\/1ver.jpg\",\"width\":650,\"height\":359},{\"@type\":\"WebPage\",\"@id\":\"https:\/\/www.unicas.pe\/blog\/consejos-para-cuidar-el-cabello-durante-el-verano\/#webpage\",\"url\":\"https:\/\/www.unicas.pe\/blog\/consejos-para-cuidar-el-cabello-durante-el-verano\/\",\"name\":\"\\u00bfQuieres un cabello envidiable este verano? Siguie estos consejos de Oster Beauty para lograrlo - Unicas\",\"isPartOf\":{\"@id\":\"https:\/\/www.unicas.pe\/blog\/#website\"},\"primaryImageOfPage\":{\"@id\":\"https:\/\/www.unicas.pe\/blog\/consejos-para-cuidar-el-cabello-durante-el-verano\/#primaryimage\"},\"datePublished\":\"2015-02-13T03:14:35+00:00\",\"dateModified\":\"2019-01-11T02:31:36+00:00\",\"author\":{\"@id\":\"https:\/\/www.unicas.pe\/blog\/#\/schema\/person\/60053f595c6d0f3f11ed52a01c961cdb\"},\"breadcrumb\":{\"@id\":\"https:\/\/www.unicas.pe\/blog\/consejos-para-cuidar-el-cabello-durante-el-verano\/#breadcrumb\"},\"inLanguage\":\"es\",\"potentialAction\":[{\"@type\":\"ReadAction\",\"target\":[\"https:\/\/www.unicas.pe\/blog\/consejos-para-cuidar-el-cabello-durante-el-verano\/\"]}]},{\"@type\":\"BreadcrumbList\",\"@id\":\"https:\/\/www.unicas.pe\/blog\/consejos-para-cuidar-el-cabello-durante-el-verano\/#breadcrumb\",\"itemListElement\":[{\"@type\":\"ListItem\",\"position\":1,\"item\":{\"@type\":\"WebPage\",\"@id\":\"https:\/\/www.unicas.pe\/blog\/\",\"url\":\"https:\/\/www.unicas.pe\/blog\/\",\"name\":\"Portada\"}},{\"@type\":\"ListItem\",\"position\":2,\"item\":{\"@type\":\"WebPage\",\"@id\":\"https:\/\/www.unicas.pe\/blog\/consejos-para-cuidar-el-cabello-durante-el-verano\/\",\"url\":\"https:\/\/www.unicas.pe\/blog\/consejos-para-cuidar-el-cabello-durante-el-verano\/\",\"name\":\"\\u00bfQuieres un cabello envidiable este verano? Siguie estos consejos de Oster Beauty para lograrlo\"}}]},{\"@type\":\"Person\",\"@id\":\"https:\/\/www.unicas.pe\/blog\/#\/schema\/person\/60053f595c6d0f3f11ed52a01c961cdb\",\"name\":\"Katty Gora\",\"image\":{\"@type\":\"ImageObject\",\"@id\":\"https:\/\/www.unicas.pe\/blog\/#personlogo\",\"inLanguage\":\"es\",\"url\":\"https:\/\/www.unicas.pe\/blog\/wp-content\/uploads\/2019\/01\/168392_1786370415133_366102_n-150x150.jpg\",\"caption\":\"Katty Gora\"},\"description\":\"Katty is a passionate blogger, diving into different subjects like fashion, trends, styles and news and more. Discover the great insight of a true quality blogger!\"}]}<\/script>\n<!-- \/ Yoast SEO plugin. -->","_links":{"self":[{"href":"https:\/\/www.unicas.pe\/blog\/wp-json\/wp\/v2\/posts\/7873"}],"collection":[{"href":"https:\/\/www.unicas.pe\/blog\/wp-json\/wp\/v2\/posts"}],"about":[{"href":"https:\/\/www.unicas.pe\/blog\/wp-json\/wp\/v2\/types\/post"}],"author":[{"embeddable":true,"href":"https:\/\/www.unicas.pe\/blog\/wp-json\/wp\/v2\/users\/1"}],"replies":[{"embeddable":true,"href":"https:\/\/www.unicas.pe\/blog\/wp-json\/wp\/v2\/comments?post=7873"}],"version-history":[{"count":1,"href":"https:\/\/www.unicas.pe\/blog\/wp-json\/wp\/v2\/posts\/7873\/revisions"}],"predecessor-version":[{"id":9786,"href":"https:\/\/www.unicas.pe\/blog\/wp-json\/wp\/v2\/posts\/7873\/revisions\/9786"}],"wp:featuredmedia":[{"embeddable":true,"href":"https:\/\/www.unicas.pe\/blog\/wp-json\/wp\/v2\/media\/7870"}],"wp:attachment":[{"href":"https:\/\/www.unicas.pe\/blog\/wp-json\/wp\/v2\/media?parent=7873"}],"wp:term":[{"taxonomy":"category","embeddable":true,"href":"https:\/\/www.unicas.pe\/blog\/wp-json\/wp\/v2\/categories?post=7873"},{"taxonomy":"post_tag","embeddable":true,"href":"https:\/\/www.unicas.pe\/blog\/wp-json\/wp\/v2\/tags?post=7873"}],"curies":[{"name":"wp","href":"https:\/\/api.w.org\/{rel}","templated":true}]}}