{"id":8098,"date":"2015-03-10T23:30:25","date_gmt":"2015-03-11T04:30:25","guid":{"rendered":"http:\/\/209.133.219.102\/~newunicas\/blog\/2015\/03\/10\/coleccion-otono-invierno-2015-desigual\/"},"modified":"2019-01-10T21:31:00","modified_gmt":"2019-01-11T02:31:00","slug":"coleccion-otono-invierno-2015-desigual","status":"publish","type":"post","link":"https:\/\/www.unicas.pe\/blog\/coleccion-otono-invierno-2015-desigual\/","title":{"rendered":"La Colecci\u00f3n Oto\u00f1o-Invierno de Desigual desfil\u00f3 por la pasarela"},"content":{"rendered":"<p>Maple Sam y Vanesa P\u00e9rez del Solar fueron las modelos m\u00e1s representativas de la pasarela Oto\u00f1o Invierno 2015 de Desigual.<\/p>\n<p>  <!--more-->  <\/p>\n<p>El desfile de lanzamiento de la nueva colecci\u00f3n Oto\u00f1o Invierno 2015 de Desigual tuvo lugar en la nueva terraza del Hotel Radisson siendo una noche maravillosa. Reconocidas modelos como Maple Sam y Vanesa P\u00e9rez del Solar fueron las protagonistas, mientras que tambi\u00e9n se cont\u00f3 con representativas celebridades del mundo de la belleza como Katherine Mayer, Natalie V\u00e9rtiz, Marina Mora, Jimena Espinosa, entre otras.\u00a0<\/p>\n<p>Hay que recordar que en una nota anterior ya hab\u00edamos visto algunos modelos de la nueva colecci\u00f3n \u201cWhy?\u201d, una l\u00ednea optimista, vital y llena de detalles que plasma el esp\u00edritu mediterr\u00e1neo.<\/p>\n<p style=\"text-align: center;\"><img loading=\"lazy\" class=\" size-full wp-image-8095\" src=\"http:\/\/209.133.219.102\/~newunicas\/blog\/wp-content\/uploads\/2015\/03\/1desdes.jpg\" alt=\"\" width=\"650\" height=\"975\" srcset=\"https:\/\/www.unicas.pe\/blog\/wp-content\/uploads\/2015\/03\/1desdes.jpg 650w, https:\/\/www.unicas.pe\/blog\/wp-content\/uploads\/2015\/03\/1desdes-200x300.jpg 200w, https:\/\/www.unicas.pe\/blog\/wp-content\/uploads\/2015\/03\/1desdes-280x420.jpg 280w, https:\/\/www.unicas.pe\/blog\/wp-content\/uploads\/2015\/03\/1desdes-560x840.jpg 560w\" sizes=\"(max-width: 650px) 100vw, 650px\" \/><\/p>\n<p style=\"text-align: center;\"><img loading=\"lazy\" class=\" size-full wp-image-8096\" src=\"http:\/\/209.133.219.102\/~newunicas\/blog\/wp-content\/uploads\/2015\/03\/2desdes.jpg\" alt=\"\" width=\"650\" height=\"975\" srcset=\"https:\/\/www.unicas.pe\/blog\/wp-content\/uploads\/2015\/03\/2desdes.jpg 650w, https:\/\/www.unicas.pe\/blog\/wp-content\/uploads\/2015\/03\/2desdes-200x300.jpg 200w, https:\/\/www.unicas.pe\/blog\/wp-content\/uploads\/2015\/03\/2desdes-280x420.jpg 280w, https:\/\/www.unicas.pe\/blog\/wp-content\/uploads\/2015\/03\/2desdes-560x840.jpg 560w\" sizes=\"(max-width: 650px) 100vw, 650px\" \/><\/p>\n<p style=\"text-align: center;\"><img loading=\"lazy\" class=\" size-full wp-image-8097\" src=\"http:\/\/209.133.219.102\/~newunicas\/blog\/wp-content\/uploads\/2015\/03\/3desdes.jpg\" alt=\"\" width=\"650\" height=\"433\" srcset=\"https:\/\/www.unicas.pe\/blog\/wp-content\/uploads\/2015\/03\/3desdes.jpg 650w, https:\/\/www.unicas.pe\/blog\/wp-content\/uploads\/2015\/03\/3desdes-300x200.jpg 300w, https:\/\/www.unicas.pe\/blog\/wp-content\/uploads\/2015\/03\/3desdes-648x433.jpg 648w, https:\/\/www.unicas.pe\/blog\/wp-content\/uploads\/2015\/03\/3desdes-630x420.jpg 630w\" sizes=\"(max-width: 650px) 100vw, 650px\" \/><\/p>\n","protected":false},"excerpt":{"rendered":"<p>Maple Sam y Vanesa P\u00e9rez del Solar fueron las modelos m\u00e1s representativas de la pasarela Oto\u00f1o Invierno 2015 de Desigual.<\/p>\n","protected":false},"author":1,"featured_media":8095,"comment_status":"closed","ping_status":"open","sticky":false,"template":"","format":"standard","meta":[],"categories":[26],"tags":[103,6062,1866,8332,10706,10710,8488,10707,10709,387,9832,1742,10708,10545],"yoast_head":"<!-- This site is optimized with the Yoast SEO plugin v16.0.2 - https:\/\/yoast.com\/wordpress\/plugins\/seo\/ -->\n<link rel=\"canonical\" href=\"https:\/\/www.unicas.pe\/blog\/coleccion-otono-invierno-2015-desigual\/\" \/>\n<meta property=\"og:locale\" content=\"es_ES\" \/>\n<meta property=\"og:type\" content=\"article\" \/>\n<meta property=\"og:title\" content=\"La Colecci\u00f3n Oto\u00f1o-Invierno de Desigual desfil\u00f3 por la pasarela - Unicas\" \/>\n<meta property=\"og:description\" content=\"Maple Sam y Vanesa P\u00e9rez del Solar fueron las modelos m\u00e1s representativas de la pasarela Oto\u00f1o Invierno 2015 de Desigual.\" \/>\n<meta property=\"og:url\" content=\"https:\/\/www.unicas.pe\/blog\/coleccion-otono-invierno-2015-desigual\/\" \/>\n<meta property=\"og:site_name\" content=\"Unicas\" \/>\n<meta property=\"article:published_time\" content=\"2015-03-11T04:30:25+00:00\" \/>\n<meta property=\"article:modified_time\" content=\"2019-01-11T02:31:00+00:00\" \/>\n<meta property=\"og:image\" content=\"https:\/\/www.unicas.pe\/blog\/wp-content\/uploads\/2015\/03\/1desdes.jpg\" \/>\n\t<meta property=\"og:image:width\" content=\"650\" \/>\n\t<meta property=\"og:image:height\" content=\"975\" \/>\n<meta name=\"twitter:card\" content=\"summary_large_image\" \/>\n<meta name=\"twitter:label1\" content=\"Tiempo de lectura\">\n\t<meta name=\"twitter:data1\" content=\"1 minuto\">\n<script type=\"application\/ld+json\" class=\"yoast-schema-graph\">{\"@context\":\"https:\/\/schema.org\",\"@graph\":[{\"@type\":\"WebSite\",\"@id\":\"https:\/\/www.unicas.pe\/blog\/#website\",\"url\":\"https:\/\/www.unicas.pe\/blog\/\",\"name\":\"Unicas\",\"description\":\"Blog sobre belleza, maquillaje, moda, y mucho m\\u00e1s.\",\"potentialAction\":[{\"@type\":\"SearchAction\",\"target\":\"https:\/\/www.unicas.pe\/blog\/?s={search_term_string}\",\"query-input\":\"required name=search_term_string\"}],\"inLanguage\":\"es\"},{\"@type\":\"ImageObject\",\"@id\":\"https:\/\/www.unicas.pe\/blog\/coleccion-otono-invierno-2015-desigual\/#primaryimage\",\"inLanguage\":\"es\",\"url\":\"https:\/\/www.unicas.pe\/blog\/wp-content\/uploads\/2015\/03\/1desdes.jpg\",\"width\":650,\"height\":975},{\"@type\":\"WebPage\",\"@id\":\"https:\/\/www.unicas.pe\/blog\/coleccion-otono-invierno-2015-desigual\/#webpage\",\"url\":\"https:\/\/www.unicas.pe\/blog\/coleccion-otono-invierno-2015-desigual\/\",\"name\":\"La Colecci\\u00f3n Oto\\u00f1o-Invierno de Desigual desfil\\u00f3 por la pasarela - Unicas\",\"isPartOf\":{\"@id\":\"https:\/\/www.unicas.pe\/blog\/#website\"},\"primaryImageOfPage\":{\"@id\":\"https:\/\/www.unicas.pe\/blog\/coleccion-otono-invierno-2015-desigual\/#primaryimage\"},\"datePublished\":\"2015-03-11T04:30:25+00:00\",\"dateModified\":\"2019-01-11T02:31:00+00:00\",\"author\":{\"@id\":\"https:\/\/www.unicas.pe\/blog\/#\/schema\/person\/60053f595c6d0f3f11ed52a01c961cdb\"},\"breadcrumb\":{\"@id\":\"https:\/\/www.unicas.pe\/blog\/coleccion-otono-invierno-2015-desigual\/#breadcrumb\"},\"inLanguage\":\"es\",\"potentialAction\":[{\"@type\":\"ReadAction\",\"target\":[\"https:\/\/www.unicas.pe\/blog\/coleccion-otono-invierno-2015-desigual\/\"]}]},{\"@type\":\"BreadcrumbList\",\"@id\":\"https:\/\/www.unicas.pe\/blog\/coleccion-otono-invierno-2015-desigual\/#breadcrumb\",\"itemListElement\":[{\"@type\":\"ListItem\",\"position\":1,\"item\":{\"@type\":\"WebPage\",\"@id\":\"https:\/\/www.unicas.pe\/blog\/\",\"url\":\"https:\/\/www.unicas.pe\/blog\/\",\"name\":\"Portada\"}},{\"@type\":\"ListItem\",\"position\":2,\"item\":{\"@type\":\"WebPage\",\"@id\":\"https:\/\/www.unicas.pe\/blog\/coleccion-otono-invierno-2015-desigual\/\",\"url\":\"https:\/\/www.unicas.pe\/blog\/coleccion-otono-invierno-2015-desigual\/\",\"name\":\"La Colecci\\u00f3n Oto\\u00f1o-Invierno de Desigual desfil\\u00f3 por la pasarela\"}}]},{\"@type\":\"Person\",\"@id\":\"https:\/\/www.unicas.pe\/blog\/#\/schema\/person\/60053f595c6d0f3f11ed52a01c961cdb\",\"name\":\"Katty Gora\",\"image\":{\"@type\":\"ImageObject\",\"@id\":\"https:\/\/www.unicas.pe\/blog\/#personlogo\",\"inLanguage\":\"es\",\"url\":\"https:\/\/www.unicas.pe\/blog\/wp-content\/uploads\/2019\/01\/168392_1786370415133_366102_n-150x150.jpg\",\"caption\":\"Katty Gora\"},\"description\":\"Katty is a passionate blogger, diving into different subjects like fashion, trends, styles and news and more. Discover the great insight of a true quality blogger!\"}]}<\/script>\n<!-- \/ Yoast SEO plugin. -->","_links":{"self":[{"href":"https:\/\/www.unicas.pe\/blog\/wp-json\/wp\/v2\/posts\/8098"}],"collection":[{"href":"https:\/\/www.unicas.pe\/blog\/wp-json\/wp\/v2\/posts"}],"about":[{"href":"https:\/\/www.unicas.pe\/blog\/wp-json\/wp\/v2\/types\/post"}],"author":[{"embeddable":true,"href":"https:\/\/www.unicas.pe\/blog\/wp-json\/wp\/v2\/users\/1"}],"replies":[{"embeddable":true,"href":"https:\/\/www.unicas.pe\/blog\/wp-json\/wp\/v2\/comments?post=8098"}],"version-history":[{"count":1,"href":"https:\/\/www.unicas.pe\/blog\/wp-json\/wp\/v2\/posts\/8098\/revisions"}],"predecessor-version":[{"id":9716,"href":"https:\/\/www.unicas.pe\/blog\/wp-json\/wp\/v2\/posts\/8098\/revisions\/9716"}],"wp:featuredmedia":[{"embeddable":true,"href":"https:\/\/www.unicas.pe\/blog\/wp-json\/wp\/v2\/media\/8095"}],"wp:attachment":[{"href":"https:\/\/www.unicas.pe\/blog\/wp-json\/wp\/v2\/media?parent=8098"}],"wp:term":[{"taxonomy":"category","embeddable":true,"href":"https:\/\/www.unicas.pe\/blog\/wp-json\/wp\/v2\/categories?post=8098"},{"taxonomy":"post_tag","embeddable":true,"href":"https:\/\/www.unicas.pe\/blog\/wp-json\/wp\/v2\/tags?post=8098"}],"curies":[{"name":"wp","href":"https:\/\/api.w.org\/{rel}","templated":true}]}}