{"id":824,"date":"2013-10-14T23:16:05","date_gmt":"2013-10-15T04:16:05","guid":{"rendered":"http:\/\/209.133.219.102\/~newunicas\/blog\/2013\/10\/14\/victoria-beckham-nyfw\/"},"modified":"2019-01-10T21:38:07","modified_gmt":"2019-01-11T02:38:07","slug":"victoria-beckham-nyfw","status":"publish","type":"post","link":"https:\/\/www.unicas.pe\/blog\/victoria-beckham-nyfw\/","title":{"rendered":"La nueva colecci\u00f3n de Victoria Beckham presentada en New York Fashion Week"},"content":{"rendered":"<p>La ex-Spice Girl mostr\u00f3 en <strong>Nueva York<\/strong> con onda masculina. El inseparable David Beckham y la peque\u00f1a Harper se mostraron en primera fila.<\/p>\n<p>  <!--more-->  <\/p>\n<p>La promesa se hizo realidad: <strong>Victoria Beckham<\/strong> entreg\u00f3 en su nueva colecci\u00f3n de prendas un estilo mucho m\u00e1s masculino y, durante la <strong>Semana de la Moda de Nueva York<\/strong>, no decepcion\u00f3 a su p\u00fablico, con su hija Harper en primera fila en brazos de su padre David.<\/p>\n<p><span style=\"line-height: 1.3em;\">La famosa \u2018VB\u2019 hizo \u00e9nfasis en su gusto por los pliegues asim\u00e9tricos y delicados en la parte baja de las faldas fluidas y los vestidos ce\u00f1idos al cuerpo.<\/span><\/p>\n<p><img class=\" size-full wp-image-821\" src=\"http:\/\/209.133.219.102\/~newunicas\/blog\/wp-content\/uploads\/2013\/10\/coleccion-victoria-beckham-new-york-fashion-week-01.jpg\" alt=\"\" title=\"La nueva colecci\u00f3n de Victoria Beckham presentada en New York Fashion Week\" width=\"350\" style=\"display: block; margin-left: auto; margin-right: auto;\" srcset=\"https:\/\/www.unicas.pe\/blog\/wp-content\/uploads\/2013\/10\/coleccion-victoria-beckham-new-york-fashion-week-01.jpg 650w, https:\/\/www.unicas.pe\/blog\/wp-content\/uploads\/2013\/10\/coleccion-victoria-beckham-new-york-fashion-week-01-200x300.jpg 200w, https:\/\/www.unicas.pe\/blog\/wp-content\/uploads\/2013\/10\/coleccion-victoria-beckham-new-york-fashion-week-01-280x420.jpg 280w, https:\/\/www.unicas.pe\/blog\/wp-content\/uploads\/2013\/10\/coleccion-victoria-beckham-new-york-fashion-week-01-560x840.jpg 560w\" sizes=\"(max-width: 650px) 100vw, 650px\" \/><\/p>\n<p>Su nueva colecci\u00f3n primavera-verano 2014 ofrece adem\u00e1s modelos con superposiciones y amplitudes novedosas, grandes casacas de hombros redondos sobre pantalones cortos tipo bermudas o largas, con un ligero cuello de cisne sin mangas sobre una camisa blanca amplia.<\/p>\n<p><img class=\" size-full wp-image-822\" src=\"http:\/\/209.133.219.102\/~newunicas\/blog\/wp-content\/uploads\/2013\/10\/coleccion-victoria-beckham-new-york-fashion-week-02.jpg\" alt=\"\" title=\"La nueva colecci\u00f3n de Victoria Beckham presentada en New York Fashion Week\" width=\"350\" style=\"display: block; margin-left: auto; margin-right: auto;\" srcset=\"https:\/\/www.unicas.pe\/blog\/wp-content\/uploads\/2013\/10\/coleccion-victoria-beckham-new-york-fashion-week-02.jpg 650w, https:\/\/www.unicas.pe\/blog\/wp-content\/uploads\/2013\/10\/coleccion-victoria-beckham-new-york-fashion-week-02-219x300.jpg 219w, https:\/\/www.unicas.pe\/blog\/wp-content\/uploads\/2013\/10\/coleccion-victoria-beckham-new-york-fashion-week-02-306x420.jpg 306w, https:\/\/www.unicas.pe\/blog\/wp-content\/uploads\/2013\/10\/coleccion-victoria-beckham-new-york-fashion-week-02-613x840.jpg 613w\" sizes=\"(max-width: 650px) 100vw, 650px\" \/><\/p>\n<p>En esta ocasi\u00f3n, los colores que predominaron su colecci\u00f3n fueron el negro, blanco como bases, adem\u00e1s de incluir un poco de fucsia para integrarle vivacidad en cada modelo presentado.<\/p>\n<p><span style=\"line-height: 1.3em;\">Por si fuera poco, el recinto estuvo abarrotado de comensales que impacientes esperaban la nueva colecci\u00f3n. En esta oportunidad, fueron dos los espectadores que llamaron la atenci\u00f3n de los medios, fot\u00f3grafos y distinguidos directores de modas: David Beckham y la peque\u00f1a Harper de 2 a\u00f1os, quien estuvo saltando en las rodillas de su padre.<\/span><\/p>\n<p><img class=\" size-full wp-image-823\" src=\"http:\/\/209.133.219.102\/~newunicas\/blog\/wp-content\/uploads\/2013\/10\/coleccion-victoria-beckham-new-york-fashion-week-03.jpg\" alt=\"\" title=\"La nueva colecci\u00f3n de Victoria Beckham presentada en New York Fashion Week\" width=\"350\" style=\"display: block; margin-left: auto; margin-right: auto;\" srcset=\"https:\/\/www.unicas.pe\/blog\/wp-content\/uploads\/2013\/10\/coleccion-victoria-beckham-new-york-fashion-week-03.jpg 650w, https:\/\/www.unicas.pe\/blog\/wp-content\/uploads\/2013\/10\/coleccion-victoria-beckham-new-york-fashion-week-03-200x300.jpg 200w, https:\/\/www.unicas.pe\/blog\/wp-content\/uploads\/2013\/10\/coleccion-victoria-beckham-new-york-fashion-week-03-280x420.jpg 280w, https:\/\/www.unicas.pe\/blog\/wp-content\/uploads\/2013\/10\/coleccion-victoria-beckham-new-york-fashion-week-03-560x840.jpg 560w\" sizes=\"(max-width: 650px) 100vw, 650px\" \/><\/p>\n<p>Sin lugar a dudas, una oportunidad de crecer en el mundo de las modas que solo la siempre regia <strong>Victoria Beckham<\/strong> sabe aprovechar.<\/p>\n","protected":false},"excerpt":{"rendered":"<p>La ex-Spice Girl mostr\u00f3 en Nueva York con onda masculina. El inseparable David Beckham y la peque\u00f1a Harper se mostraron en primera fila.<\/p>\n","protected":false},"author":1,"featured_media":821,"comment_status":"closed","ping_status":"open","sticky":false,"template":"","format":"standard","meta":[],"categories":[26],"tags":[1289,85,1292,1291,1290,1288,1293],"yoast_head":"<!-- This site is optimized with the Yoast SEO plugin v16.0.2 - https:\/\/yoast.com\/wordpress\/plugins\/seo\/ -->\n<link rel=\"canonical\" href=\"https:\/\/www.unicas.pe\/blog\/victoria-beckham-nyfw\/\" \/>\n<meta property=\"og:locale\" content=\"es_ES\" \/>\n<meta property=\"og:type\" content=\"article\" \/>\n<meta property=\"og:title\" content=\"La nueva colecci\u00f3n de Victoria Beckham presentada en New York Fashion Week - Unicas\" \/>\n<meta property=\"og:description\" content=\"La ex-Spice Girl mostr\u00f3 en Nueva York con onda masculina. El inseparable David Beckham y la peque\u00f1a Harper se mostraron en primera fila.\" \/>\n<meta property=\"og:url\" content=\"https:\/\/www.unicas.pe\/blog\/victoria-beckham-nyfw\/\" \/>\n<meta property=\"og:site_name\" content=\"Unicas\" \/>\n<meta property=\"article:published_time\" content=\"2013-10-15T04:16:05+00:00\" \/>\n<meta property=\"article:modified_time\" content=\"2019-01-11T02:38:07+00:00\" \/>\n<meta property=\"og:image\" content=\"https:\/\/www.unicas.pe\/blog\/wp-content\/uploads\/2013\/10\/coleccion-victoria-beckham-new-york-fashion-week-01.jpg\" \/>\n\t<meta property=\"og:image:width\" content=\"650\" \/>\n\t<meta property=\"og:image:height\" content=\"975\" \/>\n<meta name=\"twitter:card\" content=\"summary_large_image\" \/>\n<meta name=\"twitter:label1\" content=\"Tiempo de lectura\">\n\t<meta name=\"twitter:data1\" content=\"1 minuto\">\n<script type=\"application\/ld+json\" class=\"yoast-schema-graph\">{\"@context\":\"https:\/\/schema.org\",\"@graph\":[{\"@type\":\"WebSite\",\"@id\":\"https:\/\/www.unicas.pe\/blog\/#website\",\"url\":\"https:\/\/www.unicas.pe\/blog\/\",\"name\":\"Unicas\",\"description\":\"Blog sobre belleza, maquillaje, moda, y mucho m\\u00e1s.\",\"potentialAction\":[{\"@type\":\"SearchAction\",\"target\":\"https:\/\/www.unicas.pe\/blog\/?s={search_term_string}\",\"query-input\":\"required name=search_term_string\"}],\"inLanguage\":\"es\"},{\"@type\":\"ImageObject\",\"@id\":\"https:\/\/www.unicas.pe\/blog\/victoria-beckham-nyfw\/#primaryimage\",\"inLanguage\":\"es\",\"url\":\"https:\/\/www.unicas.pe\/blog\/wp-content\/uploads\/2013\/10\/coleccion-victoria-beckham-new-york-fashion-week-01.jpg\",\"width\":650,\"height\":975,\"caption\":\"La nueva colecci\\u00f3n de Victoria Beckham presentada en New York Fashion Week\"},{\"@type\":\"WebPage\",\"@id\":\"https:\/\/www.unicas.pe\/blog\/victoria-beckham-nyfw\/#webpage\",\"url\":\"https:\/\/www.unicas.pe\/blog\/victoria-beckham-nyfw\/\",\"name\":\"La nueva colecci\\u00f3n de Victoria Beckham presentada en New York Fashion Week - Unicas\",\"isPartOf\":{\"@id\":\"https:\/\/www.unicas.pe\/blog\/#website\"},\"primaryImageOfPage\":{\"@id\":\"https:\/\/www.unicas.pe\/blog\/victoria-beckham-nyfw\/#primaryimage\"},\"datePublished\":\"2013-10-15T04:16:05+00:00\",\"dateModified\":\"2019-01-11T02:38:07+00:00\",\"author\":{\"@id\":\"https:\/\/www.unicas.pe\/blog\/#\/schema\/person\/60053f595c6d0f3f11ed52a01c961cdb\"},\"breadcrumb\":{\"@id\":\"https:\/\/www.unicas.pe\/blog\/victoria-beckham-nyfw\/#breadcrumb\"},\"inLanguage\":\"es\",\"potentialAction\":[{\"@type\":\"ReadAction\",\"target\":[\"https:\/\/www.unicas.pe\/blog\/victoria-beckham-nyfw\/\"]}]},{\"@type\":\"BreadcrumbList\",\"@id\":\"https:\/\/www.unicas.pe\/blog\/victoria-beckham-nyfw\/#breadcrumb\",\"itemListElement\":[{\"@type\":\"ListItem\",\"position\":1,\"item\":{\"@type\":\"WebPage\",\"@id\":\"https:\/\/www.unicas.pe\/blog\/\",\"url\":\"https:\/\/www.unicas.pe\/blog\/\",\"name\":\"Portada\"}},{\"@type\":\"ListItem\",\"position\":2,\"item\":{\"@type\":\"WebPage\",\"@id\":\"https:\/\/www.unicas.pe\/blog\/victoria-beckham-nyfw\/\",\"url\":\"https:\/\/www.unicas.pe\/blog\/victoria-beckham-nyfw\/\",\"name\":\"La nueva colecci\\u00f3n de Victoria Beckham presentada en New York Fashion Week\"}}]},{\"@type\":\"Person\",\"@id\":\"https:\/\/www.unicas.pe\/blog\/#\/schema\/person\/60053f595c6d0f3f11ed52a01c961cdb\",\"name\":\"Katty Gora\",\"image\":{\"@type\":\"ImageObject\",\"@id\":\"https:\/\/www.unicas.pe\/blog\/#personlogo\",\"inLanguage\":\"es\",\"url\":\"https:\/\/www.unicas.pe\/blog\/wp-content\/uploads\/2019\/01\/168392_1786370415133_366102_n-150x150.jpg\",\"caption\":\"Katty Gora\"},\"description\":\"Katty is a passionate blogger, diving into different subjects like fashion, trends, styles and news and more. Discover the great insight of a true quality blogger!\"}]}<\/script>\n<!-- \/ Yoast SEO plugin. -->","_links":{"self":[{"href":"https:\/\/www.unicas.pe\/blog\/wp-json\/wp\/v2\/posts\/824"}],"collection":[{"href":"https:\/\/www.unicas.pe\/blog\/wp-json\/wp\/v2\/posts"}],"about":[{"href":"https:\/\/www.unicas.pe\/blog\/wp-json\/wp\/v2\/types\/post"}],"author":[{"embeddable":true,"href":"https:\/\/www.unicas.pe\/blog\/wp-json\/wp\/v2\/users\/1"}],"replies":[{"embeddable":true,"href":"https:\/\/www.unicas.pe\/blog\/wp-json\/wp\/v2\/comments?post=824"}],"version-history":[{"count":1,"href":"https:\/\/www.unicas.pe\/blog\/wp-json\/wp\/v2\/posts\/824\/revisions"}],"predecessor-version":[{"id":11318,"href":"https:\/\/www.unicas.pe\/blog\/wp-json\/wp\/v2\/posts\/824\/revisions\/11318"}],"wp:featuredmedia":[{"embeddable":true,"href":"https:\/\/www.unicas.pe\/blog\/wp-json\/wp\/v2\/media\/821"}],"wp:attachment":[{"href":"https:\/\/www.unicas.pe\/blog\/wp-json\/wp\/v2\/media?parent=824"}],"wp:term":[{"taxonomy":"category","embeddable":true,"href":"https:\/\/www.unicas.pe\/blog\/wp-json\/wp\/v2\/categories?post=824"},{"taxonomy":"post_tag","embeddable":true,"href":"https:\/\/www.unicas.pe\/blog\/wp-json\/wp\/v2\/tags?post=824"}],"curies":[{"name":"wp","href":"https:\/\/api.w.org\/{rel}","templated":true}]}}