{"id":832,"date":"2013-10-14T23:54:36","date_gmt":"2013-10-15T04:54:36","guid":{"rendered":"http:\/\/209.133.219.102\/~newunicas\/blog\/2013\/10\/14\/peruanas-madrid-fashion-week\/"},"modified":"2019-01-10T21:38:07","modified_gmt":"2019-01-11T02:38:07","slug":"peruanas-madrid-fashion-week","status":"publish","type":"post","link":"https:\/\/www.unicas.pe\/blog\/peruanas-madrid-fashion-week\/","title":{"rendered":"Dise\u00f1adoras peruanas exhibieron polleras en Madrid Fashion Week"},"content":{"rendered":"<p>Meche Correa, Jessica Butrich y Sitka Semsch fueron las tres dise\u00f1adoras peruanas que brillaron durante la edici\u00f3n 58 de <strong>Madrid Fashion Week<\/strong><\/p>\n<p>  <!--more-->  <\/p>\n<p>Han causado furor hasta en las salas de prensa: por primera vez una feria de moda internacional tuvo como invitado a un pa\u00eds extranjero, y qu\u00e9 mejor de ser Per\u00fa elegido. Madrid Fashion Week, obtuvo su brillo gracias a la presencia de Meche Correa, Jessica Butrich y Sitka Semsch, las tres peruanas representantes.<\/p>\n<p><img class=\" size-full wp-image-825\" src=\"http:\/\/209.133.219.102\/~newunicas\/blog\/wp-content\/uploads\/2013\/10\/diseadoras-peruanas-polleras-madrid-fashion-week-1.jpg\" alt=\"\" title=\"Dise\u00f1adoras peruanas exhibieron polleras en Madrid Fashion Week\" width=\"600\" style=\"display: block; margin-left: auto; margin-right: auto;\" srcset=\"https:\/\/www.unicas.pe\/blog\/wp-content\/uploads\/2013\/10\/diseadoras-peruanas-polleras-madrid-fashion-week-1.jpg 1920w, https:\/\/www.unicas.pe\/blog\/wp-content\/uploads\/2013\/10\/diseadoras-peruanas-polleras-madrid-fashion-week-1-300x169.jpg 300w, https:\/\/www.unicas.pe\/blog\/wp-content\/uploads\/2013\/10\/diseadoras-peruanas-polleras-madrid-fashion-week-1-768x432.jpg 768w, https:\/\/www.unicas.pe\/blog\/wp-content\/uploads\/2013\/10\/diseadoras-peruanas-polleras-madrid-fashion-week-1-1024x576.jpg 1024w, https:\/\/www.unicas.pe\/blog\/wp-content\/uploads\/2013\/10\/diseadoras-peruanas-polleras-madrid-fashion-week-1-696x392.jpg 696w, https:\/\/www.unicas.pe\/blog\/wp-content\/uploads\/2013\/10\/diseadoras-peruanas-polleras-madrid-fashion-week-1-1392x783.jpg 1392w, https:\/\/www.unicas.pe\/blog\/wp-content\/uploads\/2013\/10\/diseadoras-peruanas-polleras-madrid-fashion-week-1-1068x601.jpg 1068w, https:\/\/www.unicas.pe\/blog\/wp-content\/uploads\/2013\/10\/diseadoras-peruanas-polleras-madrid-fashion-week-1-747x420.jpg 747w, https:\/\/www.unicas.pe\/blog\/wp-content\/uploads\/2013\/10\/diseadoras-peruanas-polleras-madrid-fashion-week-1-1493x840.jpg 1493w\" sizes=\"(max-width: 1920px) 100vw, 1920px\" \/>\u00a0<\/p>\n<p>Nuria de Miguel, jefa de prensa de la Instituci\u00f3n Ferial de Madrid (Ifema) y organizadora del desfile madrile\u00f1o anunci\u00f3 en abril que \u201cla selecci\u00f3n de estas representantes no fue al azar. A Meche Correa la eligieron por ser muy representativa de la cultura peruana; a Sitka Semsch, por ser una de las m\u00e1s experimentadas; y a Jessica Butrich, por ser una propuesta joven\u201d, sentenci\u00f3.<\/p>\n<p>Patrocinadas por Prom-Per\u00fa, las dise\u00f1adoras peruanas llegaron cargadas de sus colecciones para impresionar a fashionistas y compradores.<\/p>\n<p><span style=\"line-height: 1.3em;\">Pero las reinas fueron las polleras bordadas a mano y otras pintadas que brillaron con imponencia. Dotadas de pinceladas blancas sobre tul negro y otra pollera en beige y rojo, dejaron boquiabiertos a m\u00e1s de uno, que conocieron los famosos bordados de Huancayo.<\/span><\/p>\n<p><img class=\" size-full wp-image-826\" src=\"http:\/\/209.133.219.102\/~newunicas\/blog\/wp-content\/uploads\/2013\/10\/diseadoras-peruanas-polleras-madrid-fashion-week-02.jpg\" alt=\"\" title=\"Dise\u00f1adoras peruanas exhibieron polleras en Madrid Fashion Week\" width=\"350\" style=\"display: block; margin-left: auto; margin-right: auto;\" srcset=\"https:\/\/www.unicas.pe\/blog\/wp-content\/uploads\/2013\/10\/diseadoras-peruanas-polleras-madrid-fashion-week-02.jpg 650w, https:\/\/www.unicas.pe\/blog\/wp-content\/uploads\/2013\/10\/diseadoras-peruanas-polleras-madrid-fashion-week-02-228x300.jpg 228w, https:\/\/www.unicas.pe\/blog\/wp-content\/uploads\/2013\/10\/diseadoras-peruanas-polleras-madrid-fashion-week-02-320x420.jpg 320w, https:\/\/www.unicas.pe\/blog\/wp-content\/uploads\/2013\/10\/diseadoras-peruanas-polleras-madrid-fashion-week-02-639x840.jpg 639w\" sizes=\"(max-width: 650px) 100vw, 650px\" \/>\u00a0<\/p>\n<p>Los tonos predominantes fueron el rojo, cereza, salm\u00f3n y rosa, representantes de los c\u00e1lidos. El blanco, negro y verde agua sacaron pecho por los tonos fr\u00edos.<\/p>\n<p>Ya llegado el final del desfile del <strong>Madrid Fashion Week<\/strong>, \u00c1gatha Ruiz de la Prada, una de las eminencias presentes en el evento, felicit\u00f3 a las peruanas, mientras que los compradores y prensa especializada mataban por hablar con ellas.<\/p>\n<p>\u00a0<img class=\" size-full wp-image-827\" src=\"http:\/\/209.133.219.102\/~newunicas\/blog\/wp-content\/uploads\/2013\/10\/diseadoras-peruanas-polleras-madrid-fashion-week-03.jpg\" alt=\"\" title=\"Dise\u00f1adoras peruanas exhibieron polleras en Madrid Fashion Week\" width=\"600\" style=\"display: block; margin-left: auto; margin-right: auto;\" srcset=\"https:\/\/www.unicas.pe\/blog\/wp-content\/uploads\/2013\/10\/diseadoras-peruanas-polleras-madrid-fashion-week-03.jpg 1920w, https:\/\/www.unicas.pe\/blog\/wp-content\/uploads\/2013\/10\/diseadoras-peruanas-polleras-madrid-fashion-week-03-300x169.jpg 300w, https:\/\/www.unicas.pe\/blog\/wp-content\/uploads\/2013\/10\/diseadoras-peruanas-polleras-madrid-fashion-week-03-768x432.jpg 768w, https:\/\/www.unicas.pe\/blog\/wp-content\/uploads\/2013\/10\/diseadoras-peruanas-polleras-madrid-fashion-week-03-1024x576.jpg 1024w, https:\/\/www.unicas.pe\/blog\/wp-content\/uploads\/2013\/10\/diseadoras-peruanas-polleras-madrid-fashion-week-03-696x392.jpg 696w, https:\/\/www.unicas.pe\/blog\/wp-content\/uploads\/2013\/10\/diseadoras-peruanas-polleras-madrid-fashion-week-03-1392x783.jpg 1392w, https:\/\/www.unicas.pe\/blog\/wp-content\/uploads\/2013\/10\/diseadoras-peruanas-polleras-madrid-fashion-week-03-1068x601.jpg 1068w, https:\/\/www.unicas.pe\/blog\/wp-content\/uploads\/2013\/10\/diseadoras-peruanas-polleras-madrid-fashion-week-03-747x420.jpg 747w, https:\/\/www.unicas.pe\/blog\/wp-content\/uploads\/2013\/10\/diseadoras-peruanas-polleras-madrid-fashion-week-03-1493x840.jpg 1493w\" sizes=\"(max-width: 1920px) 100vw, 1920px\" \/><\/p>\n<p>\u00a0<img class=\" size-full wp-image-828\" src=\"http:\/\/209.133.219.102\/~newunicas\/blog\/wp-content\/uploads\/2013\/10\/diseadoras-peruanas-polleras-madrid-fashion-week-04.jpg\" alt=\"\" title=\"Dise\u00f1adoras peruanas exhibieron polleras en Madrid Fashion Week\" width=\"600\" style=\"display: block; margin-left: auto; margin-right: auto;\" srcset=\"https:\/\/www.unicas.pe\/blog\/wp-content\/uploads\/2013\/10\/diseadoras-peruanas-polleras-madrid-fashion-week-04.jpg 1600w, https:\/\/www.unicas.pe\/blog\/wp-content\/uploads\/2013\/10\/diseadoras-peruanas-polleras-madrid-fashion-week-04-300x200.jpg 300w, https:\/\/www.unicas.pe\/blog\/wp-content\/uploads\/2013\/10\/diseadoras-peruanas-polleras-madrid-fashion-week-04-768x512.jpg 768w, https:\/\/www.unicas.pe\/blog\/wp-content\/uploads\/2013\/10\/diseadoras-peruanas-polleras-madrid-fashion-week-04-1024x683.jpg 1024w, https:\/\/www.unicas.pe\/blog\/wp-content\/uploads\/2013\/10\/diseadoras-peruanas-polleras-madrid-fashion-week-04-696x464.jpg 696w, https:\/\/www.unicas.pe\/blog\/wp-content\/uploads\/2013\/10\/diseadoras-peruanas-polleras-madrid-fashion-week-04-1392x928.jpg 1392w, https:\/\/www.unicas.pe\/blog\/wp-content\/uploads\/2013\/10\/diseadoras-peruanas-polleras-madrid-fashion-week-04-1068x712.jpg 1068w, https:\/\/www.unicas.pe\/blog\/wp-content\/uploads\/2013\/10\/diseadoras-peruanas-polleras-madrid-fashion-week-04-630x420.jpg 630w, https:\/\/www.unicas.pe\/blog\/wp-content\/uploads\/2013\/10\/diseadoras-peruanas-polleras-madrid-fashion-week-04-1260x840.jpg 1260w\" sizes=\"(max-width: 1600px) 100vw, 1600px\" \/><\/p>\n<p>\u00a0<img class=\" size-full wp-image-829\" src=\"http:\/\/209.133.219.102\/~newunicas\/blog\/wp-content\/uploads\/2013\/10\/diseadoras-peruanas-polleras-madrid-fashion-week-05.JPG\" alt=\"\" title=\"Dise\u00f1adoras peruanas exhibieron polleras en Madrid Fashion Week\" width=\"350\" style=\"display: block; margin-left: auto; margin-right: auto;\" srcset=\"https:\/\/www.unicas.pe\/blog\/wp-content\/uploads\/2013\/10\/diseadoras-peruanas-polleras-madrid-fashion-week-05.JPG 1195w, https:\/\/www.unicas.pe\/blog\/wp-content\/uploads\/2013\/10\/diseadoras-peruanas-polleras-madrid-fashion-week-05-224x300.jpg 224w, https:\/\/www.unicas.pe\/blog\/wp-content\/uploads\/2013\/10\/diseadoras-peruanas-polleras-madrid-fashion-week-05-768x1028.jpg 768w, https:\/\/www.unicas.pe\/blog\/wp-content\/uploads\/2013\/10\/diseadoras-peruanas-polleras-madrid-fashion-week-05-765x1024.jpg 765w, https:\/\/www.unicas.pe\/blog\/wp-content\/uploads\/2013\/10\/diseadoras-peruanas-polleras-madrid-fashion-week-05-696x932.jpg 696w, https:\/\/www.unicas.pe\/blog\/wp-content\/uploads\/2013\/10\/diseadoras-peruanas-polleras-madrid-fashion-week-05-1068x1430.jpg 1068w, https:\/\/www.unicas.pe\/blog\/wp-content\/uploads\/2013\/10\/diseadoras-peruanas-polleras-madrid-fashion-week-05-314x420.jpg 314w, https:\/\/www.unicas.pe\/blog\/wp-content\/uploads\/2013\/10\/diseadoras-peruanas-polleras-madrid-fashion-week-05-627x840.jpg 627w\" sizes=\"(max-width: 1195px) 100vw, 1195px\" \/><\/p>\n<p>\u00a0<img class=\" size-full wp-image-830\" src=\"http:\/\/209.133.219.102\/~newunicas\/blog\/wp-content\/uploads\/2013\/10\/diseadoras-peruanas-polleras-madrid-fashion-week-06.jpg\" alt=\"\" title=\"Dise\u00f1adoras peruanas exhibieron polleras en Madrid Fashion Week\" width=\"600\" style=\"display: block; margin-left: auto; margin-right: auto;\" srcset=\"https:\/\/www.unicas.pe\/blog\/wp-content\/uploads\/2013\/10\/diseadoras-peruanas-polleras-madrid-fashion-week-06.jpg 1024w, https:\/\/www.unicas.pe\/blog\/wp-content\/uploads\/2013\/10\/diseadoras-peruanas-polleras-madrid-fashion-week-06-300x225.jpg 300w, https:\/\/www.unicas.pe\/blog\/wp-content\/uploads\/2013\/10\/diseadoras-peruanas-polleras-madrid-fashion-week-06-768x576.jpg 768w, https:\/\/www.unicas.pe\/blog\/wp-content\/uploads\/2013\/10\/diseadoras-peruanas-polleras-madrid-fashion-week-06-80x60.jpg 80w, https:\/\/www.unicas.pe\/blog\/wp-content\/uploads\/2013\/10\/diseadoras-peruanas-polleras-madrid-fashion-week-06-160x120.jpg 160w, https:\/\/www.unicas.pe\/blog\/wp-content\/uploads\/2013\/10\/diseadoras-peruanas-polleras-madrid-fashion-week-06-265x198.jpg 265w, https:\/\/www.unicas.pe\/blog\/wp-content\/uploads\/2013\/10\/diseadoras-peruanas-polleras-madrid-fashion-week-06-696x522.jpg 696w, https:\/\/www.unicas.pe\/blog\/wp-content\/uploads\/2013\/10\/diseadoras-peruanas-polleras-madrid-fashion-week-06-560x420.jpg 560w\" sizes=\"(max-width: 1024px) 100vw, 1024px\" \/><\/p>\n<p>\u00a0<img class=\" size-full wp-image-831\" src=\"http:\/\/209.133.219.102\/~newunicas\/blog\/wp-content\/uploads\/2013\/10\/diseadoras-peruanas-polleras-madrid-fashion-week-07.JPG\" alt=\"\" title=\"Dise\u00f1adoras peruanas exhibieron polleras en Madrid Fashion Week\" width=\"350\" style=\"display: block; margin-left: auto; margin-right: auto;\" srcset=\"https:\/\/www.unicas.pe\/blog\/wp-content\/uploads\/2013\/10\/diseadoras-peruanas-polleras-madrid-fashion-week-07.JPG 1195w, https:\/\/www.unicas.pe\/blog\/wp-content\/uploads\/2013\/10\/diseadoras-peruanas-polleras-madrid-fashion-week-07-224x300.jpg 224w, https:\/\/www.unicas.pe\/blog\/wp-content\/uploads\/2013\/10\/diseadoras-peruanas-polleras-madrid-fashion-week-07-768x1028.jpg 768w, https:\/\/www.unicas.pe\/blog\/wp-content\/uploads\/2013\/10\/diseadoras-peruanas-polleras-madrid-fashion-week-07-765x1024.jpg 765w, https:\/\/www.unicas.pe\/blog\/wp-content\/uploads\/2013\/10\/diseadoras-peruanas-polleras-madrid-fashion-week-07-696x932.jpg 696w, https:\/\/www.unicas.pe\/blog\/wp-content\/uploads\/2013\/10\/diseadoras-peruanas-polleras-madrid-fashion-week-07-1068x1430.jpg 1068w, https:\/\/www.unicas.pe\/blog\/wp-content\/uploads\/2013\/10\/diseadoras-peruanas-polleras-madrid-fashion-week-07-314x420.jpg 314w, https:\/\/www.unicas.pe\/blog\/wp-content\/uploads\/2013\/10\/diseadoras-peruanas-polleras-madrid-fashion-week-07-627x840.jpg 627w\" sizes=\"(max-width: 1195px) 100vw, 1195px\" \/><\/p>\n","protected":false},"excerpt":{"rendered":"<p>Meche Correa, Jessica Butrich y Sitka Semsch fueron las tres dise\u00f1adoras peruanas que brillaron durante la edici\u00f3n 58 de Madrid Fashion Week<\/p>\n","protected":false},"author":1,"featured_media":825,"comment_status":"closed","ping_status":"open","sticky":false,"template":"","format":"standard","meta":[],"categories":[26],"tags":[85,1296,1294,1295,291,720,1297,1293],"yoast_head":"<!-- This site is optimized with the Yoast SEO plugin v16.0.2 - https:\/\/yoast.com\/wordpress\/plugins\/seo\/ -->\n<link rel=\"canonical\" href=\"https:\/\/www.unicas.pe\/blog\/peruanas-madrid-fashion-week\/\" \/>\n<meta property=\"og:locale\" content=\"es_ES\" \/>\n<meta property=\"og:type\" content=\"article\" \/>\n<meta property=\"og:title\" content=\"Dise\u00f1adoras peruanas exhibieron polleras en Madrid Fashion Week - Unicas\" \/>\n<meta property=\"og:description\" content=\"Meche Correa, Jessica Butrich y Sitka Semsch fueron las tres dise\u00f1adoras peruanas que brillaron durante la edici\u00f3n 58 de Madrid Fashion Week\" \/>\n<meta property=\"og:url\" content=\"https:\/\/www.unicas.pe\/blog\/peruanas-madrid-fashion-week\/\" \/>\n<meta property=\"og:site_name\" content=\"Unicas\" \/>\n<meta property=\"article:published_time\" content=\"2013-10-15T04:54:36+00:00\" \/>\n<meta property=\"article:modified_time\" content=\"2019-01-11T02:38:07+00:00\" \/>\n<meta property=\"og:image\" content=\"https:\/\/www.unicas.pe\/blog\/wp-content\/uploads\/2013\/10\/diseadoras-peruanas-polleras-madrid-fashion-week-1.jpg\" \/>\n\t<meta property=\"og:image:width\" content=\"1920\" \/>\n\t<meta property=\"og:image:height\" content=\"1080\" \/>\n<meta name=\"twitter:card\" content=\"summary_large_image\" \/>\n<meta name=\"twitter:label1\" content=\"Tiempo de lectura\">\n\t<meta name=\"twitter:data1\" content=\"1 minuto\">\n<script type=\"application\/ld+json\" class=\"yoast-schema-graph\">{\"@context\":\"https:\/\/schema.org\",\"@graph\":[{\"@type\":\"WebSite\",\"@id\":\"https:\/\/www.unicas.pe\/blog\/#website\",\"url\":\"https:\/\/www.unicas.pe\/blog\/\",\"name\":\"Unicas\",\"description\":\"Blog sobre belleza, maquillaje, moda, y mucho m\\u00e1s.\",\"potentialAction\":[{\"@type\":\"SearchAction\",\"target\":\"https:\/\/www.unicas.pe\/blog\/?s={search_term_string}\",\"query-input\":\"required name=search_term_string\"}],\"inLanguage\":\"es\"},{\"@type\":\"ImageObject\",\"@id\":\"https:\/\/www.unicas.pe\/blog\/peruanas-madrid-fashion-week\/#primaryimage\",\"inLanguage\":\"es\",\"url\":\"https:\/\/www.unicas.pe\/blog\/wp-content\/uploads\/2013\/10\/diseadoras-peruanas-polleras-madrid-fashion-week-1.jpg\",\"width\":1920,\"height\":1080,\"caption\":\"Dise\\u00f1adoras peruanas exhibieron polleras en Madrid Fashion Week\"},{\"@type\":\"WebPage\",\"@id\":\"https:\/\/www.unicas.pe\/blog\/peruanas-madrid-fashion-week\/#webpage\",\"url\":\"https:\/\/www.unicas.pe\/blog\/peruanas-madrid-fashion-week\/\",\"name\":\"Dise\\u00f1adoras peruanas exhibieron polleras en Madrid Fashion Week - Unicas\",\"isPartOf\":{\"@id\":\"https:\/\/www.unicas.pe\/blog\/#website\"},\"primaryImageOfPage\":{\"@id\":\"https:\/\/www.unicas.pe\/blog\/peruanas-madrid-fashion-week\/#primaryimage\"},\"datePublished\":\"2013-10-15T04:54:36+00:00\",\"dateModified\":\"2019-01-11T02:38:07+00:00\",\"author\":{\"@id\":\"https:\/\/www.unicas.pe\/blog\/#\/schema\/person\/60053f595c6d0f3f11ed52a01c961cdb\"},\"breadcrumb\":{\"@id\":\"https:\/\/www.unicas.pe\/blog\/peruanas-madrid-fashion-week\/#breadcrumb\"},\"inLanguage\":\"es\",\"potentialAction\":[{\"@type\":\"ReadAction\",\"target\":[\"https:\/\/www.unicas.pe\/blog\/peruanas-madrid-fashion-week\/\"]}]},{\"@type\":\"BreadcrumbList\",\"@id\":\"https:\/\/www.unicas.pe\/blog\/peruanas-madrid-fashion-week\/#breadcrumb\",\"itemListElement\":[{\"@type\":\"ListItem\",\"position\":1,\"item\":{\"@type\":\"WebPage\",\"@id\":\"https:\/\/www.unicas.pe\/blog\/\",\"url\":\"https:\/\/www.unicas.pe\/blog\/\",\"name\":\"Portada\"}},{\"@type\":\"ListItem\",\"position\":2,\"item\":{\"@type\":\"WebPage\",\"@id\":\"https:\/\/www.unicas.pe\/blog\/peruanas-madrid-fashion-week\/\",\"url\":\"https:\/\/www.unicas.pe\/blog\/peruanas-madrid-fashion-week\/\",\"name\":\"Dise\\u00f1adoras peruanas exhibieron polleras en Madrid Fashion Week\"}}]},{\"@type\":\"Person\",\"@id\":\"https:\/\/www.unicas.pe\/blog\/#\/schema\/person\/60053f595c6d0f3f11ed52a01c961cdb\",\"name\":\"Katty Gora\",\"image\":{\"@type\":\"ImageObject\",\"@id\":\"https:\/\/www.unicas.pe\/blog\/#personlogo\",\"inLanguage\":\"es\",\"url\":\"https:\/\/www.unicas.pe\/blog\/wp-content\/uploads\/2019\/01\/168392_1786370415133_366102_n-150x150.jpg\",\"caption\":\"Katty Gora\"},\"description\":\"Katty is a passionate blogger, diving into different subjects like fashion, trends, styles and news and more. Discover the great insight of a true quality blogger!\"}]}<\/script>\n<!-- \/ Yoast SEO plugin. -->","_links":{"self":[{"href":"https:\/\/www.unicas.pe\/blog\/wp-json\/wp\/v2\/posts\/832"}],"collection":[{"href":"https:\/\/www.unicas.pe\/blog\/wp-json\/wp\/v2\/posts"}],"about":[{"href":"https:\/\/www.unicas.pe\/blog\/wp-json\/wp\/v2\/types\/post"}],"author":[{"embeddable":true,"href":"https:\/\/www.unicas.pe\/blog\/wp-json\/wp\/v2\/users\/1"}],"replies":[{"embeddable":true,"href":"https:\/\/www.unicas.pe\/blog\/wp-json\/wp\/v2\/comments?post=832"}],"version-history":[{"count":1,"href":"https:\/\/www.unicas.pe\/blog\/wp-json\/wp\/v2\/posts\/832\/revisions"}],"predecessor-version":[{"id":11317,"href":"https:\/\/www.unicas.pe\/blog\/wp-json\/wp\/v2\/posts\/832\/revisions\/11317"}],"wp:featuredmedia":[{"embeddable":true,"href":"https:\/\/www.unicas.pe\/blog\/wp-json\/wp\/v2\/media\/825"}],"wp:attachment":[{"href":"https:\/\/www.unicas.pe\/blog\/wp-json\/wp\/v2\/media?parent=832"}],"wp:term":[{"taxonomy":"category","embeddable":true,"href":"https:\/\/www.unicas.pe\/blog\/wp-json\/wp\/v2\/categories?post=832"},{"taxonomy":"post_tag","embeddable":true,"href":"https:\/\/www.unicas.pe\/blog\/wp-json\/wp\/v2\/tags?post=832"}],"curies":[{"name":"wp","href":"https:\/\/api.w.org\/{rel}","templated":true}]}}